{"id":236778,"date":"2024-11-29T14:00:34","date_gmt":"2024-11-29T20:00:34","guid":{"rendered":"https:\/\/laredsocial-noticias.com\/wp\/?p=236778"},"modified":"2024-11-30T22:19:19","modified_gmt":"2024-12-01T04:19:19","slug":"explota-polvorin-en-amecameca-hay-un-muerto","status":"publish","type":"post","link":"https:\/\/laredsocial-noticias.com\/wp\/explota-polvorin-en-amecameca-hay-un-muerto\/","title":{"rendered":"Explota polvor\u00edn en Amecameca; hay un muerto"},"content":{"rendered":"<p>Un artesano falleci\u00f3 y otro result\u00f3 herido tras la explosi\u00f3n de un taller de pirotecnia registrada la tarde noche del jueves en Amecameca, Estado de M\u00e9xico.<\/p>\n<p>De acuerdo con informaci\u00f3n proporcionada por Protecci\u00f3n Civil estatal y la polic\u00eda mexiquense, el accidente ocurri\u00f3 mientras dos hombres, identificados como Sergio N, de 41 a\u00f1os, y Braulio N, de 48 a\u00f1os, se encontraban en el polvor\u00edn.<\/p>\n<p>Seg\u00fan<em>\u00a0La Jornada<\/em>, Sergio N, vecino del barrio Tepollo, relat\u00f3 a las autoridades que la explosi\u00f3n sucedi\u00f3 justo despu\u00e9s de haber concluido su jornada laboral. El testigo, quien sufri\u00f3 quemaduras en manos y espalda, afirm\u00f3 desconocer las causas del incidente.<\/p>\n<div data-mrf-experience=\"IL_3MQJ30ylTF2g1qbrvrh4bg\"><\/div>\n<p>Por su parte, Braulio N present\u00f3 quemaduras graves en todo el cuerpo, por lo que fue atendido por param\u00e9dicos de Protecci\u00f3n Civil de Amecameca. Fue trasladado al hospital Valent\u00edn G\u00f3mez Far\u00edas en la ambulancia n\u00famero 9352.<\/p>\n<p>Se inform\u00f3 que el estado de salud de Braulio, era de gravedad. Cuando llegaron al nosocomio ubicado en Zentlalpan, la v\u00edctima ya hab\u00eda fallecido.<\/p>\n<p>La Fiscal\u00eda General de Justicia abri\u00f3 una investigaci\u00f3n para determinar las causas y circunstancias de la explosi\u00f3n de material pirot\u00e9cnico.<\/p>\n<p>Elementos de Seguridad P\u00fablica Municipal, Polic\u00eda Estatal y Guardia Nacional permanecieron en el sitio para resguardar el taller controlado y vigilado por la Secretar\u00eda de la Defensa Nacional (Sedena) y el Instituto Mexiquense de la Pirotecnia<\/p>\n<p>En redes sociales, la alcaldesa Ivette Topete expres\u00f3 sus condolencias a la familia afectada y lament\u00f3 el incidente, destacando que la pirotecnia es una actividad com\u00fan en la regi\u00f3n. Tambi\u00e9n exhort\u00f3 a la ciudadan\u00eda a seguir las recomendaciones de seguridad emitidas por las autoridades.<\/p>\n<p>\u201cLa seguridad de nuestros ciudadanos es nuestra prioridad. Seguiremos trabajando con los servicios de emergencia para prevenir estos incidentes en el futuro\u201d, se\u00f1al\u00f3.<\/p>\n","protected":false},"excerpt":{"rendered":"<p>Un artesano falleci\u00f3 y otro result\u00f3 herido tras la explosi\u00f3n de un taller de pirotecnia registrada la tarde noche del&#8230;<\/p>\n","protected":false},"author":1,"featured_media":236780,"comment_status":"open","ping_status":"closed","sticky":false,"template":"","format":"standard","meta":{"footnotes":""},"categories":[91,6026],"tags":[261,1469,4959,77],"class_list":["post-236778","post","type-post","status-publish","format-standard","has-post-thumbnail","hentry","category-cdmx","category-portada","tag-cdmx","tag-ciudad-de-mexico","tag-featured","tag-principal"],"yoast_head":"<!-- This site is optimized with the Yoast SEO plugin v26.5 - https:\/\/yoast.com\/wordpress\/plugins\/seo\/ -->\n<title>Explota polvor\u00edn en Amecameca; hay un muerto - NOTICIAS<\/title>\n<meta name=\"robots\" content=\"index, follow, max-snippet:-1, max-image-preview:large, max-video-preview:-1\" \/>\n<link rel=\"canonical\" href=\"https:\/\/laredsocial-noticias.com\/wp\/explota-polvorin-en-amecameca-hay-un-muerto\/\" \/>\n<meta property=\"og:locale\" content=\"es_ES\" \/>\n<meta property=\"og:type\" content=\"article\" \/>\n<meta property=\"og:title\" content=\"Explota polvor\u00edn en Amecameca; hay un muerto - NOTICIAS\" \/>\n<meta property=\"og:description\" content=\"Un artesano falleci\u00f3 y otro result\u00f3 herido tras la explosi\u00f3n de un taller de pirotecnia registrada la tarde noche del...\" \/>\n<meta property=\"og:url\" content=\"https:\/\/laredsocial-noticias.com\/wp\/explota-polvorin-en-amecameca-hay-un-muerto\/\" \/>\n<meta property=\"og:site_name\" content=\"NOTICIAS\" \/>\n<meta property=\"article:published_time\" content=\"2024-11-29T20:00:34+00:00\" \/>\n<meta property=\"article:modified_time\" content=\"2024-12-01T04:19:19+00:00\" \/>\n<meta name=\"author\" content=\"Editor en Jefe\" \/>\n<meta name=\"twitter:card\" content=\"summary_large_image\" \/>\n<meta name=\"twitter:label1\" content=\"Escrito por\" \/>\n\t<meta name=\"twitter:data1\" content=\"Editor en Jefe\" \/>\n\t<meta name=\"twitter:label2\" content=\"Tiempo de lectura\" \/>\n\t<meta name=\"twitter:data2\" content=\"2 minutos\" \/>\n<!-- \/ Yoast SEO plugin. -->","yoast_head_json":{"title":"Explota polvor\u00edn en Amecameca; hay un muerto - NOTICIAS","robots":{"index":"index","follow":"follow","max-snippet":"max-snippet:-1","max-image-preview":"max-image-preview:large","max-video-preview":"max-video-preview:-1"},"canonical":"https:\/\/laredsocial-noticias.com\/wp\/explota-polvorin-en-amecameca-hay-un-muerto\/","og_locale":"es_ES","og_type":"article","og_title":"Explota polvor\u00edn en Amecameca; hay un muerto - NOTICIAS","og_description":"Un artesano falleci\u00f3 y otro result\u00f3 herido tras la explosi\u00f3n de un taller de pirotecnia registrada la tarde noche del...","og_url":"https:\/\/laredsocial-noticias.com\/wp\/explota-polvorin-en-amecameca-hay-un-muerto\/","og_site_name":"NOTICIAS","article_published_time":"2024-11-29T20:00:34+00:00","article_modified_time":"2024-12-01T04:19:19+00:00","author":"Editor en Jefe","twitter_card":"summary_large_image","twitter_misc":{"Escrito por":"Editor en Jefe","Tiempo de lectura":"2 minutos"},"schema":{"@context":"https:\/\/schema.org","@graph":[{"@type":"WebPage","@id":"https:\/\/laredsocial-noticias.com\/wp\/explota-polvorin-en-amecameca-hay-un-muerto\/","url":"https:\/\/laredsocial-noticias.com\/wp\/explota-polvorin-en-amecameca-hay-un-muerto\/","name":"Explota polvor\u00edn en Amecameca; hay un muerto - NOTICIAS","isPartOf":{"@id":"https:\/\/laredsocial-noticias.com\/wp\/#website"},"primaryImageOfPage":{"@id":"https:\/\/laredsocial-noticias.com\/wp\/explota-polvorin-en-amecameca-hay-un-muerto\/#primaryimage"},"image":{"@id":"https:\/\/laredsocial-noticias.com\/wp\/explota-polvorin-en-amecameca-hay-un-muerto\/#primaryimage"},"thumbnailUrl":"https:\/\/laredsocial-noticias.com\/wp\/wp-content\/uploads\/2024\/11\/explota_polvorin_en_amecameca_hay_un_muerto.png","datePublished":"2024-11-29T20:00:34+00:00","dateModified":"2024-12-01T04:19:19+00:00","author":{"@id":"https:\/\/laredsocial-noticias.com\/wp\/#\/schema\/person\/0ce78643f2de7aae6f6ef10e8453a6e0"},"breadcrumb":{"@id":"https:\/\/laredsocial-noticias.com\/wp\/explota-polvorin-en-amecameca-hay-un-muerto\/#breadcrumb"},"inLanguage":"es","potentialAction":[{"@type":"ReadAction","target":["https:\/\/laredsocial-noticias.com\/wp\/explota-polvorin-en-amecameca-hay-un-muerto\/"]}]},{"@type":"ImageObject","inLanguage":"es","@id":"https:\/\/laredsocial-noticias.com\/wp\/explota-polvorin-en-amecameca-hay-un-muerto\/#primaryimage","url":"https:\/\/laredsocial-noticias.com\/wp\/wp-content\/uploads\/2024\/11\/explota_polvorin_en_amecameca_hay_un_muerto.png","contentUrl":"https:\/\/laredsocial-noticias.com\/wp\/wp-content\/uploads\/2024\/11\/explota_polvorin_en_amecameca_hay_un_muerto.png","width":770,"height":404},{"@type":"BreadcrumbList","@id":"https:\/\/laredsocial-noticias.com\/wp\/explota-polvorin-en-amecameca-hay-un-muerto\/#breadcrumb","itemListElement":[{"@type":"ListItem","position":1,"name":"Portada","item":"https:\/\/laredsocial-noticias.com\/wp\/"},{"@type":"ListItem","position":2,"name":"Explota polvor\u00edn en Amecameca; hay un muerto"}]},{"@type":"WebSite","@id":"https:\/\/laredsocial-noticias.com\/wp\/#website","url":"https:\/\/laredsocial-noticias.com\/wp\/","name":"NOTICIAS","description":"Lo que se ve y se dice en las redes sociales","potentialAction":[{"@type":"SearchAction","target":{"@type":"EntryPoint","urlTemplate":"https:\/\/laredsocial-noticias.com\/wp\/?s={search_term_string}"},"query-input":{"@type":"PropertyValueSpecification","valueRequired":true,"valueName":"search_term_string"}}],"inLanguage":"es"},{"@type":"Person","@id":"https:\/\/laredsocial-noticias.com\/wp\/#\/schema\/person\/0ce78643f2de7aae6f6ef10e8453a6e0","name":"Editor en Jefe","url":"https:\/\/laredsocial-noticias.com\/wp\/author\/jorgeochoa\/"}]}},"_links":{"self":[{"href":"https:\/\/laredsocial-noticias.com\/wp\/wp-json\/wp\/v2\/posts\/236778","targetHints":{"allow":["GET"]}}],"collection":[{"href":"https:\/\/laredsocial-noticias.com\/wp\/wp-json\/wp\/v2\/posts"}],"about":[{"href":"https:\/\/laredsocial-noticias.com\/wp\/wp-json\/wp\/v2\/types\/post"}],"author":[{"embeddable":true,"href":"https:\/\/laredsocial-noticias.com\/wp\/wp-json\/wp\/v2\/users\/1"}],"replies":[{"embeddable":true,"href":"https:\/\/laredsocial-noticias.com\/wp\/wp-json\/wp\/v2\/comments?post=236778"}],"version-history":[{"count":1,"href":"https:\/\/laredsocial-noticias.com\/wp\/wp-json\/wp\/v2\/posts\/236778\/revisions"}],"predecessor-version":[{"id":236779,"href":"https:\/\/laredsocial-noticias.com\/wp\/wp-json\/wp\/v2\/posts\/236778\/revisions\/236779"}],"wp:featuredmedia":[{"embeddable":true,"href":"https:\/\/laredsocial-noticias.com\/wp\/wp-json\/wp\/v2\/media\/236780"}],"wp:attachment":[{"href":"https:\/\/laredsocial-noticias.com\/wp\/wp-json\/wp\/v2\/media?parent=236778"}],"wp:term":[{"taxonomy":"category","embeddable":true,"href":"https:\/\/laredsocial-noticias.com\/wp\/wp-json\/wp\/v2\/categories?post=236778"},{"taxonomy":"post_tag","embeddable":true,"href":"https:\/\/laredsocial-noticias.com\/wp\/wp-json\/wp\/v2\/tags?post=236778"}],"curies":[{"name":"wp","href":"https:\/\/api.w.org\/{rel}","templated":true}]}}