{"id":23730,"date":"2016-08-22T09:16:34","date_gmt":"2016-08-22T14:16:34","guid":{"rendered":"http:\/\/laredsocial-noticias.com\/wp\/?p=23730"},"modified":"2016-08-22T09:16:41","modified_gmt":"2016-08-22T14:16:41","slug":"no-habra-mas-dialogo-con-la-cnte-hasta-que-reanuden-clases-nuno-mayer","status":"publish","type":"post","link":"https:\/\/laredsocial-noticias.com\/wp\/no-habra-mas-dialogo-con-la-cnte-hasta-que-reanuden-clases-nuno-mayer\/","title":{"rendered":"No habr\u00e1 m\u00e1s di\u00e1logo con la CNTE hasta que reanuden clases: Nu\u00f1o Mayer"},"content":{"rendered":"<p><strong>CIUDAD DE M\u00c9XICO, 22 de agosto, (DOBLE TINTA \/ C\u00cdRCULO DIGITAL).-\u00a0<\/strong>La mesa de di\u00e1logo con la Coordinadora Nacional de Trabajadores de la Educaci\u00f3n\u00a0(CNTE)\u00a0se suspende hasta que regresen a clases, informa Aurelio Nu\u00f1o Mayer, titular de la Secretar\u00eda de Educaci\u00f3n P\u00fablica (SEP).<\/p>\n<p>\u201cMientras no regresen a clases no habr\u00e1 condiciones para poder seguir platicando con la CNTE. No es posible que se quiera poner a los ni\u00f1os como rehenes de esta situaci\u00f3n y se les deje sin ir a la escuela\u201d, dijo el funcionario a Carlos Loret de Mola.<\/p>\n<p>Nu\u00f1o afirm\u00f3 que a los maestros que no reanuden clases este lunes se les aplicar\u00e1 la ley y tendr\u00e1n el descuento correspondiente y as\u00ed sucesivamente.<\/p>\n<p>\u201cNo puede estar ning\u00fan tema por encima de que los ni\u00f1os est\u00e9n en clase. \u00a0Es inconcebible que ni\u00f1os y ni\u00f1as no puedan estar en clases. Espero que los l\u00edderes de la CNTE puedan recapacitar\u201d, reiter\u00f3.<\/p>\n<p>A mediod\u00eda la SEP prev\u00e9 tener un balance de asistencia en el inicio del ciclo escolar.<\/p>\n","protected":false},"excerpt":{"rendered":"<p>CIUDAD DE M\u00c9XICO, 22 de agosto, (DOBLE TINTA \/ C\u00cdRCULO DIGITAL).-\u00a0La mesa de di\u00e1logo con la Coordinadora Nacional de Trabajadores&#8230;<\/p>\n","protected":false},"author":1,"featured_media":0,"comment_status":"closed","ping_status":"closed","sticky":false,"template":"","format":"standard","meta":{"footnotes":""},"categories":[1796,73],"tags":[332,77],"class_list":["post-23730","post","type-post","status-publish","format-standard","hentry","category-circulodigital","category-principal","tag-mexico","tag-principal"],"yoast_head":"<!-- This site is optimized with the Yoast SEO plugin v26.5 - https:\/\/yoast.com\/wordpress\/plugins\/seo\/ -->\n<title>No habr\u00e1 m\u00e1s di\u00e1logo con la CNTE hasta que reanuden clases: Nu\u00f1o Mayer - NOTICIAS<\/title>\n<meta name=\"robots\" content=\"index, follow, max-snippet:-1, max-image-preview:large, max-video-preview:-1\" \/>\n<link rel=\"canonical\" href=\"https:\/\/laredsocial-noticias.com\/wp\/no-habra-mas-dialogo-con-la-cnte-hasta-que-reanuden-clases-nuno-mayer\/\" \/>\n<meta property=\"og:locale\" content=\"es_ES\" \/>\n<meta property=\"og:type\" content=\"article\" \/>\n<meta property=\"og:title\" content=\"No habr\u00e1 m\u00e1s di\u00e1logo con la CNTE hasta que reanuden clases: Nu\u00f1o Mayer - NOTICIAS\" \/>\n<meta property=\"og:description\" content=\"CIUDAD DE M\u00c9XICO, 22 de agosto, (DOBLE TINTA \/ C\u00cdRCULO DIGITAL).-\u00a0La mesa de di\u00e1logo con la Coordinadora Nacional de Trabajadores...\" \/>\n<meta property=\"og:url\" content=\"https:\/\/laredsocial-noticias.com\/wp\/no-habra-mas-dialogo-con-la-cnte-hasta-que-reanuden-clases-nuno-mayer\/\" \/>\n<meta property=\"og:site_name\" content=\"NOTICIAS\" \/>\n<meta property=\"article:published_time\" content=\"2016-08-22T14:16:34+00:00\" \/>\n<meta property=\"article:modified_time\" content=\"2016-08-22T14:16:41+00:00\" \/>\n<meta property=\"og:image\" content=\"https:\/\/laredsocial-noticias.com\/wp\/wp-content\/uploads\/2016\/08\/50827192-770x439_c.jpg\" \/>\n\t<meta property=\"og:image:width\" content=\"600\" \/>\n\t<meta property=\"og:image:height\" content=\"399\" \/>\n\t<meta property=\"og:image:type\" content=\"image\/jpeg\" \/>\n<meta name=\"author\" content=\"Editor en Jefe\" \/>\n<meta name=\"twitter:card\" content=\"summary_large_image\" \/>\n<meta name=\"twitter:label1\" content=\"Escrito por\" \/>\n\t<meta name=\"twitter:data1\" content=\"Editor en Jefe\" \/>\n\t<meta name=\"twitter:label2\" content=\"Tiempo de lectura\" \/>\n\t<meta name=\"twitter:data2\" content=\"1 minuto\" \/>\n<!-- \/ Yoast SEO plugin. -->","yoast_head_json":{"title":"No habr\u00e1 m\u00e1s di\u00e1logo con la CNTE hasta que reanuden clases: Nu\u00f1o Mayer - NOTICIAS","robots":{"index":"index","follow":"follow","max-snippet":"max-snippet:-1","max-image-preview":"max-image-preview:large","max-video-preview":"max-video-preview:-1"},"canonical":"https:\/\/laredsocial-noticias.com\/wp\/no-habra-mas-dialogo-con-la-cnte-hasta-que-reanuden-clases-nuno-mayer\/","og_locale":"es_ES","og_type":"article","og_title":"No habr\u00e1 m\u00e1s di\u00e1logo con la CNTE hasta que reanuden clases: Nu\u00f1o Mayer - NOTICIAS","og_description":"CIUDAD DE M\u00c9XICO, 22 de agosto, (DOBLE TINTA \/ C\u00cdRCULO DIGITAL).-\u00a0La mesa de di\u00e1logo con la Coordinadora Nacional de Trabajadores...","og_url":"https:\/\/laredsocial-noticias.com\/wp\/no-habra-mas-dialogo-con-la-cnte-hasta-que-reanuden-clases-nuno-mayer\/","og_site_name":"NOTICIAS","article_published_time":"2016-08-22T14:16:34+00:00","article_modified_time":"2016-08-22T14:16:41+00:00","og_image":[{"width":600,"height":399,"url":"https:\/\/laredsocial-noticias.com\/wp\/wp-content\/uploads\/2016\/08\/50827192-770x439_c.jpg","type":"image\/jpeg"}],"author":"Editor en Jefe","twitter_card":"summary_large_image","twitter_misc":{"Escrito por":"Editor en Jefe","Tiempo de lectura":"1 minuto"},"schema":{"@context":"https:\/\/schema.org","@graph":[{"@type":"WebPage","@id":"https:\/\/laredsocial-noticias.com\/wp\/no-habra-mas-dialogo-con-la-cnte-hasta-que-reanuden-clases-nuno-mayer\/","url":"https:\/\/laredsocial-noticias.com\/wp\/no-habra-mas-dialogo-con-la-cnte-hasta-que-reanuden-clases-nuno-mayer\/","name":"No habr\u00e1 m\u00e1s di\u00e1logo con la CNTE hasta que reanuden clases: Nu\u00f1o Mayer - NOTICIAS","isPartOf":{"@id":"https:\/\/laredsocial-noticias.com\/wp\/#website"},"datePublished":"2016-08-22T14:16:34+00:00","dateModified":"2016-08-22T14:16:41+00:00","author":{"@id":"https:\/\/laredsocial-noticias.com\/wp\/#\/schema\/person\/0ce78643f2de7aae6f6ef10e8453a6e0"},"breadcrumb":{"@id":"https:\/\/laredsocial-noticias.com\/wp\/no-habra-mas-dialogo-con-la-cnte-hasta-que-reanuden-clases-nuno-mayer\/#breadcrumb"},"inLanguage":"es","potentialAction":[{"@type":"ReadAction","target":["https:\/\/laredsocial-noticias.com\/wp\/no-habra-mas-dialogo-con-la-cnte-hasta-que-reanuden-clases-nuno-mayer\/"]}]},{"@type":"BreadcrumbList","@id":"https:\/\/laredsocial-noticias.com\/wp\/no-habra-mas-dialogo-con-la-cnte-hasta-que-reanuden-clases-nuno-mayer\/#breadcrumb","itemListElement":[{"@type":"ListItem","position":1,"name":"Portada","item":"https:\/\/laredsocial-noticias.com\/wp\/"},{"@type":"ListItem","position":2,"name":"No habr\u00e1 m\u00e1s di\u00e1logo con la CNTE hasta que reanuden clases: Nu\u00f1o Mayer"}]},{"@type":"WebSite","@id":"https:\/\/laredsocial-noticias.com\/wp\/#website","url":"https:\/\/laredsocial-noticias.com\/wp\/","name":"NOTICIAS","description":"Lo que se ve y se dice en las redes sociales","potentialAction":[{"@type":"SearchAction","target":{"@type":"EntryPoint","urlTemplate":"https:\/\/laredsocial-noticias.com\/wp\/?s={search_term_string}"},"query-input":{"@type":"PropertyValueSpecification","valueRequired":true,"valueName":"search_term_string"}}],"inLanguage":"es"},{"@type":"Person","@id":"https:\/\/laredsocial-noticias.com\/wp\/#\/schema\/person\/0ce78643f2de7aae6f6ef10e8453a6e0","name":"Editor en Jefe","url":"https:\/\/laredsocial-noticias.com\/wp\/author\/jorgeochoa\/"}]}},"_links":{"self":[{"href":"https:\/\/laredsocial-noticias.com\/wp\/wp-json\/wp\/v2\/posts\/23730","targetHints":{"allow":["GET"]}}],"collection":[{"href":"https:\/\/laredsocial-noticias.com\/wp\/wp-json\/wp\/v2\/posts"}],"about":[{"href":"https:\/\/laredsocial-noticias.com\/wp\/wp-json\/wp\/v2\/types\/post"}],"author":[{"embeddable":true,"href":"https:\/\/laredsocial-noticias.com\/wp\/wp-json\/wp\/v2\/users\/1"}],"replies":[{"embeddable":true,"href":"https:\/\/laredsocial-noticias.com\/wp\/wp-json\/wp\/v2\/comments?post=23730"}],"version-history":[{"count":1,"href":"https:\/\/laredsocial-noticias.com\/wp\/wp-json\/wp\/v2\/posts\/23730\/revisions"}],"predecessor-version":[{"id":23731,"href":"https:\/\/laredsocial-noticias.com\/wp\/wp-json\/wp\/v2\/posts\/23730\/revisions\/23731"}],"wp:attachment":[{"href":"https:\/\/laredsocial-noticias.com\/wp\/wp-json\/wp\/v2\/media?parent=23730"}],"wp:term":[{"taxonomy":"category","embeddable":true,"href":"https:\/\/laredsocial-noticias.com\/wp\/wp-json\/wp\/v2\/categories?post=23730"},{"taxonomy":"post_tag","embeddable":true,"href":"https:\/\/laredsocial-noticias.com\/wp\/wp-json\/wp\/v2\/tags?post=23730"}],"curies":[{"name":"wp","href":"https:\/\/api.w.org\/{rel}","templated":true}]}}