{"id":237364,"date":"2024-12-07T15:00:12","date_gmt":"2024-12-07T21:00:12","guid":{"rendered":"https:\/\/laredsocial-noticias.com\/wp\/?p=237364"},"modified":"2024-12-08T17:44:00","modified_gmt":"2024-12-08T23:44:00","slug":"colapinto-perdimos-mucho-tiempo-pero-veremos-que-pasa-el-domingo","status":"publish","type":"post","link":"https:\/\/laredsocial-noticias.com\/wp\/colapinto-perdimos-mucho-tiempo-pero-veremos-que-pasa-el-domingo\/","title":{"rendered":"Colapinto: &#8216;Perdimos mucho tiempo, pero veremos qu\u00e9 pasa el domingo&#8217;"},"content":{"rendered":"<p>El argentino Franco Colapinto (Williams), que sale desde el fondo de la parrilla este domingo en el Gran Premio de Abu Dabi, que cierra el Mundial de F\u00f3rmula Uno m\u00e1s largo de la historia, declar\u00f3 en el circuito de Yas Marina que &#8220;las cosas no salieron&#8221;, que perdieron demasiado tiempo reparando su monoplaza pero que habr\u00e1 que ver &#8220;qu\u00e9 pasa&#8221; este domingo.<\/p>\n<p class=\"text-align-center\">&#8220;Por desgracia, no nos salieron las cosas y no encaj\u00f3 nada en la calificaci\u00f3n, ya que al reparar el fondo del coche perdimos m\u00e1s carga aerodin\u00e1mica de lo esperado&#8221;, coment\u00f3 Colapinto, nacido hace 21 a\u00f1os en Pilar (Buenos Aires), que qued\u00f3 eliminado en la primera ronda de la cronometrada principal (Q1) este s\u00e1bado -fue decimonoveno- y adem\u00e1s recibi\u00f3 una sanci\u00f3n de cinco puestos por cambiar la caja de cambios de su Williams.<\/p>\n<p class=\"text-align-center\">&#8220;Perder tanto tiempo en un pelot\u00f3n muy apretado fue costoso hoy, pero habr\u00e1 que ver qu\u00e9 pasa ma\u00f1ana&#8221;, coment\u00f3 el argentino, que disputa su noveno Gran Premio desde que debut\u00f3, el pasado 1 de septiembre, en Monza (Italia).<\/p>\n<p class=\"text-align-center\">&#8220;Vamos a intentar hacerlo lo mejor posible en la carrera a pesar de tener que salir con una penalizaci\u00f3n en parrilla&#8221;, apunt\u00f3 el argentino de Williams.<\/p>\n","protected":false},"excerpt":{"rendered":"<p>El argentino Franco Colapinto (Williams), que sale desde el fondo de la parrilla este domingo en el Gran Premio de&#8230;<\/p>\n","protected":false},"author":1,"featured_media":237366,"comment_status":"open","ping_status":"closed","sticky":false,"template":"","format":"standard","meta":{"footnotes":""},"categories":[337,6026],"tags":[4959,77],"class_list":["post-237364","post","type-post","status-publish","format-standard","has-post-thumbnail","hentry","category-deportes","category-portada","tag-featured","tag-principal"],"yoast_head":"<!-- This site is optimized with the Yoast SEO plugin v26.5 - https:\/\/yoast.com\/wordpress\/plugins\/seo\/ -->\n<title>Colapinto: &#039;Perdimos mucho tiempo, pero veremos qu\u00e9 pasa el domingo&#039; - NOTICIAS<\/title>\n<meta name=\"robots\" content=\"index, follow, max-snippet:-1, max-image-preview:large, max-video-preview:-1\" \/>\n<link rel=\"canonical\" href=\"https:\/\/laredsocial-noticias.com\/wp\/colapinto-perdimos-mucho-tiempo-pero-veremos-que-pasa-el-domingo\/\" \/>\n<meta property=\"og:locale\" content=\"es_ES\" \/>\n<meta property=\"og:type\" content=\"article\" \/>\n<meta property=\"og:title\" content=\"Colapinto: &#039;Perdimos mucho tiempo, pero veremos qu\u00e9 pasa el domingo&#039; - NOTICIAS\" \/>\n<meta property=\"og:description\" content=\"El argentino Franco Colapinto (Williams), que sale desde el fondo de la parrilla este domingo en el Gran Premio de...\" \/>\n<meta property=\"og:url\" content=\"https:\/\/laredsocial-noticias.com\/wp\/colapinto-perdimos-mucho-tiempo-pero-veremos-que-pasa-el-domingo\/\" \/>\n<meta property=\"og:site_name\" content=\"NOTICIAS\" \/>\n<meta property=\"article:published_time\" content=\"2024-12-07T21:00:12+00:00\" \/>\n<meta property=\"article:modified_time\" content=\"2024-12-08T23:44:00+00:00\" \/>\n<meta name=\"author\" content=\"Editor en Jefe\" \/>\n<meta name=\"twitter:card\" content=\"summary_large_image\" \/>\n<meta name=\"twitter:label1\" content=\"Escrito por\" \/>\n\t<meta name=\"twitter:data1\" content=\"Editor en Jefe\" \/>\n\t<meta name=\"twitter:label2\" content=\"Tiempo de lectura\" \/>\n\t<meta name=\"twitter:data2\" content=\"1 minuto\" \/>\n<!-- \/ Yoast SEO plugin. -->","yoast_head_json":{"title":"Colapinto: 'Perdimos mucho tiempo, pero veremos qu\u00e9 pasa el domingo' - NOTICIAS","robots":{"index":"index","follow":"follow","max-snippet":"max-snippet:-1","max-image-preview":"max-image-preview:large","max-video-preview":"max-video-preview:-1"},"canonical":"https:\/\/laredsocial-noticias.com\/wp\/colapinto-perdimos-mucho-tiempo-pero-veremos-que-pasa-el-domingo\/","og_locale":"es_ES","og_type":"article","og_title":"Colapinto: 'Perdimos mucho tiempo, pero veremos qu\u00e9 pasa el domingo' - NOTICIAS","og_description":"El argentino Franco Colapinto (Williams), que sale desde el fondo de la parrilla este domingo en el Gran Premio de...","og_url":"https:\/\/laredsocial-noticias.com\/wp\/colapinto-perdimos-mucho-tiempo-pero-veremos-que-pasa-el-domingo\/","og_site_name":"NOTICIAS","article_published_time":"2024-12-07T21:00:12+00:00","article_modified_time":"2024-12-08T23:44:00+00:00","author":"Editor en Jefe","twitter_card":"summary_large_image","twitter_misc":{"Escrito por":"Editor en Jefe","Tiempo de lectura":"1 minuto"},"schema":{"@context":"https:\/\/schema.org","@graph":[{"@type":"WebPage","@id":"https:\/\/laredsocial-noticias.com\/wp\/colapinto-perdimos-mucho-tiempo-pero-veremos-que-pasa-el-domingo\/","url":"https:\/\/laredsocial-noticias.com\/wp\/colapinto-perdimos-mucho-tiempo-pero-veremos-que-pasa-el-domingo\/","name":"Colapinto: 'Perdimos mucho tiempo, pero veremos qu\u00e9 pasa el domingo' - NOTICIAS","isPartOf":{"@id":"https:\/\/laredsocial-noticias.com\/wp\/#website"},"primaryImageOfPage":{"@id":"https:\/\/laredsocial-noticias.com\/wp\/colapinto-perdimos-mucho-tiempo-pero-veremos-que-pasa-el-domingo\/#primaryimage"},"image":{"@id":"https:\/\/laredsocial-noticias.com\/wp\/colapinto-perdimos-mucho-tiempo-pero-veremos-que-pasa-el-domingo\/#primaryimage"},"thumbnailUrl":"https:\/\/laredsocial-noticias.com\/wp\/wp-content\/uploads\/2024\/12\/williams-colapinto-f1-ok.png","datePublished":"2024-12-07T21:00:12+00:00","dateModified":"2024-12-08T23:44:00+00:00","author":{"@id":"https:\/\/laredsocial-noticias.com\/wp\/#\/schema\/person\/0ce78643f2de7aae6f6ef10e8453a6e0"},"breadcrumb":{"@id":"https:\/\/laredsocial-noticias.com\/wp\/colapinto-perdimos-mucho-tiempo-pero-veremos-que-pasa-el-domingo\/#breadcrumb"},"inLanguage":"es","potentialAction":[{"@type":"ReadAction","target":["https:\/\/laredsocial-noticias.com\/wp\/colapinto-perdimos-mucho-tiempo-pero-veremos-que-pasa-el-domingo\/"]}]},{"@type":"ImageObject","inLanguage":"es","@id":"https:\/\/laredsocial-noticias.com\/wp\/colapinto-perdimos-mucho-tiempo-pero-veremos-que-pasa-el-domingo\/#primaryimage","url":"https:\/\/laredsocial-noticias.com\/wp\/wp-content\/uploads\/2024\/12\/williams-colapinto-f1-ok.png","contentUrl":"https:\/\/laredsocial-noticias.com\/wp\/wp-content\/uploads\/2024\/12\/williams-colapinto-f1-ok.png","width":770,"height":438},{"@type":"BreadcrumbList","@id":"https:\/\/laredsocial-noticias.com\/wp\/colapinto-perdimos-mucho-tiempo-pero-veremos-que-pasa-el-domingo\/#breadcrumb","itemListElement":[{"@type":"ListItem","position":1,"name":"Portada","item":"https:\/\/laredsocial-noticias.com\/wp\/"},{"@type":"ListItem","position":2,"name":"Colapinto: &#8216;Perdimos mucho tiempo, pero veremos qu\u00e9 pasa el domingo&#8217;"}]},{"@type":"WebSite","@id":"https:\/\/laredsocial-noticias.com\/wp\/#website","url":"https:\/\/laredsocial-noticias.com\/wp\/","name":"NOTICIAS","description":"Lo que se ve y se dice en las redes sociales","potentialAction":[{"@type":"SearchAction","target":{"@type":"EntryPoint","urlTemplate":"https:\/\/laredsocial-noticias.com\/wp\/?s={search_term_string}"},"query-input":{"@type":"PropertyValueSpecification","valueRequired":true,"valueName":"search_term_string"}}],"inLanguage":"es"},{"@type":"Person","@id":"https:\/\/laredsocial-noticias.com\/wp\/#\/schema\/person\/0ce78643f2de7aae6f6ef10e8453a6e0","name":"Editor en Jefe","url":"https:\/\/laredsocial-noticias.com\/wp\/author\/jorgeochoa\/"}]}},"_links":{"self":[{"href":"https:\/\/laredsocial-noticias.com\/wp\/wp-json\/wp\/v2\/posts\/237364","targetHints":{"allow":["GET"]}}],"collection":[{"href":"https:\/\/laredsocial-noticias.com\/wp\/wp-json\/wp\/v2\/posts"}],"about":[{"href":"https:\/\/laredsocial-noticias.com\/wp\/wp-json\/wp\/v2\/types\/post"}],"author":[{"embeddable":true,"href":"https:\/\/laredsocial-noticias.com\/wp\/wp-json\/wp\/v2\/users\/1"}],"replies":[{"embeddable":true,"href":"https:\/\/laredsocial-noticias.com\/wp\/wp-json\/wp\/v2\/comments?post=237364"}],"version-history":[{"count":1,"href":"https:\/\/laredsocial-noticias.com\/wp\/wp-json\/wp\/v2\/posts\/237364\/revisions"}],"predecessor-version":[{"id":237365,"href":"https:\/\/laredsocial-noticias.com\/wp\/wp-json\/wp\/v2\/posts\/237364\/revisions\/237365"}],"wp:featuredmedia":[{"embeddable":true,"href":"https:\/\/laredsocial-noticias.com\/wp\/wp-json\/wp\/v2\/media\/237366"}],"wp:attachment":[{"href":"https:\/\/laredsocial-noticias.com\/wp\/wp-json\/wp\/v2\/media?parent=237364"}],"wp:term":[{"taxonomy":"category","embeddable":true,"href":"https:\/\/laredsocial-noticias.com\/wp\/wp-json\/wp\/v2\/categories?post=237364"},{"taxonomy":"post_tag","embeddable":true,"href":"https:\/\/laredsocial-noticias.com\/wp\/wp-json\/wp\/v2\/tags?post=237364"}],"curies":[{"name":"wp","href":"https:\/\/api.w.org\/{rel}","templated":true}]}}