{"id":239052,"date":"2025-01-07T11:04:57","date_gmt":"2025-01-07T17:04:57","guid":{"rendered":"https:\/\/laredsocial-noticias.com\/wp\/?p=239052"},"modified":"2025-01-07T14:24:45","modified_gmt":"2025-01-07T20:24:45","slug":"arranca-en-eua-proceso-de-los-chapitos-causara-sismo-politico-de-mexico","status":"publish","type":"post","link":"https:\/\/laredsocial-noticias.com\/wp\/arranca-en-eua-proceso-de-los-chapitos-causara-sismo-politico-de-mexico\/","title":{"rendered":"Arranca en EUA proceso de &#8220;Los Chapitos&#8221;; prev\u00e9n cisma pol\u00edtico en M\u00e9xico"},"content":{"rendered":"\n<p>Esta semana, empezar\u00e1 en Estados Unidos un proceso judicial que, para el sistema pol\u00edtico mexicano, podr\u00eda ser crucial por las revelaciones que har\u00e1n Joaqu\u00edn y Ovidio Guzm\u00e1n L\u00f3pez, &#8220;Los Chapitos&#8221;, sobre la narco-corrupci\u00f3n a todos los niveles de gobierno.<\/p>\n\n\n\n<p>Este marte empieza la audiencia decisiva, en la Corte del Distrito Norte de Illinois, en Chicago, en la que presumiblemente se declarar\u00e1n culpables para obtener beneficios y empezar a declarar sobre el apoyo econ\u00f3mico que dieron a varios pol\u00edticos mexicanos que ahora ocupan cargos p\u00fablicos.<\/p>\n\n\n\n<p>Este d\u00eda vence el plazo otorgado por la jueza Sharon Johnson Coleman para decidir si se declaran culpables o contin\u00faan por separado sus procesos judiciales. La defensa de &#8220;Los Chapitos&#8221; admiti\u00f3 ya en octubre que Ovidio y Joaqu\u00edn buscan declararse culpables.<\/p>\n\n\n\n<p>Podr\u00edan dar \u201cdetalles sobre operaciones de tr\u00e1fico de drogas, estructura del c\u00e1rtel, ubicaci\u00f3n de laboratorios de metanfetamina, contactos internacionales sobre conexiones y colaboraciones con otros c\u00e1rteles y organizaciones criminales en el extranjero y sobre sus operaciones financieras&#8221;.<\/p>\n\n\n\n<p>Esto fue se\u00f1alado por el abogado Jaime Ortiz, quien asegur\u00f3 que &#8220;En M\u00e9xico y Estados Unidos hay casos documentados donde el narcotr\u00e1fico ha financiado campa\u00f1as pol\u00edticas y ha tenido influencia en la pol\u00edtica mexicana&#8221;. Esta audiencia ser\u00e1 tambi\u00e9n clave para decidir el futuro de &#8220;El Mayo&#8221; Zambada.<\/p>\n\n\n\n<p>Sin embargo, esto tambi\u00e9n podr\u00eda recrudecer al m\u00e1ximo, los enfrentamientos que se han registrado desde el a\u00f1o pasado en Sinaloa, cuando fue literalmente secuestrado y traicionado por uno de Los Chapitos. Luego fue trasladado a Nueva York.<\/p>\n","protected":false},"excerpt":{"rendered":"<p>Esta semana, empezar\u00e1 en Estados Unidos un proceso judicial que, para el sistema pol\u00edtico mexicano, podr\u00eda ser crucial por las&#8230;<\/p>\n","protected":false},"author":1,"featured_media":238818,"comment_status":"closed","ping_status":"closed","sticky":false,"template":"","format":"standard","meta":{"footnotes":""},"categories":[2423,48,3716,13,10,4136],"tags":[3703,14659,8928],"class_list":["post-239052","post","type-post","status-publish","format-standard","has-post-thumbnail","hentry","category-crimen-organizado","category-narcotrafico","category-seguridad-interior","category-seguridad-nacional","category-transparencia-y-corrupcion","category-violencia","tag-cartel-de-sinaloa","tag-los-chapitos","tag-ovidio-guzman"],"yoast_head":"<!-- This site is optimized with the Yoast SEO plugin v26.5 - https:\/\/yoast.com\/wordpress\/plugins\/seo\/ -->\n<title>Arranca en EUA proceso de &quot;Los Chapitos&quot;; prev\u00e9n cisma pol\u00edtico en M\u00e9xico - NOTICIAS<\/title>\n<meta name=\"robots\" content=\"index, follow, max-snippet:-1, max-image-preview:large, max-video-preview:-1\" \/>\n<link rel=\"canonical\" href=\"https:\/\/laredsocial-noticias.com\/wp\/arranca-en-eua-proceso-de-los-chapitos-causara-sismo-politico-de-mexico\/\" \/>\n<meta property=\"og:locale\" content=\"es_ES\" \/>\n<meta property=\"og:type\" content=\"article\" \/>\n<meta property=\"og:title\" content=\"Arranca en EUA proceso de &quot;Los Chapitos&quot;; prev\u00e9n cisma pol\u00edtico en M\u00e9xico - NOTICIAS\" \/>\n<meta property=\"og:description\" content=\"Esta semana, empezar\u00e1 en Estados Unidos un proceso judicial que, para el sistema pol\u00edtico mexicano, podr\u00eda ser crucial por las...\" \/>\n<meta property=\"og:url\" content=\"https:\/\/laredsocial-noticias.com\/wp\/arranca-en-eua-proceso-de-los-chapitos-causara-sismo-politico-de-mexico\/\" \/>\n<meta property=\"og:site_name\" content=\"NOTICIAS\" \/>\n<meta property=\"article:published_time\" content=\"2025-01-07T17:04:57+00:00\" \/>\n<meta property=\"article:modified_time\" content=\"2025-01-07T20:24:45+00:00\" \/>\n<meta property=\"og:image\" content=\"https:\/\/laredsocial-noticias.com\/wp\/wp-content\/uploads\/2025\/01\/image-1.png\" \/>\n\t<meta property=\"og:image:width\" content=\"1080\" \/>\n\t<meta property=\"og:image:height\" content=\"1080\" \/>\n\t<meta property=\"og:image:type\" content=\"image\/png\" \/>\n<meta name=\"author\" content=\"Editor en Jefe\" \/>\n<meta name=\"twitter:card\" content=\"summary_large_image\" \/>\n<meta name=\"twitter:label1\" content=\"Escrito por\" \/>\n\t<meta name=\"twitter:data1\" content=\"Editor en Jefe\" \/>\n\t<meta name=\"twitter:label2\" content=\"Tiempo de lectura\" \/>\n\t<meta name=\"twitter:data2\" content=\"2 minutos\" \/>\n<!-- \/ Yoast SEO plugin. -->","yoast_head_json":{"title":"Arranca en EUA proceso de \"Los Chapitos\"; prev\u00e9n cisma pol\u00edtico en M\u00e9xico - NOTICIAS","robots":{"index":"index","follow":"follow","max-snippet":"max-snippet:-1","max-image-preview":"max-image-preview:large","max-video-preview":"max-video-preview:-1"},"canonical":"https:\/\/laredsocial-noticias.com\/wp\/arranca-en-eua-proceso-de-los-chapitos-causara-sismo-politico-de-mexico\/","og_locale":"es_ES","og_type":"article","og_title":"Arranca en EUA proceso de \"Los Chapitos\"; prev\u00e9n cisma pol\u00edtico en M\u00e9xico - NOTICIAS","og_description":"Esta semana, empezar\u00e1 en Estados Unidos un proceso judicial que, para el sistema pol\u00edtico mexicano, podr\u00eda ser crucial por las...","og_url":"https:\/\/laredsocial-noticias.com\/wp\/arranca-en-eua-proceso-de-los-chapitos-causara-sismo-politico-de-mexico\/","og_site_name":"NOTICIAS","article_published_time":"2025-01-07T17:04:57+00:00","article_modified_time":"2025-01-07T20:24:45+00:00","og_image":[{"width":1080,"height":1080,"url":"https:\/\/laredsocial-noticias.com\/wp\/wp-content\/uploads\/2025\/01\/image-1.png","type":"image\/png"}],"author":"Editor en Jefe","twitter_card":"summary_large_image","twitter_misc":{"Escrito por":"Editor en Jefe","Tiempo de lectura":"2 minutos"},"schema":{"@context":"https:\/\/schema.org","@graph":[{"@type":"WebPage","@id":"https:\/\/laredsocial-noticias.com\/wp\/arranca-en-eua-proceso-de-los-chapitos-causara-sismo-politico-de-mexico\/","url":"https:\/\/laredsocial-noticias.com\/wp\/arranca-en-eua-proceso-de-los-chapitos-causara-sismo-politico-de-mexico\/","name":"Arranca en EUA proceso de \"Los Chapitos\"; prev\u00e9n cisma pol\u00edtico en M\u00e9xico - NOTICIAS","isPartOf":{"@id":"https:\/\/laredsocial-noticias.com\/wp\/#website"},"primaryImageOfPage":{"@id":"https:\/\/laredsocial-noticias.com\/wp\/arranca-en-eua-proceso-de-los-chapitos-causara-sismo-politico-de-mexico\/#primaryimage"},"image":{"@id":"https:\/\/laredsocial-noticias.com\/wp\/arranca-en-eua-proceso-de-los-chapitos-causara-sismo-politico-de-mexico\/#primaryimage"},"thumbnailUrl":"https:\/\/laredsocial-noticias.com\/wp\/wp-content\/uploads\/2025\/01\/image-1.png","datePublished":"2025-01-07T17:04:57+00:00","dateModified":"2025-01-07T20:24:45+00:00","author":{"@id":"https:\/\/laredsocial-noticias.com\/wp\/#\/schema\/person\/0ce78643f2de7aae6f6ef10e8453a6e0"},"breadcrumb":{"@id":"https:\/\/laredsocial-noticias.com\/wp\/arranca-en-eua-proceso-de-los-chapitos-causara-sismo-politico-de-mexico\/#breadcrumb"},"inLanguage":"es","potentialAction":[{"@type":"ReadAction","target":["https:\/\/laredsocial-noticias.com\/wp\/arranca-en-eua-proceso-de-los-chapitos-causara-sismo-politico-de-mexico\/"]}]},{"@type":"ImageObject","inLanguage":"es","@id":"https:\/\/laredsocial-noticias.com\/wp\/arranca-en-eua-proceso-de-los-chapitos-causara-sismo-politico-de-mexico\/#primaryimage","url":"https:\/\/laredsocial-noticias.com\/wp\/wp-content\/uploads\/2025\/01\/image-1.png","contentUrl":"https:\/\/laredsocial-noticias.com\/wp\/wp-content\/uploads\/2025\/01\/image-1.png","width":1080,"height":1080},{"@type":"BreadcrumbList","@id":"https:\/\/laredsocial-noticias.com\/wp\/arranca-en-eua-proceso-de-los-chapitos-causara-sismo-politico-de-mexico\/#breadcrumb","itemListElement":[{"@type":"ListItem","position":1,"name":"Portada","item":"https:\/\/laredsocial-noticias.com\/wp\/"},{"@type":"ListItem","position":2,"name":"Arranca en EUA proceso de &#8220;Los Chapitos&#8221;; prev\u00e9n cisma pol\u00edtico en M\u00e9xico"}]},{"@type":"WebSite","@id":"https:\/\/laredsocial-noticias.com\/wp\/#website","url":"https:\/\/laredsocial-noticias.com\/wp\/","name":"NOTICIAS","description":"Lo que se ve y se dice en las redes sociales","potentialAction":[{"@type":"SearchAction","target":{"@type":"EntryPoint","urlTemplate":"https:\/\/laredsocial-noticias.com\/wp\/?s={search_term_string}"},"query-input":{"@type":"PropertyValueSpecification","valueRequired":true,"valueName":"search_term_string"}}],"inLanguage":"es"},{"@type":"Person","@id":"https:\/\/laredsocial-noticias.com\/wp\/#\/schema\/person\/0ce78643f2de7aae6f6ef10e8453a6e0","name":"Editor en Jefe","url":"https:\/\/laredsocial-noticias.com\/wp\/author\/jorgeochoa\/"}]}},"_links":{"self":[{"href":"https:\/\/laredsocial-noticias.com\/wp\/wp-json\/wp\/v2\/posts\/239052","targetHints":{"allow":["GET"]}}],"collection":[{"href":"https:\/\/laredsocial-noticias.com\/wp\/wp-json\/wp\/v2\/posts"}],"about":[{"href":"https:\/\/laredsocial-noticias.com\/wp\/wp-json\/wp\/v2\/types\/post"}],"author":[{"embeddable":true,"href":"https:\/\/laredsocial-noticias.com\/wp\/wp-json\/wp\/v2\/users\/1"}],"replies":[{"embeddable":true,"href":"https:\/\/laredsocial-noticias.com\/wp\/wp-json\/wp\/v2\/comments?post=239052"}],"version-history":[{"count":3,"href":"https:\/\/laredsocial-noticias.com\/wp\/wp-json\/wp\/v2\/posts\/239052\/revisions"}],"predecessor-version":[{"id":239056,"href":"https:\/\/laredsocial-noticias.com\/wp\/wp-json\/wp\/v2\/posts\/239052\/revisions\/239056"}],"wp:featuredmedia":[{"embeddable":true,"href":"https:\/\/laredsocial-noticias.com\/wp\/wp-json\/wp\/v2\/media\/238818"}],"wp:attachment":[{"href":"https:\/\/laredsocial-noticias.com\/wp\/wp-json\/wp\/v2\/media?parent=239052"}],"wp:term":[{"taxonomy":"category","embeddable":true,"href":"https:\/\/laredsocial-noticias.com\/wp\/wp-json\/wp\/v2\/categories?post=239052"},{"taxonomy":"post_tag","embeddable":true,"href":"https:\/\/laredsocial-noticias.com\/wp\/wp-json\/wp\/v2\/tags?post=239052"}],"curies":[{"name":"wp","href":"https:\/\/api.w.org\/{rel}","templated":true}]}}