{"id":240400,"date":"2025-01-23T15:20:42","date_gmt":"2025-01-23T21:20:42","guid":{"rendered":"https:\/\/laredsocial-noticias.com\/wp\/?p=240400"},"modified":"2025-01-24T17:51:16","modified_gmt":"2025-01-24T23:51:16","slug":"choca-metrobus-de-linea-7-contra-un-arbol-en-paseo-de-la-reforma","status":"publish","type":"post","link":"https:\/\/laredsocial-noticias.com\/wp\/choca-metrobus-de-linea-7-contra-un-arbol-en-paseo-de-la-reforma\/","title":{"rendered":"Choca Metrob\u00fas de L\u00ednea 7 contra un \u00e1rbol en Paseo de la Reforma"},"content":{"rendered":"<p>Un Metrob\u00fas de la L\u00ednea 7 impact\u00f3 contra un \u00e1rbol en Paseo de la Reforma, Alcald\u00eda Cuauht\u00e9moc, aproximadamente a las 10:00 horas. El siniestro ocurri\u00f3 cuando la unidad 818 se dirig\u00eda hacia Campo Marte.<\/p>\n<p>De acuerdo con testigos, el operador no advirti\u00f3 una rama que sobresal\u00eda hacia el carril confinado, lo que provoc\u00f3 el choque antes del cruce con Calle Lafragua, en la Colonia Tabacalera.<\/p>\n<p>El impacto rompi\u00f3 dos ventanas del segundo nivel del veh\u00edculo y aboll\u00f3 parte de la carrocer\u00eda. Servicios de emergencia acudieron al lugar y valoraron a cinco personas, quienes resultaron ilesas.<\/p>\n<blockquote><p>&#8220;Nosotros ven\u00edamos al lado de los cristales y s\u00ed nos cayeron los vidrios, pero nos alcanzamos a cubrir y no nos pas\u00f3 nada. Nos dieron un pase m\u00e9dico, pero ahorita lo primero es llegar a trabajar&#8221;, declar\u00f3 un pasajero afectado.<\/p><\/blockquote>\n<p>Bomberos y personal de la Secretar\u00eda de Obras y Servicios (Sobse) tambi\u00e9n acudieron al lugar para cortar la rama y retirar los restos generados por el accidente.<\/p>\n","protected":false},"excerpt":{"rendered":"<p>Un Metrob\u00fas de la L\u00ednea 7 impact\u00f3 contra un \u00e1rbol en Paseo de la Reforma, Alcald\u00eda Cuauht\u00e9moc, aproximadamente a las&#8230;<\/p>\n","protected":false},"author":1,"featured_media":240402,"comment_status":"open","ping_status":"closed","sticky":false,"template":"","format":"standard","meta":{"footnotes":""},"categories":[91,6026],"tags":[261,1469,4959,77],"class_list":["post-240400","post","type-post","status-publish","format-standard","has-post-thumbnail","hentry","category-cdmx","category-portada","tag-cdmx","tag-ciudad-de-mexico","tag-featured","tag-principal"],"yoast_head":"<!-- This site is optimized with the Yoast SEO plugin v26.5 - https:\/\/yoast.com\/wordpress\/plugins\/seo\/ -->\n<title>Choca Metrob\u00fas de L\u00ednea 7 contra un \u00e1rbol en Paseo de la Reforma - NOTICIAS<\/title>\n<meta name=\"robots\" content=\"index, follow, max-snippet:-1, max-image-preview:large, max-video-preview:-1\" \/>\n<link rel=\"canonical\" href=\"https:\/\/laredsocial-noticias.com\/wp\/choca-metrobus-de-linea-7-contra-un-arbol-en-paseo-de-la-reforma\/\" \/>\n<meta property=\"og:locale\" content=\"es_ES\" \/>\n<meta property=\"og:type\" content=\"article\" \/>\n<meta property=\"og:title\" content=\"Choca Metrob\u00fas de L\u00ednea 7 contra un \u00e1rbol en Paseo de la Reforma - NOTICIAS\" \/>\n<meta property=\"og:description\" content=\"Un Metrob\u00fas de la L\u00ednea 7 impact\u00f3 contra un \u00e1rbol en Paseo de la Reforma, Alcald\u00eda Cuauht\u00e9moc, aproximadamente a las...\" \/>\n<meta property=\"og:url\" content=\"https:\/\/laredsocial-noticias.com\/wp\/choca-metrobus-de-linea-7-contra-un-arbol-en-paseo-de-la-reforma\/\" \/>\n<meta property=\"og:site_name\" content=\"NOTICIAS\" \/>\n<meta property=\"article:published_time\" content=\"2025-01-23T21:20:42+00:00\" \/>\n<meta property=\"article:modified_time\" content=\"2025-01-24T23:51:16+00:00\" \/>\n<meta name=\"author\" content=\"Editor en Jefe\" \/>\n<meta name=\"twitter:card\" content=\"summary_large_image\" \/>\n<meta name=\"twitter:label1\" content=\"Escrito por\" \/>\n\t<meta name=\"twitter:data1\" content=\"Editor en Jefe\" \/>\n\t<meta name=\"twitter:label2\" content=\"Tiempo de lectura\" \/>\n\t<meta name=\"twitter:data2\" content=\"1 minuto\" \/>\n<!-- \/ Yoast SEO plugin. -->","yoast_head_json":{"title":"Choca Metrob\u00fas de L\u00ednea 7 contra un \u00e1rbol en Paseo de la Reforma - NOTICIAS","robots":{"index":"index","follow":"follow","max-snippet":"max-snippet:-1","max-image-preview":"max-image-preview:large","max-video-preview":"max-video-preview:-1"},"canonical":"https:\/\/laredsocial-noticias.com\/wp\/choca-metrobus-de-linea-7-contra-un-arbol-en-paseo-de-la-reforma\/","og_locale":"es_ES","og_type":"article","og_title":"Choca Metrob\u00fas de L\u00ednea 7 contra un \u00e1rbol en Paseo de la Reforma - NOTICIAS","og_description":"Un Metrob\u00fas de la L\u00ednea 7 impact\u00f3 contra un \u00e1rbol en Paseo de la Reforma, Alcald\u00eda Cuauht\u00e9moc, aproximadamente a las...","og_url":"https:\/\/laredsocial-noticias.com\/wp\/choca-metrobus-de-linea-7-contra-un-arbol-en-paseo-de-la-reforma\/","og_site_name":"NOTICIAS","article_published_time":"2025-01-23T21:20:42+00:00","article_modified_time":"2025-01-24T23:51:16+00:00","author":"Editor en Jefe","twitter_card":"summary_large_image","twitter_misc":{"Escrito por":"Editor en Jefe","Tiempo de lectura":"1 minuto"},"schema":{"@context":"https:\/\/schema.org","@graph":[{"@type":"WebPage","@id":"https:\/\/laredsocial-noticias.com\/wp\/choca-metrobus-de-linea-7-contra-un-arbol-en-paseo-de-la-reforma\/","url":"https:\/\/laredsocial-noticias.com\/wp\/choca-metrobus-de-linea-7-contra-un-arbol-en-paseo-de-la-reforma\/","name":"Choca Metrob\u00fas de L\u00ednea 7 contra un \u00e1rbol en Paseo de la Reforma - NOTICIAS","isPartOf":{"@id":"https:\/\/laredsocial-noticias.com\/wp\/#website"},"primaryImageOfPage":{"@id":"https:\/\/laredsocial-noticias.com\/wp\/choca-metrobus-de-linea-7-contra-un-arbol-en-paseo-de-la-reforma\/#primaryimage"},"image":{"@id":"https:\/\/laredsocial-noticias.com\/wp\/choca-metrobus-de-linea-7-contra-un-arbol-en-paseo-de-la-reforma\/#primaryimage"},"thumbnailUrl":"https:\/\/laredsocial-noticias.com\/wp\/wp-content\/uploads\/2025\/01\/Choque-Metrobus-Reforna.png","datePublished":"2025-01-23T21:20:42+00:00","dateModified":"2025-01-24T23:51:16+00:00","author":{"@id":"https:\/\/laredsocial-noticias.com\/wp\/#\/schema\/person\/0ce78643f2de7aae6f6ef10e8453a6e0"},"breadcrumb":{"@id":"https:\/\/laredsocial-noticias.com\/wp\/choca-metrobus-de-linea-7-contra-un-arbol-en-paseo-de-la-reforma\/#breadcrumb"},"inLanguage":"es","potentialAction":[{"@type":"ReadAction","target":["https:\/\/laredsocial-noticias.com\/wp\/choca-metrobus-de-linea-7-contra-un-arbol-en-paseo-de-la-reforma\/"]}]},{"@type":"ImageObject","inLanguage":"es","@id":"https:\/\/laredsocial-noticias.com\/wp\/choca-metrobus-de-linea-7-contra-un-arbol-en-paseo-de-la-reforma\/#primaryimage","url":"https:\/\/laredsocial-noticias.com\/wp\/wp-content\/uploads\/2025\/01\/Choque-Metrobus-Reforna.png","contentUrl":"https:\/\/laredsocial-noticias.com\/wp\/wp-content\/uploads\/2025\/01\/Choque-Metrobus-Reforna.png","width":770,"height":404},{"@type":"BreadcrumbList","@id":"https:\/\/laredsocial-noticias.com\/wp\/choca-metrobus-de-linea-7-contra-un-arbol-en-paseo-de-la-reforma\/#breadcrumb","itemListElement":[{"@type":"ListItem","position":1,"name":"Portada","item":"https:\/\/laredsocial-noticias.com\/wp\/"},{"@type":"ListItem","position":2,"name":"Choca Metrob\u00fas de L\u00ednea 7 contra un \u00e1rbol en Paseo de la Reforma"}]},{"@type":"WebSite","@id":"https:\/\/laredsocial-noticias.com\/wp\/#website","url":"https:\/\/laredsocial-noticias.com\/wp\/","name":"NOTICIAS","description":"Lo que se ve y se dice en las redes sociales","potentialAction":[{"@type":"SearchAction","target":{"@type":"EntryPoint","urlTemplate":"https:\/\/laredsocial-noticias.com\/wp\/?s={search_term_string}"},"query-input":{"@type":"PropertyValueSpecification","valueRequired":true,"valueName":"search_term_string"}}],"inLanguage":"es"},{"@type":"Person","@id":"https:\/\/laredsocial-noticias.com\/wp\/#\/schema\/person\/0ce78643f2de7aae6f6ef10e8453a6e0","name":"Editor en Jefe","url":"https:\/\/laredsocial-noticias.com\/wp\/author\/jorgeochoa\/"}]}},"_links":{"self":[{"href":"https:\/\/laredsocial-noticias.com\/wp\/wp-json\/wp\/v2\/posts\/240400","targetHints":{"allow":["GET"]}}],"collection":[{"href":"https:\/\/laredsocial-noticias.com\/wp\/wp-json\/wp\/v2\/posts"}],"about":[{"href":"https:\/\/laredsocial-noticias.com\/wp\/wp-json\/wp\/v2\/types\/post"}],"author":[{"embeddable":true,"href":"https:\/\/laredsocial-noticias.com\/wp\/wp-json\/wp\/v2\/users\/1"}],"replies":[{"embeddable":true,"href":"https:\/\/laredsocial-noticias.com\/wp\/wp-json\/wp\/v2\/comments?post=240400"}],"version-history":[{"count":1,"href":"https:\/\/laredsocial-noticias.com\/wp\/wp-json\/wp\/v2\/posts\/240400\/revisions"}],"predecessor-version":[{"id":240401,"href":"https:\/\/laredsocial-noticias.com\/wp\/wp-json\/wp\/v2\/posts\/240400\/revisions\/240401"}],"wp:featuredmedia":[{"embeddable":true,"href":"https:\/\/laredsocial-noticias.com\/wp\/wp-json\/wp\/v2\/media\/240402"}],"wp:attachment":[{"href":"https:\/\/laredsocial-noticias.com\/wp\/wp-json\/wp\/v2\/media?parent=240400"}],"wp:term":[{"taxonomy":"category","embeddable":true,"href":"https:\/\/laredsocial-noticias.com\/wp\/wp-json\/wp\/v2\/categories?post=240400"},{"taxonomy":"post_tag","embeddable":true,"href":"https:\/\/laredsocial-noticias.com\/wp\/wp-json\/wp\/v2\/tags?post=240400"}],"curies":[{"name":"wp","href":"https:\/\/api.w.org\/{rel}","templated":true}]}}