{"id":240457,"date":"2025-01-24T15:00:55","date_gmt":"2025-01-24T21:00:55","guid":{"rendered":"https:\/\/laredsocial-noticias.com\/wp\/?p=240457"},"modified":"2025-01-25T07:41:13","modified_gmt":"2025-01-25T13:41:13","slug":"sheinbaum-afirma-que-declarar-terroristas-a-carteles-mexicanos-no-ayuda","status":"publish","type":"post","link":"https:\/\/laredsocial-noticias.com\/wp\/sheinbaum-afirma-que-declarar-terroristas-a-carteles-mexicanos-no-ayuda\/","title":{"rendered":"Sheinbaum afirma que declarar terroristas a c\u00e1rteles mexicanos \u2018no ayuda\u2019"},"content":{"rendered":"<p>La presidenta Claudia Sheinbaum Pardo, afirm\u00f3 este viernes que &#8220;no ayuda&#8221; que el mandatario de Estados Unidos, Donald Trump, declare terroristas a los carteles mexicanos del narcotr\u00e1fico y revel\u00f3 que un equipo de abogados del Gobierno ya analiza las implicaciones de esta medida.<\/p>\n<p class=\"text-align-center\"><em>\u201cSobre este tema de catalogar a alg\u00fan grupo criminal como terrorista, nosotros consideramos que no ayuda, sino que lo que ayuda ser\u00eda la coordinaci\u00f3n y la colaboraci\u00f3n conjunta, y nosotros tenemos una estrategia integral&#8221;, declar\u00f3 la mandataria en su conferencia matutina.<\/em><\/p>\n<p>Sheinbaum Pardo cuestion\u00f3 la utilidad de la orden de Trump, quien en su primer d\u00eda en el cargo, el lunes, fij\u00f3 un plazo de dos semanas para que el Gobierno estadounidenses defina qu\u00e9 carteles mexicanos, a los que acusa de causar la muerte de entre 250 mil y 300 mil estadounidenses al a\u00f1o, considerar\u00e1 como grupos terroristas.<\/p>\n<p>Esto podr\u00eda implicar el uso de tropas estadounidenses para combatir a los carteles, operaciones encubiertas en M\u00e9xico y el uso de drones para bombardear territorio mexicano, seg\u00fan admiti\u00f3 Trump en varias entrevistas con medios.<\/p>\n<p>Pero Sheinbaum argument\u00f3 que debe existir colaboraci\u00f3n con\u00a0&#8220;respeto a las soberan\u00edas&#8221;\u00a0para &#8220;disminuir la violencia en M\u00e9xico, evitar el tr\u00e1fico de armas de Estados Unidos a M\u00e9xico y al mismo tiempo evitar que llegue esta droga (el fentanilo) a Estados Unidos\u201d.<\/p>\n<p>&#8220;Nosotros estamos combatiendo a estos grupos criminales y lo que queremos es la colaboraci\u00f3n y la coordinaci\u00f3n. Las decisiones unilaterales no ayudan, lo que ayuda es la colaboraci\u00f3n&#8221;, remarc\u00f3.<\/p>\n<p>La mandataria tambi\u00e9n expuso que el Gobierno ha formado\u00a0&#8220;un equipo de abogados que est\u00e1 haciendo el an\u00e1lisis por las implicaciones diversas que pudiera tener&#8221;\u00a0la orden de Trump, quien ha advertido de aranceles del 25% a productos mexicanos por el flujo de migrantes y drogas, en particular el fentanilo.<\/p>\n<div data-mrf-experience=\"IL_lide-byYQwGyww6rsXLz_g\"><\/div>\n<p class=\"text-align-center\"><em>\u201cEntonces lo que estamos haciendo es un an\u00e1lisis jur\u00eddico de qu\u00e9 implicaciones tendr\u00eda para diversas organizaciones que no est\u00e1n vinculadas (al narcotr\u00e1fico) y que pudieran, con esta decisi\u00f3n, generar un problema econ\u00f3mico y, en todo caso, hacerle un planteamiento a Estados Unidos&#8221;, mencion\u00f3.<\/em><\/p>\n<p>La presidenta insisti\u00f3 en que Estados Unidos tambi\u00e9n debe trabajar para reducir el consumo de drogas y el tr\u00e1fico de armas a M\u00e9xico.<\/p>\n<p class=\"text-align-center\"><em>\u201cEl asunto de consumo de fentanilo no solo es un asunto de grupos criminales, es un asunto tambi\u00e9n de salud p\u00fablica y de atenci\u00f3n a las causas. \u00bfPor qu\u00e9 hay consumo de fentanilo en Estados Unidos y no aqu\u00ed en esos niveles?\u201d, cuestion\u00f3.<\/em><\/p>\n","protected":false},"excerpt":{"rendered":"<p>La presidenta Claudia Sheinbaum Pardo, afirm\u00f3 este viernes que &#8220;no ayuda&#8221; que el mandatario de Estados Unidos, Donald Trump, declare&#8230;<\/p>\n","protected":false},"author":1,"featured_media":240459,"comment_status":"open","ping_status":"closed","sticky":false,"template":"","format":"standard","meta":{"footnotes":""},"categories":[78,6026],"tags":[4959,77],"class_list":["post-240457","post","type-post","status-publish","format-standard","has-post-thumbnail","hentry","category-nacional","category-portada","tag-featured","tag-principal"],"yoast_head":"<!-- This site is optimized with the Yoast SEO plugin v26.5 - https:\/\/yoast.com\/wordpress\/plugins\/seo\/ -->\n<title>Sheinbaum afirma que declarar terroristas a c\u00e1rteles mexicanos \u2018no ayuda\u2019 - NOTICIAS<\/title>\n<meta name=\"robots\" content=\"index, follow, max-snippet:-1, max-image-preview:large, max-video-preview:-1\" \/>\n<link rel=\"canonical\" href=\"https:\/\/laredsocial-noticias.com\/wp\/sheinbaum-afirma-que-declarar-terroristas-a-carteles-mexicanos-no-ayuda\/\" \/>\n<meta property=\"og:locale\" content=\"es_ES\" \/>\n<meta property=\"og:type\" content=\"article\" \/>\n<meta property=\"og:title\" content=\"Sheinbaum afirma que declarar terroristas a c\u00e1rteles mexicanos \u2018no ayuda\u2019 - NOTICIAS\" \/>\n<meta property=\"og:description\" content=\"La presidenta Claudia Sheinbaum Pardo, afirm\u00f3 este viernes que &#8220;no ayuda&#8221; que el mandatario de Estados Unidos, Donald Trump, declare...\" \/>\n<meta property=\"og:url\" content=\"https:\/\/laredsocial-noticias.com\/wp\/sheinbaum-afirma-que-declarar-terroristas-a-carteles-mexicanos-no-ayuda\/\" \/>\n<meta property=\"og:site_name\" content=\"NOTICIAS\" \/>\n<meta property=\"article:published_time\" content=\"2025-01-24T21:00:55+00:00\" \/>\n<meta property=\"article:modified_time\" content=\"2025-01-25T13:41:13+00:00\" \/>\n<meta name=\"author\" content=\"Editor en Jefe\" \/>\n<meta name=\"twitter:card\" content=\"summary_large_image\" \/>\n<meta name=\"twitter:label1\" content=\"Escrito por\" \/>\n\t<meta name=\"twitter:data1\" content=\"Editor en Jefe\" \/>\n\t<meta name=\"twitter:label2\" content=\"Tiempo de lectura\" \/>\n\t<meta name=\"twitter:data2\" content=\"2 minutos\" \/>\n<!-- \/ Yoast SEO plugin. -->","yoast_head_json":{"title":"Sheinbaum afirma que declarar terroristas a c\u00e1rteles mexicanos \u2018no ayuda\u2019 - NOTICIAS","robots":{"index":"index","follow":"follow","max-snippet":"max-snippet:-1","max-image-preview":"max-image-preview:large","max-video-preview":"max-video-preview:-1"},"canonical":"https:\/\/laredsocial-noticias.com\/wp\/sheinbaum-afirma-que-declarar-terroristas-a-carteles-mexicanos-no-ayuda\/","og_locale":"es_ES","og_type":"article","og_title":"Sheinbaum afirma que declarar terroristas a c\u00e1rteles mexicanos \u2018no ayuda\u2019 - NOTICIAS","og_description":"La presidenta Claudia Sheinbaum Pardo, afirm\u00f3 este viernes que &#8220;no ayuda&#8221; que el mandatario de Estados Unidos, Donald Trump, declare...","og_url":"https:\/\/laredsocial-noticias.com\/wp\/sheinbaum-afirma-que-declarar-terroristas-a-carteles-mexicanos-no-ayuda\/","og_site_name":"NOTICIAS","article_published_time":"2025-01-24T21:00:55+00:00","article_modified_time":"2025-01-25T13:41:13+00:00","author":"Editor en Jefe","twitter_card":"summary_large_image","twitter_misc":{"Escrito por":"Editor en Jefe","Tiempo de lectura":"2 minutos"},"schema":{"@context":"https:\/\/schema.org","@graph":[{"@type":"WebPage","@id":"https:\/\/laredsocial-noticias.com\/wp\/sheinbaum-afirma-que-declarar-terroristas-a-carteles-mexicanos-no-ayuda\/","url":"https:\/\/laredsocial-noticias.com\/wp\/sheinbaum-afirma-que-declarar-terroristas-a-carteles-mexicanos-no-ayuda\/","name":"Sheinbaum afirma que declarar terroristas a c\u00e1rteles mexicanos \u2018no ayuda\u2019 - NOTICIAS","isPartOf":{"@id":"https:\/\/laredsocial-noticias.com\/wp\/#website"},"primaryImageOfPage":{"@id":"https:\/\/laredsocial-noticias.com\/wp\/sheinbaum-afirma-que-declarar-terroristas-a-carteles-mexicanos-no-ayuda\/#primaryimage"},"image":{"@id":"https:\/\/laredsocial-noticias.com\/wp\/sheinbaum-afirma-que-declarar-terroristas-a-carteles-mexicanos-no-ayuda\/#primaryimage"},"thumbnailUrl":"https:\/\/laredsocial-noticias.com\/wp\/wp-content\/uploads\/2025\/01\/sheinbaum_afirma_que_declarar_terroristas_a_carteles_mexicanos_no_ayuda.png","datePublished":"2025-01-24T21:00:55+00:00","dateModified":"2025-01-25T13:41:13+00:00","author":{"@id":"https:\/\/laredsocial-noticias.com\/wp\/#\/schema\/person\/0ce78643f2de7aae6f6ef10e8453a6e0"},"breadcrumb":{"@id":"https:\/\/laredsocial-noticias.com\/wp\/sheinbaum-afirma-que-declarar-terroristas-a-carteles-mexicanos-no-ayuda\/#breadcrumb"},"inLanguage":"es","potentialAction":[{"@type":"ReadAction","target":["https:\/\/laredsocial-noticias.com\/wp\/sheinbaum-afirma-que-declarar-terroristas-a-carteles-mexicanos-no-ayuda\/"]}]},{"@type":"ImageObject","inLanguage":"es","@id":"https:\/\/laredsocial-noticias.com\/wp\/sheinbaum-afirma-que-declarar-terroristas-a-carteles-mexicanos-no-ayuda\/#primaryimage","url":"https:\/\/laredsocial-noticias.com\/wp\/wp-content\/uploads\/2025\/01\/sheinbaum_afirma_que_declarar_terroristas_a_carteles_mexicanos_no_ayuda.png","contentUrl":"https:\/\/laredsocial-noticias.com\/wp\/wp-content\/uploads\/2025\/01\/sheinbaum_afirma_que_declarar_terroristas_a_carteles_mexicanos_no_ayuda.png","width":770,"height":513},{"@type":"BreadcrumbList","@id":"https:\/\/laredsocial-noticias.com\/wp\/sheinbaum-afirma-que-declarar-terroristas-a-carteles-mexicanos-no-ayuda\/#breadcrumb","itemListElement":[{"@type":"ListItem","position":1,"name":"Portada","item":"https:\/\/laredsocial-noticias.com\/wp\/"},{"@type":"ListItem","position":2,"name":"Sheinbaum afirma que declarar terroristas a c\u00e1rteles mexicanos \u2018no ayuda\u2019"}]},{"@type":"WebSite","@id":"https:\/\/laredsocial-noticias.com\/wp\/#website","url":"https:\/\/laredsocial-noticias.com\/wp\/","name":"NOTICIAS","description":"Lo que se ve y se dice en las redes sociales","potentialAction":[{"@type":"SearchAction","target":{"@type":"EntryPoint","urlTemplate":"https:\/\/laredsocial-noticias.com\/wp\/?s={search_term_string}"},"query-input":{"@type":"PropertyValueSpecification","valueRequired":true,"valueName":"search_term_string"}}],"inLanguage":"es"},{"@type":"Person","@id":"https:\/\/laredsocial-noticias.com\/wp\/#\/schema\/person\/0ce78643f2de7aae6f6ef10e8453a6e0","name":"Editor en Jefe","url":"https:\/\/laredsocial-noticias.com\/wp\/author\/jorgeochoa\/"}]}},"_links":{"self":[{"href":"https:\/\/laredsocial-noticias.com\/wp\/wp-json\/wp\/v2\/posts\/240457","targetHints":{"allow":["GET"]}}],"collection":[{"href":"https:\/\/laredsocial-noticias.com\/wp\/wp-json\/wp\/v2\/posts"}],"about":[{"href":"https:\/\/laredsocial-noticias.com\/wp\/wp-json\/wp\/v2\/types\/post"}],"author":[{"embeddable":true,"href":"https:\/\/laredsocial-noticias.com\/wp\/wp-json\/wp\/v2\/users\/1"}],"replies":[{"embeddable":true,"href":"https:\/\/laredsocial-noticias.com\/wp\/wp-json\/wp\/v2\/comments?post=240457"}],"version-history":[{"count":1,"href":"https:\/\/laredsocial-noticias.com\/wp\/wp-json\/wp\/v2\/posts\/240457\/revisions"}],"predecessor-version":[{"id":240458,"href":"https:\/\/laredsocial-noticias.com\/wp\/wp-json\/wp\/v2\/posts\/240457\/revisions\/240458"}],"wp:featuredmedia":[{"embeddable":true,"href":"https:\/\/laredsocial-noticias.com\/wp\/wp-json\/wp\/v2\/media\/240459"}],"wp:attachment":[{"href":"https:\/\/laredsocial-noticias.com\/wp\/wp-json\/wp\/v2\/media?parent=240457"}],"wp:term":[{"taxonomy":"category","embeddable":true,"href":"https:\/\/laredsocial-noticias.com\/wp\/wp-json\/wp\/v2\/categories?post=240457"},{"taxonomy":"post_tag","embeddable":true,"href":"https:\/\/laredsocial-noticias.com\/wp\/wp-json\/wp\/v2\/tags?post=240457"}],"curies":[{"name":"wp","href":"https:\/\/api.w.org\/{rel}","templated":true}]}}