{"id":240602,"date":"2025-01-26T18:30:24","date_gmt":"2025-01-27T00:30:24","guid":{"rendered":"https:\/\/laredsocial-noticias.com\/wp\/?p=240602"},"modified":"2025-01-26T23:31:51","modified_gmt":"2025-01-27T05:31:51","slug":"sale-nueva-caravana-migrante-de-tapachula","status":"publish","type":"post","link":"https:\/\/laredsocial-noticias.com\/wp\/sale-nueva-caravana-migrante-de-tapachula\/","title":{"rendered":"Sale nueva caravana migrante de Tapachula"},"content":{"rendered":"<p>Miles de migrantes salieron este domingo en una nueva caravana desde la frontera sur de M\u00e9xico, para intentar llegar a la capital del pa\u00eds, y posteriormente buscar cruzar a los Estados Unidos, a pesar de que el presidente Donald Trump ha endurecido sus pol\u00edticas migratorias y las deportaciones de personas.<\/p>\n<p>Los indocumentados pretenden desafiar las pol\u00edticas migratorias del republicano, quien desde el primer d\u00eda de su mandato, el pasado lunes, inici\u00f3 la deportaci\u00f3n de miles de indocumentados que se encontraban en suelo estadounidense.<\/p>\n<p>Algunos integrantes de la caravana buscan quedarse en la frontera norte, ante el temor de ser deportados a sus pa\u00edses de origen.<\/p>\n<p>Este contingente de personas dej\u00f3 Tapachula, Chiapas, tras la cancelaci\u00f3n de la aplicaci\u00f3n de CBP ONE, que les permit\u00eda solicitar asilo en Estados Unidos, y ante la falta de empleo, la inseguridad y la esperanza de que puedan ofrecerles una nueva opci\u00f3n para entrar a su destino.<\/p>\n<p>En esta multitud, viaja Yomely Daniela Blackaus Bodeen, una mujer que lleva a tres ni\u00f1os con destino a los Estados Unidos, para poder trabajar y comprarle una casa a su mam\u00e1, ya que su econom\u00eda en Honduras no le permite sostenerse y cumplirle el sue\u00f1o a su progenitora.<\/p>\n<blockquote>\n<p class=\"text-align-center\"><em>\u201c\u00c9l (Trump) tiene que saber que no todos los migrantes somos delincuentes, habemos migrantes que s\u00ed necesitamos salir adelante, no todos los migrantes somos delincuentes, asesinos\u201d, dijo.<\/em><\/p>\n<\/blockquote>\n<p>Diego Armando Castillo, migrante de Venezuela, quien viaja con su familia, cont\u00f3 a EFE, que se van de Tapachula, porque han cerrado la aplicaci\u00f3n de CBP ONE, pero si esta estuviera vigente, desistir\u00eda salir caminando por los riesgos, el tema econ\u00f3mico y todos los gastos que el traslado conlleva.<\/p>\n<blockquote>\n<p class=\"text-align-center\"><em>\u201cEl cierre de CBP ONE me parece que es una estrategia del Gobierno americano para poder empezar a depurar y sacar a gente que ingres\u00f3 tiempo atr\u00e1s de manera irregular y que no tienen un control migratorio, que no tienen informaci\u00f3n, eso lo podemos entender\u201d, se\u00f1al\u00f3.<\/em><\/p>\n<\/blockquote>\n<p>Sin embargo, dijo, que el actual Gobierno estadounidense deber\u00eda abrir \u201cuna nueva autoridad\u201d para todos los migrantes que se encuentran varados en M\u00e9xico para que \u201cpuedan ingresar, pas\u00e1ndolos con sus reglas y requisitos\u201d<\/p>\n<p>En tanto que la migrante colombiana Maricela Cort\u00e9s relat\u00f3 que sigue firme su intenci\u00f3n de poder llegar a la frontera norte para poder intentar cruzar a Estados Unidos, por ello, se uni\u00f3 a esta caravana para avanzar a Ciudad de M\u00e9xico y esperar un tiempo ya que el sue\u00f1o americano est\u00e1 vigente.<\/p>\n<div data-mrf-experience=\"IL_lide-byYQwGyww6rsXLz_g\"><\/div>\n<blockquote>\n<p class=\"text-align-center\"><em>\u201cNosotros, no tenemos miedo, yo creo que el miedo lo dejamos hace rato, nosotros vamos mentalizados a que vamos a llegar y en alg\u00fan momento se tienen que abrir una puerta. Confiamos mucho en Dios y eso es lo que nos hace avanzar, tratar de ser unidos todos\u201d, apunt\u00f3.<\/em><\/p>\n<\/blockquote>\n<p>La caravana parte unos d\u00edas despu\u00e9s de que Trump dedicara sus primeras \u00f3rdenes ejecutivas a &#8220;cerrar&#8221; la frontera con el despliegue de militares y restaurar\u00e1 el pol\u00e9mico programa &#8216;Qu\u00e9date en M\u00e9xico&#8217;, que obliga a solicitantes de asilo a esperar en territorio mexicano.<\/p>\n<p>Ante ello, la administraci\u00f3n de Claudia Sheinbaum present\u00f3 &#8216;M\u00e9xico te abraza&#8217;, una estrategia con la que el Gobierno pretende reintegrar a los mexicanos deportados por Trump mediante promesas de empleo, programas sociales, apoyo de traslado por el pa\u00eds y la &#8216;Tarjeta Paisano Bienestar&#8217; con 2 mil pesos.<\/p>\n","protected":false},"excerpt":{"rendered":"<p>Miles de migrantes salieron este domingo en una nueva caravana desde la frontera sur de M\u00e9xico, para intentar llegar a&#8230;<\/p>\n","protected":false},"author":1,"featured_media":240604,"comment_status":"open","ping_status":"closed","sticky":false,"template":"","format":"standard","meta":{"footnotes":""},"categories":[2379,6026],"tags":[4959,77],"class_list":["post-240602","post","type-post","status-publish","format-standard","has-post-thumbnail","hentry","category-estados-2","category-portada","tag-featured","tag-principal"],"yoast_head":"<!-- This site is optimized with the Yoast SEO plugin v26.5 - https:\/\/yoast.com\/wordpress\/plugins\/seo\/ -->\n<title>Sale nueva caravana migrante de Tapachula - NOTICIAS<\/title>\n<meta name=\"robots\" content=\"index, follow, max-snippet:-1, max-image-preview:large, max-video-preview:-1\" \/>\n<link rel=\"canonical\" href=\"https:\/\/laredsocial-noticias.com\/wp\/sale-nueva-caravana-migrante-de-tapachula\/\" \/>\n<meta property=\"og:locale\" content=\"es_ES\" \/>\n<meta property=\"og:type\" content=\"article\" \/>\n<meta property=\"og:title\" content=\"Sale nueva caravana migrante de Tapachula - NOTICIAS\" \/>\n<meta property=\"og:description\" content=\"Miles de migrantes salieron este domingo en una nueva caravana desde la frontera sur de M\u00e9xico, para intentar llegar a...\" \/>\n<meta property=\"og:url\" content=\"https:\/\/laredsocial-noticias.com\/wp\/sale-nueva-caravana-migrante-de-tapachula\/\" \/>\n<meta property=\"og:site_name\" content=\"NOTICIAS\" \/>\n<meta property=\"article:published_time\" content=\"2025-01-27T00:30:24+00:00\" \/>\n<meta property=\"article:modified_time\" content=\"2025-01-27T05:31:51+00:00\" \/>\n<meta name=\"author\" content=\"Editor en Jefe\" \/>\n<meta name=\"twitter:card\" content=\"summary_large_image\" \/>\n<meta name=\"twitter:label1\" content=\"Escrito por\" \/>\n\t<meta name=\"twitter:data1\" content=\"Editor en Jefe\" \/>\n\t<meta name=\"twitter:label2\" content=\"Tiempo de lectura\" \/>\n\t<meta name=\"twitter:data2\" content=\"3 minutos\" \/>\n<!-- \/ Yoast SEO plugin. -->","yoast_head_json":{"title":"Sale nueva caravana migrante de Tapachula - NOTICIAS","robots":{"index":"index","follow":"follow","max-snippet":"max-snippet:-1","max-image-preview":"max-image-preview:large","max-video-preview":"max-video-preview:-1"},"canonical":"https:\/\/laredsocial-noticias.com\/wp\/sale-nueva-caravana-migrante-de-tapachula\/","og_locale":"es_ES","og_type":"article","og_title":"Sale nueva caravana migrante de Tapachula - NOTICIAS","og_description":"Miles de migrantes salieron este domingo en una nueva caravana desde la frontera sur de M\u00e9xico, para intentar llegar a...","og_url":"https:\/\/laredsocial-noticias.com\/wp\/sale-nueva-caravana-migrante-de-tapachula\/","og_site_name":"NOTICIAS","article_published_time":"2025-01-27T00:30:24+00:00","article_modified_time":"2025-01-27T05:31:51+00:00","author":"Editor en Jefe","twitter_card":"summary_large_image","twitter_misc":{"Escrito por":"Editor en Jefe","Tiempo de lectura":"3 minutos"},"schema":{"@context":"https:\/\/schema.org","@graph":[{"@type":"WebPage","@id":"https:\/\/laredsocial-noticias.com\/wp\/sale-nueva-caravana-migrante-de-tapachula\/","url":"https:\/\/laredsocial-noticias.com\/wp\/sale-nueva-caravana-migrante-de-tapachula\/","name":"Sale nueva caravana migrante de Tapachula - NOTICIAS","isPartOf":{"@id":"https:\/\/laredsocial-noticias.com\/wp\/#website"},"primaryImageOfPage":{"@id":"https:\/\/laredsocial-noticias.com\/wp\/sale-nueva-caravana-migrante-de-tapachula\/#primaryimage"},"image":{"@id":"https:\/\/laredsocial-noticias.com\/wp\/sale-nueva-caravana-migrante-de-tapachula\/#primaryimage"},"thumbnailUrl":"https:\/\/laredsocial-noticias.com\/wp\/wp-content\/uploads\/2025\/01\/caravana-migrante.png","datePublished":"2025-01-27T00:30:24+00:00","dateModified":"2025-01-27T05:31:51+00:00","author":{"@id":"https:\/\/laredsocial-noticias.com\/wp\/#\/schema\/person\/0ce78643f2de7aae6f6ef10e8453a6e0"},"breadcrumb":{"@id":"https:\/\/laredsocial-noticias.com\/wp\/sale-nueva-caravana-migrante-de-tapachula\/#breadcrumb"},"inLanguage":"es","potentialAction":[{"@type":"ReadAction","target":["https:\/\/laredsocial-noticias.com\/wp\/sale-nueva-caravana-migrante-de-tapachula\/"]}]},{"@type":"ImageObject","inLanguage":"es","@id":"https:\/\/laredsocial-noticias.com\/wp\/sale-nueva-caravana-migrante-de-tapachula\/#primaryimage","url":"https:\/\/laredsocial-noticias.com\/wp\/wp-content\/uploads\/2025\/01\/caravana-migrante.png","contentUrl":"https:\/\/laredsocial-noticias.com\/wp\/wp-content\/uploads\/2025\/01\/caravana-migrante.png","width":770,"height":404},{"@type":"BreadcrumbList","@id":"https:\/\/laredsocial-noticias.com\/wp\/sale-nueva-caravana-migrante-de-tapachula\/#breadcrumb","itemListElement":[{"@type":"ListItem","position":1,"name":"Portada","item":"https:\/\/laredsocial-noticias.com\/wp\/"},{"@type":"ListItem","position":2,"name":"Sale nueva caravana migrante de Tapachula"}]},{"@type":"WebSite","@id":"https:\/\/laredsocial-noticias.com\/wp\/#website","url":"https:\/\/laredsocial-noticias.com\/wp\/","name":"NOTICIAS","description":"Lo que se ve y se dice en las redes sociales","potentialAction":[{"@type":"SearchAction","target":{"@type":"EntryPoint","urlTemplate":"https:\/\/laredsocial-noticias.com\/wp\/?s={search_term_string}"},"query-input":{"@type":"PropertyValueSpecification","valueRequired":true,"valueName":"search_term_string"}}],"inLanguage":"es"},{"@type":"Person","@id":"https:\/\/laredsocial-noticias.com\/wp\/#\/schema\/person\/0ce78643f2de7aae6f6ef10e8453a6e0","name":"Editor en Jefe","url":"https:\/\/laredsocial-noticias.com\/wp\/author\/jorgeochoa\/"}]}},"_links":{"self":[{"href":"https:\/\/laredsocial-noticias.com\/wp\/wp-json\/wp\/v2\/posts\/240602","targetHints":{"allow":["GET"]}}],"collection":[{"href":"https:\/\/laredsocial-noticias.com\/wp\/wp-json\/wp\/v2\/posts"}],"about":[{"href":"https:\/\/laredsocial-noticias.com\/wp\/wp-json\/wp\/v2\/types\/post"}],"author":[{"embeddable":true,"href":"https:\/\/laredsocial-noticias.com\/wp\/wp-json\/wp\/v2\/users\/1"}],"replies":[{"embeddable":true,"href":"https:\/\/laredsocial-noticias.com\/wp\/wp-json\/wp\/v2\/comments?post=240602"}],"version-history":[{"count":1,"href":"https:\/\/laredsocial-noticias.com\/wp\/wp-json\/wp\/v2\/posts\/240602\/revisions"}],"predecessor-version":[{"id":240603,"href":"https:\/\/laredsocial-noticias.com\/wp\/wp-json\/wp\/v2\/posts\/240602\/revisions\/240603"}],"wp:featuredmedia":[{"embeddable":true,"href":"https:\/\/laredsocial-noticias.com\/wp\/wp-json\/wp\/v2\/media\/240604"}],"wp:attachment":[{"href":"https:\/\/laredsocial-noticias.com\/wp\/wp-json\/wp\/v2\/media?parent=240602"}],"wp:term":[{"taxonomy":"category","embeddable":true,"href":"https:\/\/laredsocial-noticias.com\/wp\/wp-json\/wp\/v2\/categories?post=240602"},{"taxonomy":"post_tag","embeddable":true,"href":"https:\/\/laredsocial-noticias.com\/wp\/wp-json\/wp\/v2\/tags?post=240602"}],"curies":[{"name":"wp","href":"https:\/\/api.w.org\/{rel}","templated":true}]}}