{"id":241228,"date":"2025-02-06T11:30:47","date_gmt":"2025-02-06T17:30:47","guid":{"rendered":"https:\/\/laredsocial-noticias.com\/wp\/?p=241228"},"modified":"2025-02-06T16:21:08","modified_gmt":"2025-02-06T22:21:08","slug":"presentan-proyecto-del-centro-de-diseno-de-semiconductores","status":"publish","type":"post","link":"https:\/\/laredsocial-noticias.com\/wp\/presentan-proyecto-del-centro-de-diseno-de-semiconductores\/","title":{"rendered":"Presentan &#8216;Proyecto del Centro de Dise\u00f1o de Semiconductores&#8217;"},"content":{"rendered":"<p>Rosaura Ru\u00edz Guti\u00e9rrez, encargada de la Secretar\u00eda de Ciencias, Humanidades, Tecnolog\u00eda e Innovaci\u00f3n, present\u00f3 el \u201cProyecto del Centro de Dise\u00f1o de Semiconductores\u201d, el cual llevar\u00e1 el nombre de \u201cKutsari\u201d, palabra pur\u00e9pecha para arena.<\/p>\n<p>Desde la ma\u00f1anera en Palacio Nacional, la servidora p\u00fablica se\u00f1al\u00f3 que este planteamiento contempla la creaci\u00f3n de un sitio de semiconductores, todo bajo un marco legal para la transferencia de tecnolog\u00eda, al tiempo que detall\u00f3 que tambi\u00e9n tendr\u00e1 la incursi\u00f3n para la fabricaci\u00f3n de chips tradicionales o \u201clegacy\u201d, usados para satisfacer la demanda nacional.<\/p>\n<p class=\"text-align-center\"><em>\u201cEl proyecto cubrir\u00e1 varios aspectos para poner un marco legal y normativo para fortalecer la duraci\u00f3n y transferencia de tecnolog\u00eda en el tema, promover ecosistemas que incluyen toda la cadena de proveedur\u00eda en el desarrollo e incentivar la producci\u00f3n tierra tecnol\u00f3gica en electr\u00f3nica de semiconductores. En una primera etapa, se crear\u00e1 un centro de dise\u00f1o que aproveche la experiencia de las personas cient\u00edficas y tecnolog\u00edas mexicanas. Para una segunda etapa, se incursionar\u00e1 en la fabricaci\u00f3n de chips tipo tradicional o legacy, para satisfacer la demanda nacional\u201d, asever\u00f3.<\/em><\/p>\n<p>Y es que la apuesta de la autoridad federal hacia los semiconductores es vital, puesto que estos son la base de la tecnolog\u00eda moderna. Dado que, sin ellos, los tel\u00e9fonos celulares, computadoras, autom\u00f3viles y equipos m\u00e9dicos no funcionar\u00edan. Por ello, se impulsar\u00e1 el dise\u00f1o en Puebla, Jalisco y Sonora.<\/p>\n<p>Basta recordar que entre 2020 y 2021 hubo escasez internacional de chips, lo cual paraliz\u00f3 la producci\u00f3n de carros y equipos electr\u00f3nicos, evidenciando con ello una urgencia para diversificar su elaboraci\u00f3n a nivel mundial.<\/p>\n<h3>CAMBIOS EN PATENTES<\/h3>\n<p>Tras el aviso de Ruiz Guti\u00e9rrez, tambi\u00e9n mencion\u00f3 que habr\u00e1 modificaciones en el registro de patentes, puesto que el gobierno federal busca fomentar la innovaci\u00f3n y proteger el desarrollo de nuevas tecnolog\u00edas dentro del pa\u00eds. Esto funcionar\u00e1 como un pilar para atraer inversi\u00f3n y talento especializado en ingenier\u00eda electr\u00f3nica, microprocesadores y dise\u00f1o de circuitos.<\/p>\n<div data-mrf-experience=\"IL_lide-byYQwGyww6rsXLz_g\"><\/div>\n<p>Al tomar la palabra Santiago Nieto Castillo, director general del Instituto Mexicano de Propiedad Industrial (IMPI), sostuvo que el a\u00f1o pasado, se otorgaron 10 mil 899 patentes, pero solo el 6.38 por ciento fueron en favor de gente mexicana. Por ello, enfatiz\u00f3 que es necesario una modificaci\u00f3n para la ley de registro de patentes, con la cual se busca aumentar el registro de estas, disminuir tiempos y a su vez generar un consejo consultivo que permita la transferencia tecnol\u00f3gica en el sector empresarial y acad\u00e9mico.<\/p>\n<p>Nieto Castillo asever\u00f3 que actualmente hay 28 solicitudes de patente sobre este tema que son de ciudadanos de nuestro pa\u00eds.<\/p>\n<p class=\"text-align-center\"><em>\u201cEn este momento se tienen 84 solicitudes de registro y 28 pendientes en materia de conductores presentados por mexicanas y mexicanos. Por otro lado, tenemos 343 solicitudes de patente de extranjeros, de las cuales 120 se encuentran pendientes de resoluci\u00f3n. Adem\u00e1s, hay que agregarle un diagn\u00f3stico en donde se recibieron el a\u00f1o pasado, 16 mil 189 solicitudes de patentes, de las cuales se concedieron 10 mil 899 y de esas el 6.38 son de personas mexicanas y el 93.62 por ciento de personas extranjeras\u201d, destac\u00f3 Nieto Castillo.<\/em><\/p>\n","protected":false},"excerpt":{"rendered":"<p>Rosaura Ru\u00edz Guti\u00e9rrez, encargada de la Secretar\u00eda de Ciencias, Humanidades, Tecnolog\u00eda e Innovaci\u00f3n, present\u00f3 el \u201cProyecto del Centro de Dise\u00f1o&#8230;<\/p>\n","protected":false},"author":1,"featured_media":241230,"comment_status":"open","ping_status":"closed","sticky":false,"template":"","format":"standard","meta":{"footnotes":""},"categories":[78,6026],"tags":[4959,77],"class_list":["post-241228","post","type-post","status-publish","format-standard","has-post-thumbnail","hentry","category-nacional","category-portada","tag-featured","tag-principal"],"yoast_head":"<!-- This site is optimized with the Yoast SEO plugin v26.5 - https:\/\/yoast.com\/wordpress\/plugins\/seo\/ -->\n<title>Presentan &#039;Proyecto del Centro de Dise\u00f1o de Semiconductores&#039; - NOTICIAS<\/title>\n<meta name=\"robots\" content=\"index, follow, max-snippet:-1, max-image-preview:large, max-video-preview:-1\" \/>\n<link rel=\"canonical\" href=\"https:\/\/laredsocial-noticias.com\/wp\/presentan-proyecto-del-centro-de-diseno-de-semiconductores\/\" \/>\n<meta property=\"og:locale\" content=\"es_ES\" \/>\n<meta property=\"og:type\" content=\"article\" \/>\n<meta property=\"og:title\" content=\"Presentan &#039;Proyecto del Centro de Dise\u00f1o de Semiconductores&#039; - NOTICIAS\" \/>\n<meta property=\"og:description\" content=\"Rosaura Ru\u00edz Guti\u00e9rrez, encargada de la Secretar\u00eda de Ciencias, Humanidades, Tecnolog\u00eda e Innovaci\u00f3n, present\u00f3 el \u201cProyecto del Centro de Dise\u00f1o...\" \/>\n<meta property=\"og:url\" content=\"https:\/\/laredsocial-noticias.com\/wp\/presentan-proyecto-del-centro-de-diseno-de-semiconductores\/\" \/>\n<meta property=\"og:site_name\" content=\"NOTICIAS\" \/>\n<meta property=\"article:published_time\" content=\"2025-02-06T17:30:47+00:00\" \/>\n<meta property=\"article:modified_time\" content=\"2025-02-06T22:21:08+00:00\" \/>\n<meta name=\"author\" content=\"Editor en Jefe\" \/>\n<meta name=\"twitter:card\" content=\"summary_large_image\" \/>\n<meta name=\"twitter:label1\" content=\"Escrito por\" \/>\n\t<meta name=\"twitter:data1\" content=\"Editor en Jefe\" \/>\n\t<meta name=\"twitter:label2\" content=\"Tiempo de lectura\" \/>\n\t<meta name=\"twitter:data2\" content=\"3 minutos\" \/>\n<!-- \/ Yoast SEO plugin. -->","yoast_head_json":{"title":"Presentan 'Proyecto del Centro de Dise\u00f1o de Semiconductores' - NOTICIAS","robots":{"index":"index","follow":"follow","max-snippet":"max-snippet:-1","max-image-preview":"max-image-preview:large","max-video-preview":"max-video-preview:-1"},"canonical":"https:\/\/laredsocial-noticias.com\/wp\/presentan-proyecto-del-centro-de-diseno-de-semiconductores\/","og_locale":"es_ES","og_type":"article","og_title":"Presentan 'Proyecto del Centro de Dise\u00f1o de Semiconductores' - NOTICIAS","og_description":"Rosaura Ru\u00edz Guti\u00e9rrez, encargada de la Secretar\u00eda de Ciencias, Humanidades, Tecnolog\u00eda e Innovaci\u00f3n, present\u00f3 el \u201cProyecto del Centro de Dise\u00f1o...","og_url":"https:\/\/laredsocial-noticias.com\/wp\/presentan-proyecto-del-centro-de-diseno-de-semiconductores\/","og_site_name":"NOTICIAS","article_published_time":"2025-02-06T17:30:47+00:00","article_modified_time":"2025-02-06T22:21:08+00:00","author":"Editor en Jefe","twitter_card":"summary_large_image","twitter_misc":{"Escrito por":"Editor en Jefe","Tiempo de lectura":"3 minutos"},"schema":{"@context":"https:\/\/schema.org","@graph":[{"@type":"WebPage","@id":"https:\/\/laredsocial-noticias.com\/wp\/presentan-proyecto-del-centro-de-diseno-de-semiconductores\/","url":"https:\/\/laredsocial-noticias.com\/wp\/presentan-proyecto-del-centro-de-diseno-de-semiconductores\/","name":"Presentan 'Proyecto del Centro de Dise\u00f1o de Semiconductores' - NOTICIAS","isPartOf":{"@id":"https:\/\/laredsocial-noticias.com\/wp\/#website"},"primaryImageOfPage":{"@id":"https:\/\/laredsocial-noticias.com\/wp\/presentan-proyecto-del-centro-de-diseno-de-semiconductores\/#primaryimage"},"image":{"@id":"https:\/\/laredsocial-noticias.com\/wp\/presentan-proyecto-del-centro-de-diseno-de-semiconductores\/#primaryimage"},"thumbnailUrl":"https:\/\/laredsocial-noticias.com\/wp\/wp-content\/uploads\/2025\/02\/proyecto-centro-diseno-semiconductores-rosaura-ruiz.png","datePublished":"2025-02-06T17:30:47+00:00","dateModified":"2025-02-06T22:21:08+00:00","author":{"@id":"https:\/\/laredsocial-noticias.com\/wp\/#\/schema\/person\/0ce78643f2de7aae6f6ef10e8453a6e0"},"breadcrumb":{"@id":"https:\/\/laredsocial-noticias.com\/wp\/presentan-proyecto-del-centro-de-diseno-de-semiconductores\/#breadcrumb"},"inLanguage":"es","potentialAction":[{"@type":"ReadAction","target":["https:\/\/laredsocial-noticias.com\/wp\/presentan-proyecto-del-centro-de-diseno-de-semiconductores\/"]}]},{"@type":"ImageObject","inLanguage":"es","@id":"https:\/\/laredsocial-noticias.com\/wp\/presentan-proyecto-del-centro-de-diseno-de-semiconductores\/#primaryimage","url":"https:\/\/laredsocial-noticias.com\/wp\/wp-content\/uploads\/2025\/02\/proyecto-centro-diseno-semiconductores-rosaura-ruiz.png","contentUrl":"https:\/\/laredsocial-noticias.com\/wp\/wp-content\/uploads\/2025\/02\/proyecto-centro-diseno-semiconductores-rosaura-ruiz.png","width":770,"height":404},{"@type":"BreadcrumbList","@id":"https:\/\/laredsocial-noticias.com\/wp\/presentan-proyecto-del-centro-de-diseno-de-semiconductores\/#breadcrumb","itemListElement":[{"@type":"ListItem","position":1,"name":"Portada","item":"https:\/\/laredsocial-noticias.com\/wp\/"},{"@type":"ListItem","position":2,"name":"Presentan &#8216;Proyecto del Centro de Dise\u00f1o de Semiconductores&#8217;"}]},{"@type":"WebSite","@id":"https:\/\/laredsocial-noticias.com\/wp\/#website","url":"https:\/\/laredsocial-noticias.com\/wp\/","name":"NOTICIAS","description":"Lo que se ve y se dice en las redes sociales","potentialAction":[{"@type":"SearchAction","target":{"@type":"EntryPoint","urlTemplate":"https:\/\/laredsocial-noticias.com\/wp\/?s={search_term_string}"},"query-input":{"@type":"PropertyValueSpecification","valueRequired":true,"valueName":"search_term_string"}}],"inLanguage":"es"},{"@type":"Person","@id":"https:\/\/laredsocial-noticias.com\/wp\/#\/schema\/person\/0ce78643f2de7aae6f6ef10e8453a6e0","name":"Editor en Jefe","url":"https:\/\/laredsocial-noticias.com\/wp\/author\/jorgeochoa\/"}]}},"_links":{"self":[{"href":"https:\/\/laredsocial-noticias.com\/wp\/wp-json\/wp\/v2\/posts\/241228","targetHints":{"allow":["GET"]}}],"collection":[{"href":"https:\/\/laredsocial-noticias.com\/wp\/wp-json\/wp\/v2\/posts"}],"about":[{"href":"https:\/\/laredsocial-noticias.com\/wp\/wp-json\/wp\/v2\/types\/post"}],"author":[{"embeddable":true,"href":"https:\/\/laredsocial-noticias.com\/wp\/wp-json\/wp\/v2\/users\/1"}],"replies":[{"embeddable":true,"href":"https:\/\/laredsocial-noticias.com\/wp\/wp-json\/wp\/v2\/comments?post=241228"}],"version-history":[{"count":1,"href":"https:\/\/laredsocial-noticias.com\/wp\/wp-json\/wp\/v2\/posts\/241228\/revisions"}],"predecessor-version":[{"id":241229,"href":"https:\/\/laredsocial-noticias.com\/wp\/wp-json\/wp\/v2\/posts\/241228\/revisions\/241229"}],"wp:featuredmedia":[{"embeddable":true,"href":"https:\/\/laredsocial-noticias.com\/wp\/wp-json\/wp\/v2\/media\/241230"}],"wp:attachment":[{"href":"https:\/\/laredsocial-noticias.com\/wp\/wp-json\/wp\/v2\/media?parent=241228"}],"wp:term":[{"taxonomy":"category","embeddable":true,"href":"https:\/\/laredsocial-noticias.com\/wp\/wp-json\/wp\/v2\/categories?post=241228"},{"taxonomy":"post_tag","embeddable":true,"href":"https:\/\/laredsocial-noticias.com\/wp\/wp-json\/wp\/v2\/tags?post=241228"}],"curies":[{"name":"wp","href":"https:\/\/api.w.org\/{rel}","templated":true}]}}