{"id":244368,"date":"2025-03-21T16:27:49","date_gmt":"2025-03-21T22:27:49","guid":{"rendered":"https:\/\/laredsocial-noticias.com\/wp\/?p=244368"},"modified":"2025-03-21T16:27:57","modified_gmt":"2025-03-21T22:27:57","slug":"claudia-sheinbaum-revela-la-clave-detras-de-la-buena-relacion-con-trump","status":"publish","type":"post","link":"https:\/\/laredsocial-noticias.com\/wp\/claudia-sheinbaum-revela-la-clave-detras-de-la-buena-relacion-con-trump\/","title":{"rendered":"Claudia Sheinbaum revela la clave detr\u00e1s de la buena relaci\u00f3n con Trump"},"content":{"rendered":"<p>La Presidenta de la Rep\u00fablica, Claudia Sheinbaum, reconoci\u00f3 la importancia del respaldo del pueblo de M\u00e9xico en la relaci\u00f3n con Estados Unidos y agradeci\u00f3 el respeto que ha mostrado el presidente estadounidense, Donald Trump.<\/p>\n<p>Desde Palacio Nacional, en su conferencia de prensa matutina, la mandataria federal fue consultada sobre las versiones de algunos medios de comunicaci\u00f3n en Estados Unidos que destacan el respeto de Donald Trump hacia ella.<\/p>\n<p>Al respecto, la Jefa del Ejecutivo respondi\u00f3 que no se trata de ella, sino del pueblo mexicano en su conjunto.<\/p>\n<p>&#8220;Es el pueblo de M\u00e9xico, as\u00ed lo veo yo. No es que hable la Presidenta; o sea, porque todas estas zalamer\u00edas que hay alrededor no ayudan, es el pueblo de M\u00e9xico lo que da la fortaleza en este momento\u201d, destac\u00f3.<\/p>\n<p>Sheinbaum Pardo puntualiz\u00f3 que el respaldo de la ciudadan\u00eda es clave en su administraci\u00f3n y reiter\u00f3 su compromiso de no perder el contacto con la gente.<\/p>\n<p>&#8220;Lo que agradecemos es el respeto que ha tenido con nosotros el presidente Trump, eso es lo que hay que decirlo y esperemos que siga siendo as\u00ed y que podamos lograr la mejor negociaci\u00f3n para M\u00e9xico, para el pueblo de M\u00e9xico\u201d, extern\u00f3.<\/p>\n<p>Sheinbaum pide respeto a Bukele tras declaraciones<br \/>\nLa Presidenta de M\u00e9xico, Claudia Sheinbaum, pidi\u00f3 respeto para M\u00e9xico, por parte del presidente de El Salvador, Nayib Bukele, quien sugiri\u00f3 a trav\u00e9s de su cuenta oficial de X que M\u00e9xico podr\u00eda llevar un plan de seguridad enfocado estado por estado.<\/p>\n<p>Este viernes, la mandataria fue consultada sobre los dichos del presidente salvadore\u00f1o, durante su conferencia matutina, en Palacio Nacional.<\/p>\n<p>La Jefa del Ejecutivo respondi\u00f3 que no entrar\u00e1 en debate con \u00e9l, sin embargo, pidi\u00f3 respeto para M\u00e9xico.<\/p>\n<p>&#8220;No voy a entrar en debate con Bukele. Podr\u00edamos hacer aqu\u00ed todo un debate. La forma en que ellos est\u00e1n afrontando esto. \u00c9l fue electo por su pueblo, y al mismo tiempo pedimos respeto para M\u00e9xico. Respeto, siempre respeto. Es la caracter\u00edstica de la diplomacia. Respeto a lo que hacemos en nuestro pa\u00eds&#8221;, respondi\u00f3.<\/p>\n","protected":false},"excerpt":{"rendered":"<p>La Presidenta de la Rep\u00fablica, Claudia Sheinbaum, reconoci\u00f3 la importancia del respaldo del pueblo de M\u00e9xico en la relaci\u00f3n con&#8230;<\/p>\n","protected":false},"author":1,"featured_media":242844,"comment_status":"open","ping_status":"closed","sticky":false,"template":"","format":"standard","meta":{"footnotes":""},"categories":[78,1726,6026],"tags":[],"class_list":["post-244368","post","type-post","status-publish","format-standard","has-post-thumbnail","hentry","category-nacional","category-nacionales","category-portada"],"yoast_head":"<!-- This site is optimized with the Yoast SEO plugin v26.5 - https:\/\/yoast.com\/wordpress\/plugins\/seo\/ -->\n<title>Claudia Sheinbaum revela la clave detr\u00e1s de la buena relaci\u00f3n con Trump - NOTICIAS<\/title>\n<meta name=\"robots\" content=\"index, follow, max-snippet:-1, max-image-preview:large, max-video-preview:-1\" \/>\n<link rel=\"canonical\" href=\"https:\/\/laredsocial-noticias.com\/wp\/claudia-sheinbaum-revela-la-clave-detras-de-la-buena-relacion-con-trump\/\" \/>\n<meta property=\"og:locale\" content=\"es_ES\" \/>\n<meta property=\"og:type\" content=\"article\" \/>\n<meta property=\"og:title\" content=\"Claudia Sheinbaum revela la clave detr\u00e1s de la buena relaci\u00f3n con Trump - NOTICIAS\" \/>\n<meta property=\"og:description\" content=\"La Presidenta de la Rep\u00fablica, Claudia Sheinbaum, reconoci\u00f3 la importancia del respaldo del pueblo de M\u00e9xico en la relaci\u00f3n con...\" \/>\n<meta property=\"og:url\" content=\"https:\/\/laredsocial-noticias.com\/wp\/claudia-sheinbaum-revela-la-clave-detras-de-la-buena-relacion-con-trump\/\" \/>\n<meta property=\"og:site_name\" content=\"NOTICIAS\" \/>\n<meta property=\"article:published_time\" content=\"2025-03-21T22:27:49+00:00\" \/>\n<meta property=\"article:modified_time\" content=\"2025-03-21T22:27:57+00:00\" \/>\n<meta name=\"author\" content=\"Editor en Jefe\" \/>\n<meta name=\"twitter:card\" content=\"summary_large_image\" \/>\n<meta name=\"twitter:label1\" content=\"Escrito por\" \/>\n\t<meta name=\"twitter:data1\" content=\"Editor en Jefe\" \/>\n\t<meta name=\"twitter:label2\" content=\"Tiempo de lectura\" \/>\n\t<meta name=\"twitter:data2\" content=\"2 minutos\" \/>\n<!-- \/ Yoast SEO plugin. -->","yoast_head_json":{"title":"Claudia Sheinbaum revela la clave detr\u00e1s de la buena relaci\u00f3n con Trump - NOTICIAS","robots":{"index":"index","follow":"follow","max-snippet":"max-snippet:-1","max-image-preview":"max-image-preview:large","max-video-preview":"max-video-preview:-1"},"canonical":"https:\/\/laredsocial-noticias.com\/wp\/claudia-sheinbaum-revela-la-clave-detras-de-la-buena-relacion-con-trump\/","og_locale":"es_ES","og_type":"article","og_title":"Claudia Sheinbaum revela la clave detr\u00e1s de la buena relaci\u00f3n con Trump - NOTICIAS","og_description":"La Presidenta de la Rep\u00fablica, Claudia Sheinbaum, reconoci\u00f3 la importancia del respaldo del pueblo de M\u00e9xico en la relaci\u00f3n con...","og_url":"https:\/\/laredsocial-noticias.com\/wp\/claudia-sheinbaum-revela-la-clave-detras-de-la-buena-relacion-con-trump\/","og_site_name":"NOTICIAS","article_published_time":"2025-03-21T22:27:49+00:00","article_modified_time":"2025-03-21T22:27:57+00:00","author":"Editor en Jefe","twitter_card":"summary_large_image","twitter_misc":{"Escrito por":"Editor en Jefe","Tiempo de lectura":"2 minutos"},"schema":{"@context":"https:\/\/schema.org","@graph":[{"@type":"WebPage","@id":"https:\/\/laredsocial-noticias.com\/wp\/claudia-sheinbaum-revela-la-clave-detras-de-la-buena-relacion-con-trump\/","url":"https:\/\/laredsocial-noticias.com\/wp\/claudia-sheinbaum-revela-la-clave-detras-de-la-buena-relacion-con-trump\/","name":"Claudia Sheinbaum revela la clave detr\u00e1s de la buena relaci\u00f3n con Trump - NOTICIAS","isPartOf":{"@id":"https:\/\/laredsocial-noticias.com\/wp\/#website"},"primaryImageOfPage":{"@id":"https:\/\/laredsocial-noticias.com\/wp\/claudia-sheinbaum-revela-la-clave-detras-de-la-buena-relacion-con-trump\/#primaryimage"},"image":{"@id":"https:\/\/laredsocial-noticias.com\/wp\/claudia-sheinbaum-revela-la-clave-detras-de-la-buena-relacion-con-trump\/#primaryimage"},"thumbnailUrl":"https:\/\/laredsocial-noticias.com\/wp\/wp-content\/uploads\/2025\/03\/mexico-respondera-aranceles-trump-zocalo-sheinbaum.png","datePublished":"2025-03-21T22:27:49+00:00","dateModified":"2025-03-21T22:27:57+00:00","author":{"@id":"https:\/\/laredsocial-noticias.com\/wp\/#\/schema\/person\/0ce78643f2de7aae6f6ef10e8453a6e0"},"breadcrumb":{"@id":"https:\/\/laredsocial-noticias.com\/wp\/claudia-sheinbaum-revela-la-clave-detras-de-la-buena-relacion-con-trump\/#breadcrumb"},"inLanguage":"es","potentialAction":[{"@type":"ReadAction","target":["https:\/\/laredsocial-noticias.com\/wp\/claudia-sheinbaum-revela-la-clave-detras-de-la-buena-relacion-con-trump\/"]}]},{"@type":"ImageObject","inLanguage":"es","@id":"https:\/\/laredsocial-noticias.com\/wp\/claudia-sheinbaum-revela-la-clave-detras-de-la-buena-relacion-con-trump\/#primaryimage","url":"https:\/\/laredsocial-noticias.com\/wp\/wp-content\/uploads\/2025\/03\/mexico-respondera-aranceles-trump-zocalo-sheinbaum.png","contentUrl":"https:\/\/laredsocial-noticias.com\/wp\/wp-content\/uploads\/2025\/03\/mexico-respondera-aranceles-trump-zocalo-sheinbaum.png","width":770,"height":404},{"@type":"BreadcrumbList","@id":"https:\/\/laredsocial-noticias.com\/wp\/claudia-sheinbaum-revela-la-clave-detras-de-la-buena-relacion-con-trump\/#breadcrumb","itemListElement":[{"@type":"ListItem","position":1,"name":"Portada","item":"https:\/\/laredsocial-noticias.com\/wp\/"},{"@type":"ListItem","position":2,"name":"Claudia Sheinbaum revela la clave detr\u00e1s de la buena relaci\u00f3n con Trump"}]},{"@type":"WebSite","@id":"https:\/\/laredsocial-noticias.com\/wp\/#website","url":"https:\/\/laredsocial-noticias.com\/wp\/","name":"NOTICIAS","description":"Lo que se ve y se dice en las redes sociales","potentialAction":[{"@type":"SearchAction","target":{"@type":"EntryPoint","urlTemplate":"https:\/\/laredsocial-noticias.com\/wp\/?s={search_term_string}"},"query-input":{"@type":"PropertyValueSpecification","valueRequired":true,"valueName":"search_term_string"}}],"inLanguage":"es"},{"@type":"Person","@id":"https:\/\/laredsocial-noticias.com\/wp\/#\/schema\/person\/0ce78643f2de7aae6f6ef10e8453a6e0","name":"Editor en Jefe","url":"https:\/\/laredsocial-noticias.com\/wp\/author\/jorgeochoa\/"}]}},"_links":{"self":[{"href":"https:\/\/laredsocial-noticias.com\/wp\/wp-json\/wp\/v2\/posts\/244368","targetHints":{"allow":["GET"]}}],"collection":[{"href":"https:\/\/laredsocial-noticias.com\/wp\/wp-json\/wp\/v2\/posts"}],"about":[{"href":"https:\/\/laredsocial-noticias.com\/wp\/wp-json\/wp\/v2\/types\/post"}],"author":[{"embeddable":true,"href":"https:\/\/laredsocial-noticias.com\/wp\/wp-json\/wp\/v2\/users\/1"}],"replies":[{"embeddable":true,"href":"https:\/\/laredsocial-noticias.com\/wp\/wp-json\/wp\/v2\/comments?post=244368"}],"version-history":[{"count":1,"href":"https:\/\/laredsocial-noticias.com\/wp\/wp-json\/wp\/v2\/posts\/244368\/revisions"}],"predecessor-version":[{"id":244369,"href":"https:\/\/laredsocial-noticias.com\/wp\/wp-json\/wp\/v2\/posts\/244368\/revisions\/244369"}],"wp:featuredmedia":[{"embeddable":true,"href":"https:\/\/laredsocial-noticias.com\/wp\/wp-json\/wp\/v2\/media\/242844"}],"wp:attachment":[{"href":"https:\/\/laredsocial-noticias.com\/wp\/wp-json\/wp\/v2\/media?parent=244368"}],"wp:term":[{"taxonomy":"category","embeddable":true,"href":"https:\/\/laredsocial-noticias.com\/wp\/wp-json\/wp\/v2\/categories?post=244368"},{"taxonomy":"post_tag","embeddable":true,"href":"https:\/\/laredsocial-noticias.com\/wp\/wp-json\/wp\/v2\/tags?post=244368"}],"curies":[{"name":"wp","href":"https:\/\/api.w.org\/{rel}","templated":true}]}}