{"id":244415,"date":"2025-03-23T11:36:19","date_gmt":"2025-03-23T17:36:19","guid":{"rendered":"https:\/\/laredsocial-noticias.com\/wp\/?p=244415"},"modified":"2025-03-23T11:36:34","modified_gmt":"2025-03-23T17:36:34","slug":"el-alzheimer-es-la-principal-causa-de-muerte-en-japon-desde-2015-segun-estudio","status":"publish","type":"post","link":"https:\/\/laredsocial-noticias.com\/wp\/el-alzheimer-es-la-principal-causa-de-muerte-en-japon-desde-2015-segun-estudio\/","title":{"rendered":"El alzh\u00e9imer es la principal causa de muerte en Jap\u00f3n desde 2015, seg\u00fan estudio"},"content":{"rendered":"<p>En Jap\u00f3n, uno de los pa\u00edses con mayor esperanza de vida, el alzh\u00e9imer y otros tipos de demencia, son desde 2015 la principal causa de defunci\u00f3n, con 135.3 muertes por cada 100 mil personas, mientras que las enfermedades cardiovasculares o el c\u00e1ncer vieron reducida su tasa de mortalidad.<\/p>\n<p>Seg\u00fan un estudio de un grupo de investigaci\u00f3n de la Universidad de Keio, en Tokio, y la de Washington, en Estados Unidos, sobre el estado de salud de los japoneses en los \u00faltimos 30 a\u00f1os, la demencia era la sexta causa de muerte en Jap\u00f3n en 1990, primer a\u00f1o que tiene en cuenta el estudio, hasta convertirse en la principal a partir de 2015 y hasta 2021, \u00faltimo a\u00f1o estudiado.<\/p>\n<p>El Ministerio de Sanidad, Trabajo y Bienestar de Jap\u00f3n basa sus estad\u00edsticas vitales en certificados de defunci\u00f3n que tienen como principales causas de muerte diferentes tipos de neumon\u00eda o la muerte natural por vejez. Estas pueden verse agravadas por la demencia que, entre otras cosas, debilita el sistema inmunol\u00f3gico de quienes la padecen.<\/p>\n<p>Dieta rica en carne roja procesada aumenta riesgo de demencia: estudio de Harvard<br \/>\nLa FDA aprueba f\u00e1rmaco contra el alzh\u00e9imer para pacientes en las primeras fases de la enfermedad<br \/>\nLa FDA aprueba f\u00e1rmaco contra el alzh\u00e9imer para pacientes en las primeras fases de la enfermedad<br \/>\nSin embargo, a diferencia de Jap\u00f3n, en los pa\u00edses occidentales es com\u00fan considerar enfermedades como la demencia, que empeoran gradualmente con el tiempo, como una causa de muerte. Seg\u00fan la Organizaci\u00f3n Mundial de la Salud (OMS), en 2023, esta fue la s\u00e9ptima causa de muerte m\u00e1s com\u00fan en todo el mundo, siendo entre el 60\/70% de los casos por alzh\u00e9imer.<\/p>\n<p>Se espera que en el futuro aumente el n\u00famero de hogares unipersonales de ancianos, as\u00ed como el de personas con demencia, hasta alcanzar los 5.86 millones para 2050, se\u00f1ala la cadena p\u00fablica nipona NHK, seg\u00fan datos del Ministerio de Sanidad, Trabajo y Bienestar.<\/p>\n<p>Aumento de la esperanza de vida en Jap\u00f3n<br \/>\nLa esperanza de vida total de los japoneses pas\u00f3 de los 79.4 a\u00f1os en 1990 a los 85.2 para 2021, lo que significa que registr\u00f3 un aumento de 5.8 a\u00f1os, aunque var\u00eda seg\u00fan la prefectura, recoge este estudio que forma parte del proyecto internacional &#8220;Global Burden of Disease Study&#8221; (Estudio de la Carga Global de Enfermedad).<\/p>\n<p>Sin embargo, la esperanza de vida saludable, es decir, el n\u00famero de a\u00f1os que una persona vive sin enfermedades graves o discapacidades, no aument\u00f3 de forma proporcional en el pa\u00eds.<\/p>\n<p>La esperanza de vida saludable en 1990 era de 69.5 a\u00f1os y para 2021 aument\u00f3 4.3 a\u00f1os hasta los 73.8, por lo que se increment\u00f3 s\u00f3lo 4.3 a\u00f1os.<\/p>\n<p>De esta forma, la diferencia entre la esperanza de vida total y la saludable en Jap\u00f3n, que en 1990 era de 9.9 a\u00f1os, aument\u00f3 hasta los 11.4 a\u00f1os en 2021.<\/p>\n<p>En esta l\u00ednea, los A\u00f1os de Vida Ajustados por Discapacidad (DALY, por sus siglas en ingl\u00e9s) derivados del alzh\u00e9imer y otros tipos de demencia subieron un 19.5% entre 2015 y 2021.<\/p>\n<p>Estos a\u00f1os son una forma de medir cu\u00e1nto afecta una enfermedad determinada a la vida de las personas, atendiendo a los a\u00f1os de vida perdidos por la muerte prematura a causa de una enfermedad y a los a\u00f1os que vive con una enfermedad que empeora su calidad de vida.<\/p>\n<p>Entre 2022 y 2050, se espera que los DALY derivados del alzh\u00e9imer y otros tipos de demencia asciendan un 44.9%.<\/p>\n<p>Sistema de atenci\u00f3n comunitaria como prevenci\u00f3n<br \/>\n&#8220;Ser\u00e1 importante en el futuro construir un sistema en el que la sociedad en su conjunto pueda prevenir y cuidar la demencia, por ejemplo proporcionando apoyo al estilo de vida y gesti\u00f3n sanitaria de los ancianos&#8221;, afirma Nomura Shuhei, profesor de la Universidad de Keio designado para el estudio, en declaraciones recogidas por la cadena p\u00fablica NHK.<\/p>\n<p>Ante el aumento de la esperanza de vida y el envejecimiento de la poblaci\u00f3n en Jap\u00f3n, las enfermedades relacionadas con la edad suponen grandes problemas y desaf\u00edos para los sistemas de salud del pa\u00eds, especialmente en lo que respecta a la distribuci\u00f3n de recursos y prestaci\u00f3n de servicios.<\/p>\n<p>Una iniciativa clave para hacerle frente fue la implementaci\u00f3n, desde 2006, del Sistema Integrado de Atenci\u00f3n Comunitaria (CICS, por sus siglas en ingl\u00e9s) por las autoridades locales, con el fin de ofrecer servicios en entornos comunitarios como apoyo social o actividades diarias.<\/p>\n<p>Con \u00e9l, se intentan abordar los desaf\u00edos generados por el envejecimiento de la poblaci\u00f3n, promoviendo la participaci\u00f3n comunitaria con el objetivo de mitigar los riesgos del alzh\u00e9imer y otras enfermedades vinculadas con la edad.<\/p>\n","protected":false},"excerpt":{"rendered":"<p>En Jap\u00f3n, uno de los pa\u00edses con mayor esperanza de vida, el alzh\u00e9imer y otros tipos de demencia, son desde&#8230;<\/p>\n","protected":false},"author":1,"featured_media":244417,"comment_status":"open","ping_status":"closed","sticky":false,"template":"","format":"standard","meta":{"footnotes":""},"categories":[2849],"tags":[],"class_list":["post-244415","post","type-post","status-publish","format-standard","has-post-thumbnail","hentry","category-salud"],"yoast_head":"<!-- This site is optimized with the Yoast SEO plugin v26.5 - https:\/\/yoast.com\/wordpress\/plugins\/seo\/ -->\n<title>El alzh\u00e9imer es la principal causa de muerte en Jap\u00f3n desde 2015, seg\u00fan estudio - NOTICIAS<\/title>\n<meta name=\"robots\" content=\"index, follow, max-snippet:-1, max-image-preview:large, max-video-preview:-1\" \/>\n<link rel=\"canonical\" href=\"https:\/\/laredsocial-noticias.com\/wp\/el-alzheimer-es-la-principal-causa-de-muerte-en-japon-desde-2015-segun-estudio\/\" \/>\n<meta property=\"og:locale\" content=\"es_ES\" \/>\n<meta property=\"og:type\" content=\"article\" \/>\n<meta property=\"og:title\" content=\"El alzh\u00e9imer es la principal causa de muerte en Jap\u00f3n desde 2015, seg\u00fan estudio - NOTICIAS\" \/>\n<meta property=\"og:description\" content=\"En Jap\u00f3n, uno de los pa\u00edses con mayor esperanza de vida, el alzh\u00e9imer y otros tipos de demencia, son desde...\" \/>\n<meta property=\"og:url\" content=\"https:\/\/laredsocial-noticias.com\/wp\/el-alzheimer-es-la-principal-causa-de-muerte-en-japon-desde-2015-segun-estudio\/\" \/>\n<meta property=\"og:site_name\" content=\"NOTICIAS\" \/>\n<meta property=\"article:published_time\" content=\"2025-03-23T17:36:19+00:00\" \/>\n<meta property=\"article:modified_time\" content=\"2025-03-23T17:36:34+00:00\" \/>\n<meta name=\"author\" content=\"Editor en Jefe\" \/>\n<meta name=\"twitter:card\" content=\"summary_large_image\" \/>\n<meta name=\"twitter:label1\" content=\"Escrito por\" \/>\n\t<meta name=\"twitter:data1\" content=\"Editor en Jefe\" \/>\n\t<meta name=\"twitter:label2\" content=\"Tiempo de lectura\" \/>\n\t<meta name=\"twitter:data2\" content=\"4 minutos\" \/>\n<!-- \/ Yoast SEO plugin. -->","yoast_head_json":{"title":"El alzh\u00e9imer es la principal causa de muerte en Jap\u00f3n desde 2015, seg\u00fan estudio - NOTICIAS","robots":{"index":"index","follow":"follow","max-snippet":"max-snippet:-1","max-image-preview":"max-image-preview:large","max-video-preview":"max-video-preview:-1"},"canonical":"https:\/\/laredsocial-noticias.com\/wp\/el-alzheimer-es-la-principal-causa-de-muerte-en-japon-desde-2015-segun-estudio\/","og_locale":"es_ES","og_type":"article","og_title":"El alzh\u00e9imer es la principal causa de muerte en Jap\u00f3n desde 2015, seg\u00fan estudio - NOTICIAS","og_description":"En Jap\u00f3n, uno de los pa\u00edses con mayor esperanza de vida, el alzh\u00e9imer y otros tipos de demencia, son desde...","og_url":"https:\/\/laredsocial-noticias.com\/wp\/el-alzheimer-es-la-principal-causa-de-muerte-en-japon-desde-2015-segun-estudio\/","og_site_name":"NOTICIAS","article_published_time":"2025-03-23T17:36:19+00:00","article_modified_time":"2025-03-23T17:36:34+00:00","author":"Editor en Jefe","twitter_card":"summary_large_image","twitter_misc":{"Escrito por":"Editor en Jefe","Tiempo de lectura":"4 minutos"},"schema":{"@context":"https:\/\/schema.org","@graph":[{"@type":"WebPage","@id":"https:\/\/laredsocial-noticias.com\/wp\/el-alzheimer-es-la-principal-causa-de-muerte-en-japon-desde-2015-segun-estudio\/","url":"https:\/\/laredsocial-noticias.com\/wp\/el-alzheimer-es-la-principal-causa-de-muerte-en-japon-desde-2015-segun-estudio\/","name":"El alzh\u00e9imer es la principal causa de muerte en Jap\u00f3n desde 2015, seg\u00fan estudio - NOTICIAS","isPartOf":{"@id":"https:\/\/laredsocial-noticias.com\/wp\/#website"},"primaryImageOfPage":{"@id":"https:\/\/laredsocial-noticias.com\/wp\/el-alzheimer-es-la-principal-causa-de-muerte-en-japon-desde-2015-segun-estudio\/#primaryimage"},"image":{"@id":"https:\/\/laredsocial-noticias.com\/wp\/el-alzheimer-es-la-principal-causa-de-muerte-en-japon-desde-2015-segun-estudio\/#primaryimage"},"thumbnailUrl":"https:\/\/laredsocial-noticias.com\/wp\/wp-content\/uploads\/2025\/03\/investigacion_alzheimer_coprad.jpg","datePublished":"2025-03-23T17:36:19+00:00","dateModified":"2025-03-23T17:36:34+00:00","author":{"@id":"https:\/\/laredsocial-noticias.com\/wp\/#\/schema\/person\/0ce78643f2de7aae6f6ef10e8453a6e0"},"breadcrumb":{"@id":"https:\/\/laredsocial-noticias.com\/wp\/el-alzheimer-es-la-principal-causa-de-muerte-en-japon-desde-2015-segun-estudio\/#breadcrumb"},"inLanguage":"es","potentialAction":[{"@type":"ReadAction","target":["https:\/\/laredsocial-noticias.com\/wp\/el-alzheimer-es-la-principal-causa-de-muerte-en-japon-desde-2015-segun-estudio\/"]}]},{"@type":"ImageObject","inLanguage":"es","@id":"https:\/\/laredsocial-noticias.com\/wp\/el-alzheimer-es-la-principal-causa-de-muerte-en-japon-desde-2015-segun-estudio\/#primaryimage","url":"https:\/\/laredsocial-noticias.com\/wp\/wp-content\/uploads\/2025\/03\/investigacion_alzheimer_coprad.jpg","contentUrl":"https:\/\/laredsocial-noticias.com\/wp\/wp-content\/uploads\/2025\/03\/investigacion_alzheimer_coprad.jpg","width":985,"height":582},{"@type":"BreadcrumbList","@id":"https:\/\/laredsocial-noticias.com\/wp\/el-alzheimer-es-la-principal-causa-de-muerte-en-japon-desde-2015-segun-estudio\/#breadcrumb","itemListElement":[{"@type":"ListItem","position":1,"name":"Portada","item":"https:\/\/laredsocial-noticias.com\/wp\/"},{"@type":"ListItem","position":2,"name":"El alzh\u00e9imer es la principal causa de muerte en Jap\u00f3n desde 2015, seg\u00fan estudio"}]},{"@type":"WebSite","@id":"https:\/\/laredsocial-noticias.com\/wp\/#website","url":"https:\/\/laredsocial-noticias.com\/wp\/","name":"NOTICIAS","description":"Lo que se ve y se dice en las redes sociales","potentialAction":[{"@type":"SearchAction","target":{"@type":"EntryPoint","urlTemplate":"https:\/\/laredsocial-noticias.com\/wp\/?s={search_term_string}"},"query-input":{"@type":"PropertyValueSpecification","valueRequired":true,"valueName":"search_term_string"}}],"inLanguage":"es"},{"@type":"Person","@id":"https:\/\/laredsocial-noticias.com\/wp\/#\/schema\/person\/0ce78643f2de7aae6f6ef10e8453a6e0","name":"Editor en Jefe","url":"https:\/\/laredsocial-noticias.com\/wp\/author\/jorgeochoa\/"}]}},"_links":{"self":[{"href":"https:\/\/laredsocial-noticias.com\/wp\/wp-json\/wp\/v2\/posts\/244415","targetHints":{"allow":["GET"]}}],"collection":[{"href":"https:\/\/laredsocial-noticias.com\/wp\/wp-json\/wp\/v2\/posts"}],"about":[{"href":"https:\/\/laredsocial-noticias.com\/wp\/wp-json\/wp\/v2\/types\/post"}],"author":[{"embeddable":true,"href":"https:\/\/laredsocial-noticias.com\/wp\/wp-json\/wp\/v2\/users\/1"}],"replies":[{"embeddable":true,"href":"https:\/\/laredsocial-noticias.com\/wp\/wp-json\/wp\/v2\/comments?post=244415"}],"version-history":[{"count":1,"href":"https:\/\/laredsocial-noticias.com\/wp\/wp-json\/wp\/v2\/posts\/244415\/revisions"}],"predecessor-version":[{"id":244416,"href":"https:\/\/laredsocial-noticias.com\/wp\/wp-json\/wp\/v2\/posts\/244415\/revisions\/244416"}],"wp:featuredmedia":[{"embeddable":true,"href":"https:\/\/laredsocial-noticias.com\/wp\/wp-json\/wp\/v2\/media\/244417"}],"wp:attachment":[{"href":"https:\/\/laredsocial-noticias.com\/wp\/wp-json\/wp\/v2\/media?parent=244415"}],"wp:term":[{"taxonomy":"category","embeddable":true,"href":"https:\/\/laredsocial-noticias.com\/wp\/wp-json\/wp\/v2\/categories?post=244415"},{"taxonomy":"post_tag","embeddable":true,"href":"https:\/\/laredsocial-noticias.com\/wp\/wp-json\/wp\/v2\/tags?post=244415"}],"curies":[{"name":"wp","href":"https:\/\/api.w.org\/{rel}","templated":true}]}}