{"id":245120,"date":"2025-03-31T15:19:10","date_gmt":"2025-03-31T21:19:10","guid":{"rendered":"https:\/\/laredsocial-noticias.com\/wp\/?p=245120"},"modified":"2025-03-31T15:19:22","modified_gmt":"2025-03-31T21:19:22","slug":"ine-aun-no-notifica-a-presidencia-sobre-restricciones-de-eleccion-judicial-sheinbaum","status":"publish","type":"post","link":"https:\/\/laredsocial-noticias.com\/wp\/ine-aun-no-notifica-a-presidencia-sobre-restricciones-de-eleccion-judicial-sheinbaum\/","title":{"rendered":"INE a\u00fan no notifica a Presidencia sobre restricciones de elecci\u00f3n judicial: Sheinbaum"},"content":{"rendered":"<p>Aunque el Instituto Nacional Electoral (INE) dio a conocer que hay prohibici\u00f3n para que servidores p\u00fablicos promuevan la elecci\u00f3n judicial del pr\u00f3ximo 1 de junio, la presidenta Claudia Sheinbaum Pardo, asever\u00f3 que no ha sido notificada de esta medida.<\/p>\n<p class=\"text-align-center\"><em>\u201cTodav\u00eda no hemos sido notificados, porque la ley pues es cuando te notifican, entonces podemos decir que la gente est\u00e1 muy informada de que el 1 de junio va a haber elecci\u00f3n al Poder Judicial\u201d, mencion\u00f3 en su ma\u00f1anera.<\/em><\/p>\n<p>De esta forma, remarc\u00f3 que ella continuar\u00e1 informando sobre este in\u00e9dito proceso, justo cuando ayer comenzaron campa\u00f1a tres mil 422 candidaturas que buscan ser jueces, magistrados y ministros.<\/p>\n<p>Sheinbaum Pardo subray\u00f3 que el INE resolvi\u00f3 que ning\u00fan actor pol\u00edtico puede realizar campa\u00f1a en favor de un aspirante, por lo que remarc\u00f3 que lo que ella efect\u00faa no es expresar apoyo a alg\u00fan abanderado, sino que invita a la ciudadan\u00eda a ir a votar el 1 de junio.<\/p>\n<p>Tras ello, mencion\u00f3 que es importante que los poderes Ejecutivo y Legislativo participen en la promoci\u00f3n de la elecci\u00f3n judicial y la participaci\u00f3n del voto popular, y que cuando el INE le notifique que est\u00e1 impedida para hacerlo, entonces impugnar\u00e1 ante tribunales.<\/p>\n<p class=\"text-align-center\"><em>\u201cCreemos que es importante que el Poder Ejecutivo, el Poder Legislativo, sin orientar a una u otra persona, pues igual que el INE, participe en la difusi\u00f3n de este evento tan transformador que va a ocurrir en M\u00e9xico el primero de junio\u201d, anot\u00f3 en Palacio Nacional.<\/em><\/p>\n","protected":false},"excerpt":{"rendered":"<p>Aunque el Instituto Nacional Electoral (INE) dio a conocer que hay prohibici\u00f3n para que servidores p\u00fablicos promuevan la elecci\u00f3n judicial&#8230;<\/p>\n","protected":false},"author":1,"featured_media":245122,"comment_status":"open","ping_status":"closed","sticky":false,"template":"","format":"standard","meta":{"footnotes":""},"categories":[78,6026],"tags":[4959,77],"class_list":["post-245120","post","type-post","status-publish","format-standard","has-post-thumbnail","hentry","category-nacional","category-portada","tag-featured","tag-principal"],"yoast_head":"<!-- This site is optimized with the Yoast SEO plugin v26.5 - https:\/\/yoast.com\/wordpress\/plugins\/seo\/ -->\n<title>INE a\u00fan no notifica a Presidencia sobre restricciones de elecci\u00f3n judicial: Sheinbaum - NOTICIAS<\/title>\n<meta name=\"robots\" content=\"index, follow, max-snippet:-1, max-image-preview:large, max-video-preview:-1\" \/>\n<link rel=\"canonical\" href=\"https:\/\/laredsocial-noticias.com\/wp\/ine-aun-no-notifica-a-presidencia-sobre-restricciones-de-eleccion-judicial-sheinbaum\/\" \/>\n<meta property=\"og:locale\" content=\"es_ES\" \/>\n<meta property=\"og:type\" content=\"article\" \/>\n<meta property=\"og:title\" content=\"INE a\u00fan no notifica a Presidencia sobre restricciones de elecci\u00f3n judicial: Sheinbaum - NOTICIAS\" \/>\n<meta property=\"og:description\" content=\"Aunque el Instituto Nacional Electoral (INE) dio a conocer que hay prohibici\u00f3n para que servidores p\u00fablicos promuevan la elecci\u00f3n judicial...\" \/>\n<meta property=\"og:url\" content=\"https:\/\/laredsocial-noticias.com\/wp\/ine-aun-no-notifica-a-presidencia-sobre-restricciones-de-eleccion-judicial-sheinbaum\/\" \/>\n<meta property=\"og:site_name\" content=\"NOTICIAS\" \/>\n<meta property=\"article:published_time\" content=\"2025-03-31T21:19:10+00:00\" \/>\n<meta property=\"article:modified_time\" content=\"2025-03-31T21:19:22+00:00\" \/>\n<meta name=\"author\" content=\"Editor en Jefe\" \/>\n<meta name=\"twitter:card\" content=\"summary_large_image\" \/>\n<meta name=\"twitter:label1\" content=\"Escrito por\" \/>\n\t<meta name=\"twitter:data1\" content=\"Editor en Jefe\" \/>\n\t<meta name=\"twitter:label2\" content=\"Tiempo de lectura\" \/>\n\t<meta name=\"twitter:data2\" content=\"1 minuto\" \/>\n<!-- \/ Yoast SEO plugin. -->","yoast_head_json":{"title":"INE a\u00fan no notifica a Presidencia sobre restricciones de elecci\u00f3n judicial: Sheinbaum - NOTICIAS","robots":{"index":"index","follow":"follow","max-snippet":"max-snippet:-1","max-image-preview":"max-image-preview:large","max-video-preview":"max-video-preview:-1"},"canonical":"https:\/\/laredsocial-noticias.com\/wp\/ine-aun-no-notifica-a-presidencia-sobre-restricciones-de-eleccion-judicial-sheinbaum\/","og_locale":"es_ES","og_type":"article","og_title":"INE a\u00fan no notifica a Presidencia sobre restricciones de elecci\u00f3n judicial: Sheinbaum - NOTICIAS","og_description":"Aunque el Instituto Nacional Electoral (INE) dio a conocer que hay prohibici\u00f3n para que servidores p\u00fablicos promuevan la elecci\u00f3n judicial...","og_url":"https:\/\/laredsocial-noticias.com\/wp\/ine-aun-no-notifica-a-presidencia-sobre-restricciones-de-eleccion-judicial-sheinbaum\/","og_site_name":"NOTICIAS","article_published_time":"2025-03-31T21:19:10+00:00","article_modified_time":"2025-03-31T21:19:22+00:00","author":"Editor en Jefe","twitter_card":"summary_large_image","twitter_misc":{"Escrito por":"Editor en Jefe","Tiempo de lectura":"1 minuto"},"schema":{"@context":"https:\/\/schema.org","@graph":[{"@type":"WebPage","@id":"https:\/\/laredsocial-noticias.com\/wp\/ine-aun-no-notifica-a-presidencia-sobre-restricciones-de-eleccion-judicial-sheinbaum\/","url":"https:\/\/laredsocial-noticias.com\/wp\/ine-aun-no-notifica-a-presidencia-sobre-restricciones-de-eleccion-judicial-sheinbaum\/","name":"INE a\u00fan no notifica a Presidencia sobre restricciones de elecci\u00f3n judicial: Sheinbaum - NOTICIAS","isPartOf":{"@id":"https:\/\/laredsocial-noticias.com\/wp\/#website"},"primaryImageOfPage":{"@id":"https:\/\/laredsocial-noticias.com\/wp\/ine-aun-no-notifica-a-presidencia-sobre-restricciones-de-eleccion-judicial-sheinbaum\/#primaryimage"},"image":{"@id":"https:\/\/laredsocial-noticias.com\/wp\/ine-aun-no-notifica-a-presidencia-sobre-restricciones-de-eleccion-judicial-sheinbaum\/#primaryimage"},"thumbnailUrl":"https:\/\/laredsocial-noticias.com\/wp\/wp-content\/uploads\/2025\/03\/ine-aun-no-notifica-restriccion-judicial-sheinbaum.png","datePublished":"2025-03-31T21:19:10+00:00","dateModified":"2025-03-31T21:19:22+00:00","author":{"@id":"https:\/\/laredsocial-noticias.com\/wp\/#\/schema\/person\/0ce78643f2de7aae6f6ef10e8453a6e0"},"breadcrumb":{"@id":"https:\/\/laredsocial-noticias.com\/wp\/ine-aun-no-notifica-a-presidencia-sobre-restricciones-de-eleccion-judicial-sheinbaum\/#breadcrumb"},"inLanguage":"es","potentialAction":[{"@type":"ReadAction","target":["https:\/\/laredsocial-noticias.com\/wp\/ine-aun-no-notifica-a-presidencia-sobre-restricciones-de-eleccion-judicial-sheinbaum\/"]}]},{"@type":"ImageObject","inLanguage":"es","@id":"https:\/\/laredsocial-noticias.com\/wp\/ine-aun-no-notifica-a-presidencia-sobre-restricciones-de-eleccion-judicial-sheinbaum\/#primaryimage","url":"https:\/\/laredsocial-noticias.com\/wp\/wp-content\/uploads\/2025\/03\/ine-aun-no-notifica-restriccion-judicial-sheinbaum.png","contentUrl":"https:\/\/laredsocial-noticias.com\/wp\/wp-content\/uploads\/2025\/03\/ine-aun-no-notifica-restriccion-judicial-sheinbaum.png","width":770,"height":433},{"@type":"BreadcrumbList","@id":"https:\/\/laredsocial-noticias.com\/wp\/ine-aun-no-notifica-a-presidencia-sobre-restricciones-de-eleccion-judicial-sheinbaum\/#breadcrumb","itemListElement":[{"@type":"ListItem","position":1,"name":"Portada","item":"https:\/\/laredsocial-noticias.com\/wp\/"},{"@type":"ListItem","position":2,"name":"INE a\u00fan no notifica a Presidencia sobre restricciones de elecci\u00f3n judicial: Sheinbaum"}]},{"@type":"WebSite","@id":"https:\/\/laredsocial-noticias.com\/wp\/#website","url":"https:\/\/laredsocial-noticias.com\/wp\/","name":"NOTICIAS","description":"Lo que se ve y se dice en las redes sociales","potentialAction":[{"@type":"SearchAction","target":{"@type":"EntryPoint","urlTemplate":"https:\/\/laredsocial-noticias.com\/wp\/?s={search_term_string}"},"query-input":{"@type":"PropertyValueSpecification","valueRequired":true,"valueName":"search_term_string"}}],"inLanguage":"es"},{"@type":"Person","@id":"https:\/\/laredsocial-noticias.com\/wp\/#\/schema\/person\/0ce78643f2de7aae6f6ef10e8453a6e0","name":"Editor en Jefe","url":"https:\/\/laredsocial-noticias.com\/wp\/author\/jorgeochoa\/"}]}},"_links":{"self":[{"href":"https:\/\/laredsocial-noticias.com\/wp\/wp-json\/wp\/v2\/posts\/245120","targetHints":{"allow":["GET"]}}],"collection":[{"href":"https:\/\/laredsocial-noticias.com\/wp\/wp-json\/wp\/v2\/posts"}],"about":[{"href":"https:\/\/laredsocial-noticias.com\/wp\/wp-json\/wp\/v2\/types\/post"}],"author":[{"embeddable":true,"href":"https:\/\/laredsocial-noticias.com\/wp\/wp-json\/wp\/v2\/users\/1"}],"replies":[{"embeddable":true,"href":"https:\/\/laredsocial-noticias.com\/wp\/wp-json\/wp\/v2\/comments?post=245120"}],"version-history":[{"count":1,"href":"https:\/\/laredsocial-noticias.com\/wp\/wp-json\/wp\/v2\/posts\/245120\/revisions"}],"predecessor-version":[{"id":245121,"href":"https:\/\/laredsocial-noticias.com\/wp\/wp-json\/wp\/v2\/posts\/245120\/revisions\/245121"}],"wp:featuredmedia":[{"embeddable":true,"href":"https:\/\/laredsocial-noticias.com\/wp\/wp-json\/wp\/v2\/media\/245122"}],"wp:attachment":[{"href":"https:\/\/laredsocial-noticias.com\/wp\/wp-json\/wp\/v2\/media?parent=245120"}],"wp:term":[{"taxonomy":"category","embeddable":true,"href":"https:\/\/laredsocial-noticias.com\/wp\/wp-json\/wp\/v2\/categories?post=245120"},{"taxonomy":"post_tag","embeddable":true,"href":"https:\/\/laredsocial-noticias.com\/wp\/wp-json\/wp\/v2\/tags?post=245120"}],"curies":[{"name":"wp","href":"https:\/\/api.w.org\/{rel}","templated":true}]}}