{"id":245446,"date":"2025-04-05T10:28:04","date_gmt":"2025-04-05T16:28:04","guid":{"rendered":"https:\/\/laredsocial-noticias.com\/wp\/?p=245446"},"modified":"2025-04-05T10:28:12","modified_gmt":"2025-04-05T16:28:12","slug":"asi-queda-la-parrilla-de-salida-para-el-gp-de-japon-2025","status":"publish","type":"post","link":"https:\/\/laredsocial-noticias.com\/wp\/asi-queda-la-parrilla-de-salida-para-el-gp-de-japon-2025\/","title":{"rendered":"As\u00ed queda la parrilla de salida para el GP de Jap\u00f3n 2025"},"content":{"rendered":"<p>Max Verstappen se qued\u00f3 con la pole position del Gran Premio de Jap\u00f3n 2025 de la F\u00f3rmula Uno, asombrando a los McLaren con una vuelta r\u00e1pida en los \u00faltimos instantes para poner a su Red Bull al frente de la parrilla en Suzuka por cuarto a\u00f1o consecutivo.<\/p>\n<p>Los McLaren del l\u00edder del campeonato, Lando Norris, y de Oscar Piastri hab\u00edan dominado las sesiones de clasificaci\u00f3n en lo que va de temporada y parec\u00eda que volver\u00edan a hacerlo hasta que Verstappen logr\u00f3 un r\u00e9cord de vuelta de un minuto y 26,983 segundos al final de la sesi\u00f3n.<\/p>\n<p>El brit\u00e1nico Norris se qued\u00f3 a 0,012 segundos y saldr\u00e1 en la primera fila junto al neerland\u00e9s, mientras que el australiano Piastri, que gan\u00f3 en China hace dos semanas, estar\u00e1 en la segunda fila junto al piloto de Ferrari Charles Leclerc.<\/p>\n<p>AS\u00cd QUEDA LA PARRILLA DE SALIDA PARA EL GP DE JAP\u00d3N 2025:<br \/>\n1. Max Verstappen<br \/>\n2. Lando Norris<br \/>\n3. Oscar Piastri<br \/>\n4. Charles Leclerc<br \/>\n5. George Russell<br \/>\n6. Kimi Antonelli<br \/>\n7. Isack Hadjar<br \/>\n8. Lewis Hamilton<br \/>\n9. Alexander Albon<br \/>\n10. Oliver Bearman<br \/>\n11. Pierre Gasly<br \/>\n12. Fernando Alonso<br \/>\n13. Liam Lawson<br \/>\n14. Yuki Tsunoda<br \/>\n15. Carlos Sainz<br \/>\n16. Nico Hulkenberg<br \/>\n17. Gabriel Bortoleto<br \/>\n18. Esteban Ocon<br \/>\n19. Jack Doohan<br \/>\n20. Lance Stroll<br \/>\n\u201cMucha felicidad cuando cruc\u00e9 la l\u00ednea\u201d, dijo el cuatro veces campe\u00f3n del mundo Verstappen, que ha ganado desde la pole en Suzuka los \u00faltimos tres a\u00f1os. \u201cDurante toda la clasificaci\u00f3n, nos mantuvimos tratando de mejorar un poco la situaci\u00f3n, y luego la vuelta final fue muy buena.<\/p>\n<p>Desde dentro: El viaje del Valencia a Madrid<br \/>\nvalenciacf logo Valencia CF<br \/>\nLoading official content<br \/>\n&#8220;Creo que si nos fijamos en c\u00f3mo empez\u00f3 nuestra temporada, incluso durante este fin de semana, creo que es muy inesperado. Creo que eso lo hace muy especial\u201d.<\/p>\n<p>Fue la pole 41 de Verstappen, pero la primera desde el Gran Premio de Austria en junio del a\u00f1o pasado, aunque fue el m\u00e1s r\u00e1pido en la calificaci\u00f3n en Qatar posteriormente en la temporada, pero recibi\u00f3 una penalizaci\u00f3n de un puesto.<\/p>\n<p>\u201cFelicidades a Max. Ha hecho un buen trabajo. Me quito el sombrero. Tienes que dar cr\u00e9dito a alguien cuando hace una vuelta tan buena\u201d, dijo Norris. \u201cSiento que saqu\u00e9 todo del coche. S\u00f3lo un peque\u00f1o (margen) pero Max hizo una vuelta incre\u00edble\u201d.<\/p>\n<p>El japon\u00e9s Yuki Tsunoda se clasific\u00f3 en una decepcionante 14\u00aa posici\u00f3n para su primera carrera con el coche de Red Bull tras sustituir a Liam Lawson la semana pasada. Lawson saldr\u00e1 un puesto por delante de \u00e9l en Racing Bulls.<\/p>\n<p>\u201cNo esperaba estar as\u00ed (&#8230;) c\u00f3mo he acabado hoy\u201d, dijo Tsunoda. \u201cEs una pena, pero al menos lo positivo es que he empezado a entender el coche\u201d.<\/p>\n<p>El debutante de Racing Bulls Isack Hadjar super\u00f3 un problema con el cintur\u00f3n de seguridad al principio de la sesi\u00f3n clasificatoria y saldr\u00e1 s\u00e9ptimo en la parrilla junto a Lewis Hamilton de Ferrari, octavo.<\/p>\n","protected":false},"excerpt":{"rendered":"<p>Max Verstappen se qued\u00f3 con la pole position del Gran Premio de Jap\u00f3n 2025 de la F\u00f3rmula Uno, asombrando a&#8230;<\/p>\n","protected":false},"author":1,"featured_media":245448,"comment_status":"open","ping_status":"closed","sticky":false,"template":"","format":"standard","meta":{"footnotes":""},"categories":[337],"tags":[],"class_list":["post-245446","post","type-post","status-publish","format-standard","has-post-thumbnail","hentry","category-deportes"],"yoast_head":"<!-- This site is optimized with the Yoast SEO plugin v26.5 - https:\/\/yoast.com\/wordpress\/plugins\/seo\/ -->\n<title>As\u00ed queda la parrilla de salida para el GP de Jap\u00f3n 2025 - NOTICIAS<\/title>\n<meta name=\"robots\" content=\"index, follow, max-snippet:-1, max-image-preview:large, max-video-preview:-1\" \/>\n<link rel=\"canonical\" href=\"https:\/\/laredsocial-noticias.com\/wp\/asi-queda-la-parrilla-de-salida-para-el-gp-de-japon-2025\/\" \/>\n<meta property=\"og:locale\" content=\"es_ES\" \/>\n<meta property=\"og:type\" content=\"article\" \/>\n<meta property=\"og:title\" content=\"As\u00ed queda la parrilla de salida para el GP de Jap\u00f3n 2025 - NOTICIAS\" \/>\n<meta property=\"og:description\" content=\"Max Verstappen se qued\u00f3 con la pole position del Gran Premio de Jap\u00f3n 2025 de la F\u00f3rmula Uno, asombrando a...\" \/>\n<meta property=\"og:url\" content=\"https:\/\/laredsocial-noticias.com\/wp\/asi-queda-la-parrilla-de-salida-para-el-gp-de-japon-2025\/\" \/>\n<meta property=\"og:site_name\" content=\"NOTICIAS\" \/>\n<meta property=\"article:published_time\" content=\"2025-04-05T16:28:04+00:00\" \/>\n<meta property=\"article:modified_time\" content=\"2025-04-05T16:28:12+00:00\" \/>\n<meta name=\"author\" content=\"Editor en Jefe\" \/>\n<meta name=\"twitter:card\" content=\"summary_large_image\" \/>\n<meta name=\"twitter:label1\" content=\"Escrito por\" \/>\n\t<meta name=\"twitter:data1\" content=\"Editor en Jefe\" \/>\n\t<meta name=\"twitter:label2\" content=\"Tiempo de lectura\" \/>\n\t<meta name=\"twitter:data2\" content=\"2 minutos\" \/>\n<!-- \/ Yoast SEO plugin. -->","yoast_head_json":{"title":"As\u00ed queda la parrilla de salida para el GP de Jap\u00f3n 2025 - NOTICIAS","robots":{"index":"index","follow":"follow","max-snippet":"max-snippet:-1","max-image-preview":"max-image-preview:large","max-video-preview":"max-video-preview:-1"},"canonical":"https:\/\/laredsocial-noticias.com\/wp\/asi-queda-la-parrilla-de-salida-para-el-gp-de-japon-2025\/","og_locale":"es_ES","og_type":"article","og_title":"As\u00ed queda la parrilla de salida para el GP de Jap\u00f3n 2025 - NOTICIAS","og_description":"Max Verstappen se qued\u00f3 con la pole position del Gran Premio de Jap\u00f3n 2025 de la F\u00f3rmula Uno, asombrando a...","og_url":"https:\/\/laredsocial-noticias.com\/wp\/asi-queda-la-parrilla-de-salida-para-el-gp-de-japon-2025\/","og_site_name":"NOTICIAS","article_published_time":"2025-04-05T16:28:04+00:00","article_modified_time":"2025-04-05T16:28:12+00:00","author":"Editor en Jefe","twitter_card":"summary_large_image","twitter_misc":{"Escrito por":"Editor en Jefe","Tiempo de lectura":"2 minutos"},"schema":{"@context":"https:\/\/schema.org","@graph":[{"@type":"WebPage","@id":"https:\/\/laredsocial-noticias.com\/wp\/asi-queda-la-parrilla-de-salida-para-el-gp-de-japon-2025\/","url":"https:\/\/laredsocial-noticias.com\/wp\/asi-queda-la-parrilla-de-salida-para-el-gp-de-japon-2025\/","name":"As\u00ed queda la parrilla de salida para el GP de Jap\u00f3n 2025 - NOTICIAS","isPartOf":{"@id":"https:\/\/laredsocial-noticias.com\/wp\/#website"},"primaryImageOfPage":{"@id":"https:\/\/laredsocial-noticias.com\/wp\/asi-queda-la-parrilla-de-salida-para-el-gp-de-japon-2025\/#primaryimage"},"image":{"@id":"https:\/\/laredsocial-noticias.com\/wp\/asi-queda-la-parrilla-de-salida-para-el-gp-de-japon-2025\/#primaryimage"},"thumbnailUrl":"https:\/\/laredsocial-noticias.com\/wp\/wp-content\/uploads\/2025\/03\/images-1-1-1.jpg","datePublished":"2025-04-05T16:28:04+00:00","dateModified":"2025-04-05T16:28:12+00:00","author":{"@id":"https:\/\/laredsocial-noticias.com\/wp\/#\/schema\/person\/0ce78643f2de7aae6f6ef10e8453a6e0"},"breadcrumb":{"@id":"https:\/\/laredsocial-noticias.com\/wp\/asi-queda-la-parrilla-de-salida-para-el-gp-de-japon-2025\/#breadcrumb"},"inLanguage":"es","potentialAction":[{"@type":"ReadAction","target":["https:\/\/laredsocial-noticias.com\/wp\/asi-queda-la-parrilla-de-salida-para-el-gp-de-japon-2025\/"]}]},{"@type":"ImageObject","inLanguage":"es","@id":"https:\/\/laredsocial-noticias.com\/wp\/asi-queda-la-parrilla-de-salida-para-el-gp-de-japon-2025\/#primaryimage","url":"https:\/\/laredsocial-noticias.com\/wp\/wp-content\/uploads\/2025\/03\/images-1-1-1.jpg","contentUrl":"https:\/\/laredsocial-noticias.com\/wp\/wp-content\/uploads\/2025\/03\/images-1-1-1.jpg","width":304,"height":166},{"@type":"BreadcrumbList","@id":"https:\/\/laredsocial-noticias.com\/wp\/asi-queda-la-parrilla-de-salida-para-el-gp-de-japon-2025\/#breadcrumb","itemListElement":[{"@type":"ListItem","position":1,"name":"Portada","item":"https:\/\/laredsocial-noticias.com\/wp\/"},{"@type":"ListItem","position":2,"name":"As\u00ed queda la parrilla de salida para el GP de Jap\u00f3n 2025"}]},{"@type":"WebSite","@id":"https:\/\/laredsocial-noticias.com\/wp\/#website","url":"https:\/\/laredsocial-noticias.com\/wp\/","name":"NOTICIAS","description":"Lo que se ve y se dice en las redes sociales","potentialAction":[{"@type":"SearchAction","target":{"@type":"EntryPoint","urlTemplate":"https:\/\/laredsocial-noticias.com\/wp\/?s={search_term_string}"},"query-input":{"@type":"PropertyValueSpecification","valueRequired":true,"valueName":"search_term_string"}}],"inLanguage":"es"},{"@type":"Person","@id":"https:\/\/laredsocial-noticias.com\/wp\/#\/schema\/person\/0ce78643f2de7aae6f6ef10e8453a6e0","name":"Editor en Jefe","url":"https:\/\/laredsocial-noticias.com\/wp\/author\/jorgeochoa\/"}]}},"_links":{"self":[{"href":"https:\/\/laredsocial-noticias.com\/wp\/wp-json\/wp\/v2\/posts\/245446","targetHints":{"allow":["GET"]}}],"collection":[{"href":"https:\/\/laredsocial-noticias.com\/wp\/wp-json\/wp\/v2\/posts"}],"about":[{"href":"https:\/\/laredsocial-noticias.com\/wp\/wp-json\/wp\/v2\/types\/post"}],"author":[{"embeddable":true,"href":"https:\/\/laredsocial-noticias.com\/wp\/wp-json\/wp\/v2\/users\/1"}],"replies":[{"embeddable":true,"href":"https:\/\/laredsocial-noticias.com\/wp\/wp-json\/wp\/v2\/comments?post=245446"}],"version-history":[{"count":1,"href":"https:\/\/laredsocial-noticias.com\/wp\/wp-json\/wp\/v2\/posts\/245446\/revisions"}],"predecessor-version":[{"id":245447,"href":"https:\/\/laredsocial-noticias.com\/wp\/wp-json\/wp\/v2\/posts\/245446\/revisions\/245447"}],"wp:featuredmedia":[{"embeddable":true,"href":"https:\/\/laredsocial-noticias.com\/wp\/wp-json\/wp\/v2\/media\/245448"}],"wp:attachment":[{"href":"https:\/\/laredsocial-noticias.com\/wp\/wp-json\/wp\/v2\/media?parent=245446"}],"wp:term":[{"taxonomy":"category","embeddable":true,"href":"https:\/\/laredsocial-noticias.com\/wp\/wp-json\/wp\/v2\/categories?post=245446"},{"taxonomy":"post_tag","embeddable":true,"href":"https:\/\/laredsocial-noticias.com\/wp\/wp-json\/wp\/v2\/tags?post=245446"}],"curies":[{"name":"wp","href":"https:\/\/api.w.org\/{rel}","templated":true}]}}