{"id":24602,"date":"2016-08-25T13:06:06","date_gmt":"2016-08-25T18:06:06","guid":{"rendered":"http:\/\/laredsocial-noticias.com\/wp\/?p=24602"},"modified":"2016-08-25T13:06:13","modified_gmt":"2016-08-25T18:06:13","slug":"mexicanos-podran-registrarse-en-afore-con-aplicacion-movil","status":"publish","type":"post","link":"https:\/\/laredsocial-noticias.com\/wp\/mexicanos-podran-registrarse-en-afore-con-aplicacion-movil\/","title":{"rendered":"Mexicanos podr\u00e1n registrarse en Afore con aplicaci\u00f3n m\u00f3vil"},"content":{"rendered":"<p><strong>CIUDAD DE M\u00c9XICO, 25 de agosto, (ESFERA EMPRESARIAL\/ C\u00cdRCULO DIGITAL).-\u00a0<\/strong>Los trabajadores mexicanos podr\u00e1n registrarse en la Administradora de Fondos para el Retiro (Afore) de su preferencia por medio de aplicaciones m\u00f3viles, con el prop\u00f3sito de facilitar este proceso, inform\u00f3 la Secretar\u00eda de Hacienda y Cr\u00e9dito P\u00fablico (SHCP).<\/p>\n<p>La dependencia public\u00f3 en el Diario Oficial de la Federaci\u00f3n (DOF) las modificaciones a la Circular \u00danica Operativa (CUO) del Sistema de Ahorro para el Retiro (SAR) que entrar\u00e1n en vigor el primer d\u00eda h\u00e1bil de octubre pr\u00f3ximo y que incluyen, entre otros, el registro m\u00f3vil que el trabajador puede realizar por medio del E-SAR o con aplicaci\u00f3n m\u00f3vil.<\/p>\n<p>Con este registro m\u00f3vil, el ahorrador ejerce su derecho a elegir la instituci\u00f3n que administrar\u00e1 por primera vez su cuenta individual de conformidad con la Ley, el reglamento y las presentes disposiciones de car\u00e1cter general, indica en el documento.<\/p>\n<p>En el caso de las administradoras que decidan usar la aplicaci\u00f3n m\u00f3vil, indica que podr\u00e1n sustituir el tr\u00e1mite de la solicitud de constancia para Registro y la obtenci\u00f3n de la constancia de Registro ante la Afore.<\/p>\n<p>La dependencia expone que las Administradoras, por medio del E-SAR y de la aplicaci\u00f3n m\u00f3vil, deber\u00e1n elaborar y poner a disposici\u00f3n de los trabajadores la solicitud de Registro M\u00f3vil, la cual deber\u00e1 contener al menos informaci\u00f3n de datos personales del trabajador, administradora en la que desea registrar su cuenta individual.<\/p>\n<p>Para el caso de que el trabajador realice la solicitud de registro m\u00f3vil, \u00fanicamente se mostrar\u00e1n las Administradoras que cuentan con el servicio habilitado por la empresa operadora.<\/p>\n<p>Tambi\u00e9n deber\u00e1 contener una contrase\u00f1a proporcionada al trabajador cuando el tr\u00e1mite de registro m\u00f3vil sea realizado a trav\u00e9s del E-SAR, la cual ser\u00e1 expedida y enviada v\u00eda mensaje de texto al tel\u00e9fono celular del trabajador por las empresas operadoras conforme los criterios y plazos descritos en el Manual de Procedimientos Transaccionales.<\/p>\n<p>La solicitud de registro m\u00f3vil tendr\u00e1 una vigencia de 60 d\u00edas naturales contados a partir de la generaci\u00f3n de la solicitud realizada por el trabajador y no se podr\u00e1 realizar una nueva petici\u00f3n para un mismo trabajador durante su vigencia, sino hasta que, en su caso, sea rechazada por la Administradora.<\/p>\n<p>La Comisi\u00f3n Nacional del Sistema de Ahorro para el Retiro (Consar) establecer\u00e1 el dise\u00f1o de la solicitud de registro m\u00f3vil.<\/p>\n<p>En todo caso, una vez aceptada la solicitud de registro m\u00f3vil por las empresas operadoras, los trabajadores podr\u00e1n realizar aportaciones voluntarias a su cuenta individual.<\/p>\n<p>A su vez, las empresas operadoras validar\u00e1n, en l\u00ednea y tiempo real, la informaci\u00f3n y elementos de la solicitud de registro m\u00f3vil contra la informaci\u00f3n registrada en la base de datos nacional SAR y de conformidad con lo previsto en el Manual de Procedimientos Transaccionales.<\/p>\n<p>La dependencia aclara que de resultar exitosa la validaci\u00f3n, las empresas operadoras deber\u00e1n certificar en dicha base de datos la informaci\u00f3n y elementos contenidos en la solicitud de registro m\u00f3vil.<\/p>\n<p>Para concluir con la gesti\u00f3n del registro m\u00f3vil ante las empresas operadoras, se\u00f1ala que las Afores previamente deber\u00e1n contar con la solicitud de registro m\u00f3vil vigente y debidamente requisitada, que el trabajador cuente con expediente m\u00f3vil y que dicho expediente corresponda al mismo.<\/p>\n<p>Tambi\u00e9n deber\u00e1n realizar un an\u00e1lisis de la solicitud de registro m\u00f3vil y del expediente m\u00f3vil, a efecto de verificar que exista consistencia entre la informaci\u00f3n y elementos contenidos en ellos, anota.<\/p>\n<p>La SHCP resalta que las administradoras podr\u00e1n emplear el E-SAR o la aplicaci\u00f3n m\u00f3vil para poner a disposici\u00f3n de los trabajadores el estado de cuenta cuando se registren.<\/p>\n<p>Para el caso del E-SAR, el trabajador podr\u00e1 acceder con su Clave \u00danica de Registro de Poblaci\u00f3n (CURP), correo electr\u00f3nico y n\u00famero de tel\u00e9fono celular que al efecto proporcione el mismo, as\u00ed como las medidas de seguridad que las Administradoras consideren necesarias, agrega.<\/p>\n","protected":false},"excerpt":{"rendered":"<p>CIUDAD DE M\u00c9XICO, 25 de agosto, (ESFERA EMPRESARIAL\/ C\u00cdRCULO DIGITAL).-\u00a0Los trabajadores mexicanos podr\u00e1n registrarse en la Administradora de Fondos para&#8230;<\/p>\n","protected":false},"author":1,"featured_media":0,"comment_status":"closed","ping_status":"closed","sticky":false,"template":"","format":"standard","meta":{"footnotes":""},"categories":[1796,73],"tags":[2769,77],"class_list":["post-24602","post","type-post","status-publish","format-standard","hentry","category-circulodigital","category-principal","tag-negocios-y-finanzas","tag-principal"],"yoast_head":"<!-- This site is optimized with the Yoast SEO plugin v26.5 - https:\/\/yoast.com\/wordpress\/plugins\/seo\/ -->\n<title>Mexicanos podr\u00e1n registrarse en Afore con aplicaci\u00f3n m\u00f3vil - NOTICIAS<\/title>\n<meta name=\"robots\" content=\"index, follow, max-snippet:-1, max-image-preview:large, max-video-preview:-1\" \/>\n<link rel=\"canonical\" href=\"https:\/\/laredsocial-noticias.com\/wp\/mexicanos-podran-registrarse-en-afore-con-aplicacion-movil\/\" \/>\n<meta property=\"og:locale\" content=\"es_ES\" \/>\n<meta property=\"og:type\" content=\"article\" \/>\n<meta property=\"og:title\" content=\"Mexicanos podr\u00e1n registrarse en Afore con aplicaci\u00f3n m\u00f3vil - NOTICIAS\" \/>\n<meta property=\"og:description\" content=\"CIUDAD DE M\u00c9XICO, 25 de agosto, (ESFERA EMPRESARIAL\/ C\u00cdRCULO DIGITAL).-\u00a0Los trabajadores mexicanos podr\u00e1n registrarse en la Administradora de Fondos para...\" \/>\n<meta property=\"og:url\" content=\"https:\/\/laredsocial-noticias.com\/wp\/mexicanos-podran-registrarse-en-afore-con-aplicacion-movil\/\" \/>\n<meta property=\"og:site_name\" content=\"NOTICIAS\" \/>\n<meta property=\"article:published_time\" content=\"2016-08-25T18:06:06+00:00\" \/>\n<meta property=\"article:modified_time\" content=\"2016-08-25T18:06:13+00:00\" \/>\n<meta property=\"og:image\" content=\"https:\/\/laredsocial-noticias.com\/wp\/wp-content\/uploads\/2016\/08\/Celular1.jpg\" \/>\n\t<meta property=\"og:image:width\" content=\"900\" \/>\n\t<meta property=\"og:image:height\" content=\"470\" \/>\n\t<meta property=\"og:image:type\" content=\"image\/jpeg\" \/>\n<meta name=\"author\" content=\"Editor en Jefe\" \/>\n<meta name=\"twitter:card\" content=\"summary_large_image\" \/>\n<meta name=\"twitter:label1\" content=\"Escrito por\" \/>\n\t<meta name=\"twitter:data1\" content=\"Editor en Jefe\" \/>\n\t<meta name=\"twitter:label2\" content=\"Tiempo de lectura\" \/>\n\t<meta name=\"twitter:data2\" content=\"4 minutos\" \/>\n<!-- \/ Yoast SEO plugin. -->","yoast_head_json":{"title":"Mexicanos podr\u00e1n registrarse en Afore con aplicaci\u00f3n m\u00f3vil - NOTICIAS","robots":{"index":"index","follow":"follow","max-snippet":"max-snippet:-1","max-image-preview":"max-image-preview:large","max-video-preview":"max-video-preview:-1"},"canonical":"https:\/\/laredsocial-noticias.com\/wp\/mexicanos-podran-registrarse-en-afore-con-aplicacion-movil\/","og_locale":"es_ES","og_type":"article","og_title":"Mexicanos podr\u00e1n registrarse en Afore con aplicaci\u00f3n m\u00f3vil - NOTICIAS","og_description":"CIUDAD DE M\u00c9XICO, 25 de agosto, (ESFERA EMPRESARIAL\/ C\u00cdRCULO DIGITAL).-\u00a0Los trabajadores mexicanos podr\u00e1n registrarse en la Administradora de Fondos para...","og_url":"https:\/\/laredsocial-noticias.com\/wp\/mexicanos-podran-registrarse-en-afore-con-aplicacion-movil\/","og_site_name":"NOTICIAS","article_published_time":"2016-08-25T18:06:06+00:00","article_modified_time":"2016-08-25T18:06:13+00:00","og_image":[{"width":900,"height":470,"url":"https:\/\/laredsocial-noticias.com\/wp\/wp-content\/uploads\/2016\/08\/Celular1.jpg","type":"image\/jpeg"}],"author":"Editor en Jefe","twitter_card":"summary_large_image","twitter_misc":{"Escrito por":"Editor en Jefe","Tiempo de lectura":"4 minutos"},"schema":{"@context":"https:\/\/schema.org","@graph":[{"@type":"WebPage","@id":"https:\/\/laredsocial-noticias.com\/wp\/mexicanos-podran-registrarse-en-afore-con-aplicacion-movil\/","url":"https:\/\/laredsocial-noticias.com\/wp\/mexicanos-podran-registrarse-en-afore-con-aplicacion-movil\/","name":"Mexicanos podr\u00e1n registrarse en Afore con aplicaci\u00f3n m\u00f3vil - NOTICIAS","isPartOf":{"@id":"https:\/\/laredsocial-noticias.com\/wp\/#website"},"datePublished":"2016-08-25T18:06:06+00:00","dateModified":"2016-08-25T18:06:13+00:00","author":{"@id":"https:\/\/laredsocial-noticias.com\/wp\/#\/schema\/person\/0ce78643f2de7aae6f6ef10e8453a6e0"},"breadcrumb":{"@id":"https:\/\/laredsocial-noticias.com\/wp\/mexicanos-podran-registrarse-en-afore-con-aplicacion-movil\/#breadcrumb"},"inLanguage":"es","potentialAction":[{"@type":"ReadAction","target":["https:\/\/laredsocial-noticias.com\/wp\/mexicanos-podran-registrarse-en-afore-con-aplicacion-movil\/"]}]},{"@type":"BreadcrumbList","@id":"https:\/\/laredsocial-noticias.com\/wp\/mexicanos-podran-registrarse-en-afore-con-aplicacion-movil\/#breadcrumb","itemListElement":[{"@type":"ListItem","position":1,"name":"Portada","item":"https:\/\/laredsocial-noticias.com\/wp\/"},{"@type":"ListItem","position":2,"name":"Mexicanos podr\u00e1n registrarse en Afore con aplicaci\u00f3n m\u00f3vil"}]},{"@type":"WebSite","@id":"https:\/\/laredsocial-noticias.com\/wp\/#website","url":"https:\/\/laredsocial-noticias.com\/wp\/","name":"NOTICIAS","description":"Lo que se ve y se dice en las redes sociales","potentialAction":[{"@type":"SearchAction","target":{"@type":"EntryPoint","urlTemplate":"https:\/\/laredsocial-noticias.com\/wp\/?s={search_term_string}"},"query-input":{"@type":"PropertyValueSpecification","valueRequired":true,"valueName":"search_term_string"}}],"inLanguage":"es"},{"@type":"Person","@id":"https:\/\/laredsocial-noticias.com\/wp\/#\/schema\/person\/0ce78643f2de7aae6f6ef10e8453a6e0","name":"Editor en Jefe","url":"https:\/\/laredsocial-noticias.com\/wp\/author\/jorgeochoa\/"}]}},"_links":{"self":[{"href":"https:\/\/laredsocial-noticias.com\/wp\/wp-json\/wp\/v2\/posts\/24602","targetHints":{"allow":["GET"]}}],"collection":[{"href":"https:\/\/laredsocial-noticias.com\/wp\/wp-json\/wp\/v2\/posts"}],"about":[{"href":"https:\/\/laredsocial-noticias.com\/wp\/wp-json\/wp\/v2\/types\/post"}],"author":[{"embeddable":true,"href":"https:\/\/laredsocial-noticias.com\/wp\/wp-json\/wp\/v2\/users\/1"}],"replies":[{"embeddable":true,"href":"https:\/\/laredsocial-noticias.com\/wp\/wp-json\/wp\/v2\/comments?post=24602"}],"version-history":[{"count":1,"href":"https:\/\/laredsocial-noticias.com\/wp\/wp-json\/wp\/v2\/posts\/24602\/revisions"}],"predecessor-version":[{"id":24603,"href":"https:\/\/laredsocial-noticias.com\/wp\/wp-json\/wp\/v2\/posts\/24602\/revisions\/24603"}],"wp:attachment":[{"href":"https:\/\/laredsocial-noticias.com\/wp\/wp-json\/wp\/v2\/media?parent=24602"}],"wp:term":[{"taxonomy":"category","embeddable":true,"href":"https:\/\/laredsocial-noticias.com\/wp\/wp-json\/wp\/v2\/categories?post=24602"},{"taxonomy":"post_tag","embeddable":true,"href":"https:\/\/laredsocial-noticias.com\/wp\/wp-json\/wp\/v2\/tags?post=24602"}],"curies":[{"name":"wp","href":"https:\/\/api.w.org\/{rel}","templated":true}]}}