{"id":246134,"date":"2025-04-14T14:32:52","date_gmt":"2025-04-14T20:32:52","guid":{"rendered":"https:\/\/laredsocial-noticias.com\/wp\/?p=246134"},"modified":"2025-04-14T14:32:53","modified_gmt":"2025-04-14T20:32:53","slug":"impuesto-a-emisiones-de-co%e2%82%82-con-limitaciones","status":"publish","type":"post","link":"https:\/\/laredsocial-noticias.com\/wp\/impuesto-a-emisiones-de-co%e2%82%82-con-limitaciones\/","title":{"rendered":"Impuesto a emisiones de CO\u2082 con limitaciones"},"content":{"rendered":"<div class=\"wp-block-image\">\n<figure class=\"aligncenter size-full is-resized\"><img loading=\"lazy\" decoding=\"async\" width=\"739\" height=\"415\" src=\"https:\/\/laredsocial-noticias.com\/wp\/wp-content\/uploads\/2025\/04\/images-1.jpeg\" alt=\"\" class=\"wp-image-246137\" style=\"width:581px;height:auto\" srcset=\"https:\/\/laredsocial-noticias.com\/wp\/wp-content\/uploads\/2025\/04\/images-1.jpeg 739w, https:\/\/laredsocial-noticias.com\/wp\/wp-content\/uploads\/2025\/04\/images-1-300x168.jpeg 300w\" sizes=\"auto, (max-width: 739px) 100vw, 739px\" \/><\/figure>\n<\/div>\n\n\n<p><strong>CDMX enfrenta complicado desaf\u00edo de fiscalidad ambiental. Requiere modernizarse y alinearse con los est\u00e1ndares internacionales. Atender sus crisis de calidad del aire y gesti\u00f3n de residuos.<\/strong><\/p>\n\n\n\n<ul class=\"wp-block-list\">\n<li><strong>Se deben aprovechar las oportunidades de la econom\u00eda circular y corregir las profundas desigualdades circunstanciales que afectan a sus habitantes.<\/strong><\/li>\n<\/ul>\n\n\n\n<ul class=\"wp-block-list\">\n<li><strong>U<\/strong><strong>na ruta legislativa para fortalecer los instrumentos fiscales ambientales, parten del principio \u201cquien contamina paga\u201d, se\u00f1ala el diputado Pablo Trejo.<\/strong><\/li>\n<\/ul>\n\n\n<div class=\"wp-block-image\">\n<figure class=\"alignright size-large is-resized\"><img loading=\"lazy\" decoding=\"async\" width=\"1024\" height=\"682\" src=\"https:\/\/laredsocial-noticias.com\/wp\/wp-content\/uploads\/2025\/04\/IMG-20250410-WA0015-1-1024x682.jpg\" alt=\"\" class=\"wp-image-246135\" style=\"width:435px;height:auto\" srcset=\"https:\/\/laredsocial-noticias.com\/wp\/wp-content\/uploads\/2025\/04\/IMG-20250410-WA0015-1-1024x682.jpg 1024w, https:\/\/laredsocial-noticias.com\/wp\/wp-content\/uploads\/2025\/04\/IMG-20250410-WA0015-1-300x200.jpg 300w, https:\/\/laredsocial-noticias.com\/wp\/wp-content\/uploads\/2025\/04\/IMG-20250410-WA0015-1-768x511.jpg 768w, https:\/\/laredsocial-noticias.com\/wp\/wp-content\/uploads\/2025\/04\/IMG-20250410-WA0015-1.jpg 1280w\" sizes=\"auto, (max-width: 1024px) 100vw, 1024px\" \/><\/figure>\n<\/div>\n\n\n<p><strong>Por Guillermo Pimentel Balderas<\/strong><\/p>\n\n\n\n<p>En un contexto global, la Ciudad de M\u00e9xico (CDMX) enfrenta el desaf\u00edo de modernizar su propia fiscalidad ambiental. Aunque ha dado pasos importantes como la implementaci\u00f3n de un impuesto a emisiones de CO\u2082, \u00e9ste a\u00fan presenta limitaciones significativas frente a los est\u00e1ndares internacionales.<\/p>\n\n\n<div class=\"wp-block-image\">\n<figure class=\"alignleft size-full is-resized\"><img loading=\"lazy\" decoding=\"async\" width=\"300\" height=\"168\" src=\"https:\/\/laredsocial-noticias.com\/wp\/wp-content\/uploads\/2025\/04\/images.jpeg\" alt=\"\" class=\"wp-image-246136\" style=\"width:393px;height:auto\"\/><\/figure>\n<\/div>\n\n\n<p>En charla con este reportero, el legislador Pablo Trejo P\u00e9rez, vicecoordinador del Grupo Parlamentario del PRD, precisa que el documento de investigaci\u00f3n: \u201cImpuestos Verdes: Herramientas Fiscales para la Mitigaci\u00f3n del Cambio Clim\u00e1tico y Desarrollo Sustentable\u201d, presentado en la Cuarta Sesi\u00f3n Ordinaria de la Comisi\u00f3n de Hacienda del Congreso de la Ciudad de M\u00e9xico y que preside, se someti\u00f3 a consideraci\u00f3n de sus miembros y el cual fue aprobado por unanimidad.<\/p>\n\n\n\n<p>Este trabajo, impulsado por la Comisi\u00f3n, \u201cpropone una ruta legislativa para fortalecer los instrumentos fiscales ambientales, partiendo del principio \u201cquien contamina paga\u201d.<\/p>\n\n\n\n<p>Describe que en el sumario del texto se indica que frente a una realidad en la que, el a\u00f1o pasado, en la capital del pa\u00eds m\u00e1s de 80% de los d\u00edas superaron los l\u00edmites de contaminaci\u00f3n, adem\u00e1s de la generaci\u00f3n de 13 mil toneladas de residuos diarios con s\u00f3lo un 4% de reciclaje. \u201cLos llamados impuestos verdes emergen como una herramienta clave para corregir externalidades, proteger la salud p\u00fablica y fomentar una econom\u00eda circular\u201d, suscribe.<\/p>\n\n\n\n<p>Al abordar el tema de los \u201cdatos alarmantes\u201d que se destacan en el libro, el presidente de la Comisi\u00f3n de Hacienda, relata que \u00e9stos refuerzan la necesidad de una reforma fiscal ambiental inmediata.<\/p>\n\n\n\n<p>Precisa: \u201c72% de la poblaci\u00f3n desconoce el destino de los recursos recaudados; apenas 1.2% del parque vehicular es el\u00e9ctrico; y la tasa de impuesto al carbono en la Ciudad de M\u00e9xico (58 pesos por tonelada) est\u00e1 muy por debajo de est\u00e1ndares internacionales (como los dos mil 800 pesos en Suecia)\u201d.<\/p>\n\n\n\n<p>Agrega: \u201cEstos elementos evidencian una brecha normativa y operativa que puede ser subsanada mediante una legislaci\u00f3n integral sobre fiscalizaci\u00f3n ambiental, que garantice transparencia, eficacia recaudatoria y justicia clim\u00e1tica\u201d.<\/p>\n\n\n\n<p>El diputado recuenta que a partir de un an\u00e1lisis t\u00e9cnico y comparativo con experiencias internacionales \u2014como Suecia, Londres y Santiago de Chile\u2014, el estudio en cuesti\u00f3n plantea cuatro ejes para una reforma fiscal ambiental efectiva: Tasas progresivas que disuadan la contaminaci\u00f3n. Fondo Verde con mecanismos de reinversi\u00f3n transparente. Incentivos para econom\u00eda circular y Compensaciones sociales para proteger a sectores vulnerables.<\/p>\n\n\n\n<p>Asimismo, rese\u00f1a que el original se estructura en varios apartados, entre ellos: Marco conceptual y legal, que define los impuestos verdes, su base econ\u00f3mica y su respaldo jur\u00eddico. Diagn\u00f3stico de la contaminaci\u00f3n ambiental, que examina sus m\u00faltiples formas: aire, agua, suelo, ruido, luz, calor y radiaci\u00f3n.<\/p>\n\n\n\n<p>As\u00ed como: Implicaciones ambientales, sociales y econ\u00f3micas, donde se destaca el impacto en salud, biodiversidad y productividad. Fundamentos y criterios de implementaci\u00f3n de impuestos verdes, con base en teor\u00eda econ\u00f3mica y mejores pr\u00e1cticas internacionales. Panorama comparado, que incluye experiencias de Europa, Asia y Am\u00e9rica Latina en la aplicaci\u00f3n de estos instrumentos. Estudio del caso mexicano y de la Megal\u00f3polis, con especial atenci\u00f3n a la Ciudad de M\u00e9xico y sus retos locales y, Hallazgos, que resumen los desaf\u00edos y oportunidades para avanzar hacia un sistema tributario ambiental moderno, equitativo y eficiente.<\/p>\n\n\n\n<p>Insiste en que la contaminaci\u00f3n genera externalidades negativas, deterioro de la salud p\u00fablica, aumento del gasto m\u00e9dico, reducci\u00f3n de la productividad y p\u00e9rdidas econ\u00f3micas.<\/p>\n\n\n\n<p>\u201cEn 2024 los niveles de ozono, PM10, PM2.5 y SO2 contin\u00faan excediendo las normas sanitaria, especialmente en invierno, acentuados por fen\u00f3menos como la inversi\u00f3n t\u00e9rmica y uso de pirotecnia\u201d, afirma.<\/p>\n\n\n\n<p>La experiencia internacional revela que los sistemas m\u00e1s exitosos comparten cuatro caracter\u00edsticas fundamentales: tasas progresivas que reflejen el verdadero costo social de la contaminaci\u00f3n, mecanismos compensatorios para proteger a los sectores vulnerables, vinculaci\u00f3n clara entre lo recaudado y su reinversi\u00f3n en proyectos ambientales, e integraci\u00f3n con otros instrumentos como los mercados de carbono.<\/p>\n\n\n\n<p>Es una realidad que la CDMX enfrenta una situaci\u00f3n ambiental cr\u00edtica que demanda acci\u00f3n inmediata: La calidad del aire sigue siendo el problema m\u00e1s apremiante, con un 83.3% de los d\u00edas en 2024 superando los l\u00edmites permitidos de PM2.5 y un 63.3% en el caso del ozono.<\/p>\n\n\n\n<p>En el manuscrito, que consta de 58 paginas, se da un amplio panorama de la situaci\u00f3n que se vive en la CDMX, la cual requiere una modernizaci\u00f3n urgente de su fiscalidad ambiental que le permita alinearse con los est\u00e1ndares internacionales, atender sus crisis de calidad del aire y gesti\u00f3n de residuos, aprovechar las oportunidades de la econom\u00eda circular y corregir las profundas desigualdades ambientales que afectan a sus habitantes.<\/p>\n\n\n\n<p>Se se\u00f1ala que en materia de gobernanza, el 72% de los contribuyentes desconoce el destino de los recursos recaudados mediante impuestos verdes, y no se cuenta con indicadores p\u00fablicos que permitan evaluar su impacto real en la mejora ambiental.<\/p>\n\n\n\n<p>Al referirse a la desigualdad ambiental, se manifiesta con crudeza que, en alcald\u00edas como Iztapalapa y Tl\u00e1huac la incidencia de enfermedades respiratorias es 40% mayor que en otras zonas de la ciudad, sin que existan mecanismos fiscales diferenciados que corrijan estas disparidades.<\/p>\n\n\n\n<p>Ante estos datos fr\u00edos, Pablo Trejo considera que el reto es que no est\u00e9 contaminado el aire, la luz, las \u00e1reas verdes y reflexiona: \u201cse trata de una investigaci\u00f3n comparada con la forma en la que otros pa\u00edses atienden el problema de la contaminaci\u00f3n a trav\u00e9s de los impuestos verdes, y canalizan los recursos hacia \u00e1reas que buscan restituir el medio ambiente\u201d.<\/p>\n\n\n\n<p>Al darle su justo cr\u00e9dito al esfuerzo y dedicaci\u00f3n de los integrantes de la Comisi\u00f3n de Hacienda del Congreso y que aprob\u00f3 por unanimidad el documento de investigaci\u00f3n: \u201cImpuestos Verdes Herramientas Fiscales para la Mitigaci\u00f3n del Cambio Clim\u00e1tico y Desarrollo Sustentable\u201d, el legislador capitalino Pablo Trejo afirma que el documento concluye con un llamado urgente a la acci\u00f3n legislativa, posicionando a la Ciudad de M\u00e9xico como referente en el dise\u00f1o de una pol\u00edtica fiscal verde y sostenible.<\/p>\n","protected":false},"excerpt":{"rendered":"<p>CDMX enfrenta complicado desaf\u00edo de fiscalidad ambiental. Requiere modernizarse y alinearse con los est\u00e1ndares internacionales. Atender sus crisis de calidad&#8230;<\/p>\n","protected":false},"author":10,"featured_media":0,"comment_status":"closed","ping_status":"closed","sticky":false,"template":"","format":"standard","meta":{"footnotes":""},"categories":[10900,9343,33],"tags":[],"class_list":["post-246134","post","type-post","status-publish","format-standard","hentry","category-congreso-cdmx","category-noticias","category-prd"],"yoast_head":"<!-- This site is optimized with the Yoast SEO plugin v26.5 - https:\/\/yoast.com\/wordpress\/plugins\/seo\/ -->\n<title>Impuesto a emisiones de CO\u2082 con limitaciones - NOTICIAS<\/title>\n<meta name=\"robots\" content=\"index, follow, max-snippet:-1, max-image-preview:large, max-video-preview:-1\" \/>\n<link rel=\"canonical\" href=\"https:\/\/laredsocial-noticias.com\/wp\/impuesto-a-emisiones-de-co\u2082-con-limitaciones\/\" \/>\n<meta property=\"og:locale\" content=\"es_ES\" \/>\n<meta property=\"og:type\" content=\"article\" \/>\n<meta property=\"og:title\" content=\"Impuesto a emisiones de CO\u2082 con limitaciones - NOTICIAS\" \/>\n<meta property=\"og:description\" content=\"CDMX enfrenta complicado desaf\u00edo de fiscalidad ambiental. Requiere modernizarse y alinearse con los est\u00e1ndares internacionales. Atender sus crisis de calidad...\" \/>\n<meta property=\"og:url\" content=\"https:\/\/laredsocial-noticias.com\/wp\/impuesto-a-emisiones-de-co\u2082-con-limitaciones\/\" \/>\n<meta property=\"og:site_name\" content=\"NOTICIAS\" \/>\n<meta property=\"article:published_time\" content=\"2025-04-14T20:32:52+00:00\" \/>\n<meta property=\"article:modified_time\" content=\"2025-04-14T20:32:53+00:00\" \/>\n<meta property=\"og:image\" content=\"https:\/\/laredsocial-noticias.com\/wp\/wp-content\/uploads\/2025\/04\/images-1.jpeg\" \/>\n\t<meta property=\"og:image:width\" content=\"739\" \/>\n\t<meta property=\"og:image:height\" content=\"415\" \/>\n\t<meta property=\"og:image:type\" content=\"image\/jpeg\" \/>\n<meta name=\"author\" content=\"Guillermo Pimentel\" \/>\n<meta name=\"twitter:card\" content=\"summary_large_image\" \/>\n<meta name=\"twitter:label1\" content=\"Escrito por\" \/>\n\t<meta name=\"twitter:data1\" content=\"Guillermo Pimentel\" \/>\n\t<meta name=\"twitter:label2\" content=\"Tiempo de lectura\" \/>\n\t<meta name=\"twitter:data2\" content=\"6 minutos\" \/>\n<!-- \/ Yoast SEO plugin. -->","yoast_head_json":{"title":"Impuesto a emisiones de CO\u2082 con limitaciones - NOTICIAS","robots":{"index":"index","follow":"follow","max-snippet":"max-snippet:-1","max-image-preview":"max-image-preview:large","max-video-preview":"max-video-preview:-1"},"canonical":"https:\/\/laredsocial-noticias.com\/wp\/impuesto-a-emisiones-de-co\u2082-con-limitaciones\/","og_locale":"es_ES","og_type":"article","og_title":"Impuesto a emisiones de CO\u2082 con limitaciones - NOTICIAS","og_description":"CDMX enfrenta complicado desaf\u00edo de fiscalidad ambiental. Requiere modernizarse y alinearse con los est\u00e1ndares internacionales. Atender sus crisis de calidad...","og_url":"https:\/\/laredsocial-noticias.com\/wp\/impuesto-a-emisiones-de-co\u2082-con-limitaciones\/","og_site_name":"NOTICIAS","article_published_time":"2025-04-14T20:32:52+00:00","article_modified_time":"2025-04-14T20:32:53+00:00","og_image":[{"width":739,"height":415,"url":"https:\/\/laredsocial-noticias.com\/wp\/wp-content\/uploads\/2025\/04\/images-1.jpeg","type":"image\/jpeg"}],"author":"Guillermo Pimentel","twitter_card":"summary_large_image","twitter_misc":{"Escrito por":"Guillermo Pimentel","Tiempo de lectura":"6 minutos"},"schema":{"@context":"https:\/\/schema.org","@graph":[{"@type":"WebPage","@id":"https:\/\/laredsocial-noticias.com\/wp\/impuesto-a-emisiones-de-co%e2%82%82-con-limitaciones\/","url":"https:\/\/laredsocial-noticias.com\/wp\/impuesto-a-emisiones-de-co%e2%82%82-con-limitaciones\/","name":"Impuesto a emisiones de CO\u2082 con limitaciones - NOTICIAS","isPartOf":{"@id":"https:\/\/laredsocial-noticias.com\/wp\/#website"},"primaryImageOfPage":{"@id":"https:\/\/laredsocial-noticias.com\/wp\/impuesto-a-emisiones-de-co%e2%82%82-con-limitaciones\/#primaryimage"},"image":{"@id":"https:\/\/laredsocial-noticias.com\/wp\/impuesto-a-emisiones-de-co%e2%82%82-con-limitaciones\/#primaryimage"},"thumbnailUrl":"https:\/\/laredsocial-noticias.com\/wp\/wp-content\/uploads\/2025\/04\/images-1.jpeg","datePublished":"2025-04-14T20:32:52+00:00","dateModified":"2025-04-14T20:32:53+00:00","author":{"@id":"https:\/\/laredsocial-noticias.com\/wp\/#\/schema\/person\/9c09eb8c35c46dac6d30e2baff4b64d6"},"breadcrumb":{"@id":"https:\/\/laredsocial-noticias.com\/wp\/impuesto-a-emisiones-de-co%e2%82%82-con-limitaciones\/#breadcrumb"},"inLanguage":"es","potentialAction":[{"@type":"ReadAction","target":["https:\/\/laredsocial-noticias.com\/wp\/impuesto-a-emisiones-de-co%e2%82%82-con-limitaciones\/"]}]},{"@type":"ImageObject","inLanguage":"es","@id":"https:\/\/laredsocial-noticias.com\/wp\/impuesto-a-emisiones-de-co%e2%82%82-con-limitaciones\/#primaryimage","url":"https:\/\/laredsocial-noticias.com\/wp\/wp-content\/uploads\/2025\/04\/images-1.jpeg","contentUrl":"https:\/\/laredsocial-noticias.com\/wp\/wp-content\/uploads\/2025\/04\/images-1.jpeg","width":739,"height":415},{"@type":"BreadcrumbList","@id":"https:\/\/laredsocial-noticias.com\/wp\/impuesto-a-emisiones-de-co%e2%82%82-con-limitaciones\/#breadcrumb","itemListElement":[{"@type":"ListItem","position":1,"name":"Portada","item":"https:\/\/laredsocial-noticias.com\/wp\/"},{"@type":"ListItem","position":2,"name":"Impuesto a emisiones de CO\u2082 con limitaciones"}]},{"@type":"WebSite","@id":"https:\/\/laredsocial-noticias.com\/wp\/#website","url":"https:\/\/laredsocial-noticias.com\/wp\/","name":"NOTICIAS","description":"Lo que se ve y se dice en las redes sociales","potentialAction":[{"@type":"SearchAction","target":{"@type":"EntryPoint","urlTemplate":"https:\/\/laredsocial-noticias.com\/wp\/?s={search_term_string}"},"query-input":{"@type":"PropertyValueSpecification","valueRequired":true,"valueName":"search_term_string"}}],"inLanguage":"es"},{"@type":"Person","@id":"https:\/\/laredsocial-noticias.com\/wp\/#\/schema\/person\/9c09eb8c35c46dac6d30e2baff4b64d6","name":"Guillermo Pimentel","url":"https:\/\/laredsocial-noticias.com\/wp\/author\/guillermo\/"}]}},"_links":{"self":[{"href":"https:\/\/laredsocial-noticias.com\/wp\/wp-json\/wp\/v2\/posts\/246134","targetHints":{"allow":["GET"]}}],"collection":[{"href":"https:\/\/laredsocial-noticias.com\/wp\/wp-json\/wp\/v2\/posts"}],"about":[{"href":"https:\/\/laredsocial-noticias.com\/wp\/wp-json\/wp\/v2\/types\/post"}],"author":[{"embeddable":true,"href":"https:\/\/laredsocial-noticias.com\/wp\/wp-json\/wp\/v2\/users\/10"}],"replies":[{"embeddable":true,"href":"https:\/\/laredsocial-noticias.com\/wp\/wp-json\/wp\/v2\/comments?post=246134"}],"version-history":[{"count":1,"href":"https:\/\/laredsocial-noticias.com\/wp\/wp-json\/wp\/v2\/posts\/246134\/revisions"}],"predecessor-version":[{"id":246138,"href":"https:\/\/laredsocial-noticias.com\/wp\/wp-json\/wp\/v2\/posts\/246134\/revisions\/246138"}],"wp:attachment":[{"href":"https:\/\/laredsocial-noticias.com\/wp\/wp-json\/wp\/v2\/media?parent=246134"}],"wp:term":[{"taxonomy":"category","embeddable":true,"href":"https:\/\/laredsocial-noticias.com\/wp\/wp-json\/wp\/v2\/categories?post=246134"},{"taxonomy":"post_tag","embeddable":true,"href":"https:\/\/laredsocial-noticias.com\/wp\/wp-json\/wp\/v2\/tags?post=246134"}],"curies":[{"name":"wp","href":"https:\/\/api.w.org\/{rel}","templated":true}]}}