{"id":246410,"date":"2025-04-20T10:48:32","date_gmt":"2025-04-20T16:48:32","guid":{"rendered":"https:\/\/laredsocial-noticias.com\/wp\/?p=246410"},"modified":"2025-04-20T10:48:47","modified_gmt":"2025-04-20T16:48:47","slug":"semana-santa-de-terror-en-sinaloa-contabilizan-al-menos-18-asesinatos","status":"publish","type":"post","link":"https:\/\/laredsocial-noticias.com\/wp\/semana-santa-de-terror-en-sinaloa-contabilizan-al-menos-18-asesinatos\/","title":{"rendered":"Semana Santa de terror en Sinaloa, contabilizan al menos 18 asesinatos"},"content":{"rendered":"<p>Al menos 18 personas han sido asesinadas o localizadas sin vida durante la Semana Santa en Sinaloa; dos mujeres y un polic\u00eda se cuentan entre la v\u00edctimas.<\/p>\n<p>Una de las mujeres fue identificada con el nombre de Sandra Anah\u00ed de 34 a\u00f1os de edad, quien perdi\u00f3 la vida al quedar en medio de fuego cruzado, en un enfrentamiento entre civiles armados al sur de Culiac\u00e1n.<\/p>\n<p>Otra fue encontrada sin vida junto a un hombre en el municipio de Rosario, al sur de la entidad. Ambos cuerpos fueron descuartizados, y sus cabezas dejadas a un lado de los restos, con un mensaje intimidatorio.<\/p>\n<p>Balean a polic\u00eda en Culiac\u00e1n<br \/>\nMientras el agente de la Polic\u00eda Municipal de Culiac\u00e1n fue asesinado a balazos al concluir su turno, saliendo de la base de la corporaci\u00f3n, y en el mismo ataque, otros dos elementos resultaron heridos.<\/p>\n<p>Hasta el momento, ninguno de \u00e9stos hechos se ha registrado en destinos tur\u00edsticos, d\u00f3nde, de acuerdo a las autoridades, se encuentran unas 900 mil personas.<\/p>\n<p>Previ\u00f3 al inicio de Semana Santa, las autoridades desplegaron 14 mil elementos en toda la entidad, incluyendo fuerzas municipales, estatales y federales.<\/p>\n","protected":false},"excerpt":{"rendered":"<p>Al menos 18 personas han sido asesinadas o localizadas sin vida durante la Semana Santa en Sinaloa; dos mujeres y&#8230;<\/p>\n","protected":false},"author":1,"featured_media":241541,"comment_status":"open","ping_status":"closed","sticky":false,"template":"","format":"standard","meta":{"footnotes":""},"categories":[78,1726,6026],"tags":[],"class_list":["post-246410","post","type-post","status-publish","format-standard","has-post-thumbnail","hentry","category-nacional","category-nacionales","category-portada"],"yoast_head":"<!-- This site is optimized with the Yoast SEO plugin v26.5 - https:\/\/yoast.com\/wordpress\/plugins\/seo\/ -->\n<title>Semana Santa de terror en Sinaloa, contabilizan al menos 18 asesinatos - NOTICIAS<\/title>\n<meta name=\"robots\" content=\"index, follow, max-snippet:-1, max-image-preview:large, max-video-preview:-1\" \/>\n<link rel=\"canonical\" href=\"https:\/\/laredsocial-noticias.com\/wp\/semana-santa-de-terror-en-sinaloa-contabilizan-al-menos-18-asesinatos\/\" \/>\n<meta property=\"og:locale\" content=\"es_ES\" \/>\n<meta property=\"og:type\" content=\"article\" \/>\n<meta property=\"og:title\" content=\"Semana Santa de terror en Sinaloa, contabilizan al menos 18 asesinatos - NOTICIAS\" \/>\n<meta property=\"og:description\" content=\"Al menos 18 personas han sido asesinadas o localizadas sin vida durante la Semana Santa en Sinaloa; dos mujeres y...\" \/>\n<meta property=\"og:url\" content=\"https:\/\/laredsocial-noticias.com\/wp\/semana-santa-de-terror-en-sinaloa-contabilizan-al-menos-18-asesinatos\/\" \/>\n<meta property=\"og:site_name\" content=\"NOTICIAS\" \/>\n<meta property=\"article:published_time\" content=\"2025-04-20T16:48:32+00:00\" \/>\n<meta property=\"article:modified_time\" content=\"2025-04-20T16:48:47+00:00\" \/>\n<meta name=\"author\" content=\"Editor en Jefe\" \/>\n<meta name=\"twitter:card\" content=\"summary_large_image\" \/>\n<meta name=\"twitter:label1\" content=\"Escrito por\" \/>\n\t<meta name=\"twitter:data1\" content=\"Editor en Jefe\" \/>\n\t<meta name=\"twitter:label2\" content=\"Tiempo de lectura\" \/>\n\t<meta name=\"twitter:data2\" content=\"1 minuto\" \/>\n<!-- \/ Yoast SEO plugin. -->","yoast_head_json":{"title":"Semana Santa de terror en Sinaloa, contabilizan al menos 18 asesinatos - NOTICIAS","robots":{"index":"index","follow":"follow","max-snippet":"max-snippet:-1","max-image-preview":"max-image-preview:large","max-video-preview":"max-video-preview:-1"},"canonical":"https:\/\/laredsocial-noticias.com\/wp\/semana-santa-de-terror-en-sinaloa-contabilizan-al-menos-18-asesinatos\/","og_locale":"es_ES","og_type":"article","og_title":"Semana Santa de terror en Sinaloa, contabilizan al menos 18 asesinatos - NOTICIAS","og_description":"Al menos 18 personas han sido asesinadas o localizadas sin vida durante la Semana Santa en Sinaloa; dos mujeres y...","og_url":"https:\/\/laredsocial-noticias.com\/wp\/semana-santa-de-terror-en-sinaloa-contabilizan-al-menos-18-asesinatos\/","og_site_name":"NOTICIAS","article_published_time":"2025-04-20T16:48:32+00:00","article_modified_time":"2025-04-20T16:48:47+00:00","author":"Editor en Jefe","twitter_card":"summary_large_image","twitter_misc":{"Escrito por":"Editor en Jefe","Tiempo de lectura":"1 minuto"},"schema":{"@context":"https:\/\/schema.org","@graph":[{"@type":"WebPage","@id":"https:\/\/laredsocial-noticias.com\/wp\/semana-santa-de-terror-en-sinaloa-contabilizan-al-menos-18-asesinatos\/","url":"https:\/\/laredsocial-noticias.com\/wp\/semana-santa-de-terror-en-sinaloa-contabilizan-al-menos-18-asesinatos\/","name":"Semana Santa de terror en Sinaloa, contabilizan al menos 18 asesinatos - NOTICIAS","isPartOf":{"@id":"https:\/\/laredsocial-noticias.com\/wp\/#website"},"primaryImageOfPage":{"@id":"https:\/\/laredsocial-noticias.com\/wp\/semana-santa-de-terror-en-sinaloa-contabilizan-al-menos-18-asesinatos\/#primaryimage"},"image":{"@id":"https:\/\/laredsocial-noticias.com\/wp\/semana-santa-de-terror-en-sinaloa-contabilizan-al-menos-18-asesinatos\/#primaryimage"},"thumbnailUrl":"https:\/\/laredsocial-noticias.com\/wp\/wp-content\/uploads\/2025\/02\/enero-mes-menos-homicidios-2018-sesnsp-marcela-figueroa.png","datePublished":"2025-04-20T16:48:32+00:00","dateModified":"2025-04-20T16:48:47+00:00","author":{"@id":"https:\/\/laredsocial-noticias.com\/wp\/#\/schema\/person\/0ce78643f2de7aae6f6ef10e8453a6e0"},"breadcrumb":{"@id":"https:\/\/laredsocial-noticias.com\/wp\/semana-santa-de-terror-en-sinaloa-contabilizan-al-menos-18-asesinatos\/#breadcrumb"},"inLanguage":"es","potentialAction":[{"@type":"ReadAction","target":["https:\/\/laredsocial-noticias.com\/wp\/semana-santa-de-terror-en-sinaloa-contabilizan-al-menos-18-asesinatos\/"]}]},{"@type":"ImageObject","inLanguage":"es","@id":"https:\/\/laredsocial-noticias.com\/wp\/semana-santa-de-terror-en-sinaloa-contabilizan-al-menos-18-asesinatos\/#primaryimage","url":"https:\/\/laredsocial-noticias.com\/wp\/wp-content\/uploads\/2025\/02\/enero-mes-menos-homicidios-2018-sesnsp-marcela-figueroa.png","contentUrl":"https:\/\/laredsocial-noticias.com\/wp\/wp-content\/uploads\/2025\/02\/enero-mes-menos-homicidios-2018-sesnsp-marcela-figueroa.png","width":770,"height":404},{"@type":"BreadcrumbList","@id":"https:\/\/laredsocial-noticias.com\/wp\/semana-santa-de-terror-en-sinaloa-contabilizan-al-menos-18-asesinatos\/#breadcrumb","itemListElement":[{"@type":"ListItem","position":1,"name":"Portada","item":"https:\/\/laredsocial-noticias.com\/wp\/"},{"@type":"ListItem","position":2,"name":"Semana Santa de terror en Sinaloa, contabilizan al menos 18 asesinatos"}]},{"@type":"WebSite","@id":"https:\/\/laredsocial-noticias.com\/wp\/#website","url":"https:\/\/laredsocial-noticias.com\/wp\/","name":"NOTICIAS","description":"Lo que se ve y se dice en las redes sociales","potentialAction":[{"@type":"SearchAction","target":{"@type":"EntryPoint","urlTemplate":"https:\/\/laredsocial-noticias.com\/wp\/?s={search_term_string}"},"query-input":{"@type":"PropertyValueSpecification","valueRequired":true,"valueName":"search_term_string"}}],"inLanguage":"es"},{"@type":"Person","@id":"https:\/\/laredsocial-noticias.com\/wp\/#\/schema\/person\/0ce78643f2de7aae6f6ef10e8453a6e0","name":"Editor en Jefe","url":"https:\/\/laredsocial-noticias.com\/wp\/author\/jorgeochoa\/"}]}},"_links":{"self":[{"href":"https:\/\/laredsocial-noticias.com\/wp\/wp-json\/wp\/v2\/posts\/246410","targetHints":{"allow":["GET"]}}],"collection":[{"href":"https:\/\/laredsocial-noticias.com\/wp\/wp-json\/wp\/v2\/posts"}],"about":[{"href":"https:\/\/laredsocial-noticias.com\/wp\/wp-json\/wp\/v2\/types\/post"}],"author":[{"embeddable":true,"href":"https:\/\/laredsocial-noticias.com\/wp\/wp-json\/wp\/v2\/users\/1"}],"replies":[{"embeddable":true,"href":"https:\/\/laredsocial-noticias.com\/wp\/wp-json\/wp\/v2\/comments?post=246410"}],"version-history":[{"count":1,"href":"https:\/\/laredsocial-noticias.com\/wp\/wp-json\/wp\/v2\/posts\/246410\/revisions"}],"predecessor-version":[{"id":246411,"href":"https:\/\/laredsocial-noticias.com\/wp\/wp-json\/wp\/v2\/posts\/246410\/revisions\/246411"}],"wp:featuredmedia":[{"embeddable":true,"href":"https:\/\/laredsocial-noticias.com\/wp\/wp-json\/wp\/v2\/media\/241541"}],"wp:attachment":[{"href":"https:\/\/laredsocial-noticias.com\/wp\/wp-json\/wp\/v2\/media?parent=246410"}],"wp:term":[{"taxonomy":"category","embeddable":true,"href":"https:\/\/laredsocial-noticias.com\/wp\/wp-json\/wp\/v2\/categories?post=246410"},{"taxonomy":"post_tag","embeddable":true,"href":"https:\/\/laredsocial-noticias.com\/wp\/wp-json\/wp\/v2\/tags?post=246410"}],"curies":[{"name":"wp","href":"https:\/\/api.w.org\/{rel}","templated":true}]}}