{"id":247593,"date":"2025-05-10T22:18:27","date_gmt":"2025-05-11T04:18:27","guid":{"rendered":"https:\/\/laredsocial-noticias.com\/wp\/?p=247593"},"modified":"2025-05-10T22:19:01","modified_gmt":"2025-05-11T04:19:01","slug":"cjng-recluta-migrantes-atorados-en-la-frontera-norte","status":"publish","type":"post","link":"https:\/\/laredsocial-noticias.com\/wp\/cjng-recluta-migrantes-atorados-en-la-frontera-norte\/","title":{"rendered":"CJNG recluta migrantes atorados en la frontera norte"},"content":{"rendered":"\n<p>Extranjeros que se han quedado varados en diferentes estados del pa\u00eds tras las agresivas pol\u00edticas de Donald Trump empiezan a ser reclutados por el C\u00e1rtel Jalisco Nueva Generaci\u00f3n (CJNG)<\/p>\n\n\n\n<p>Personal de la Secretar\u00eda de la Defensa Nacional (Defensa) y de la Polic\u00eda Estatal de Michoac\u00e1n detuvieron el pasado martes 6 de mayo, una red de venezolanos en posesi\u00f3n de armas largas.<\/p>\n\n\n\n<p>Les incautaron chalecos t\u00e1cticos, dos armas largas, 260 cartuchos, 102 cargadores, 150 gramos de marihuana, nueve contenedores para la elaboraci\u00f3n de artefactos explosivos y ponchallantas.<\/p>\n\n\n\n<p>La captura ocurri\u00f3 en la localidad de Razo de \u00d3rgano, municipio de Buenavista Tomatl\u00e1n, donde los agentes del orden interceptaron a seis ciudadanos venezolanos que ten\u00edan en su poder equip\u00f3 t\u00e1ctico y dos armas largas.<\/p>\n\n\n\n<p>La Secretar\u00eda de Seguridad P\u00fablica (SSP) de Michoac\u00e1n inform\u00f3 que los elementos realizaban labores operativas contra la incidencia delictiva cuando ubicaron a un grupo de personas aparentemente armados<\/p>\n\n\n\n<p>Las personas detenidas afirmaron ser originarias de Venezuela y entre sus pertenencias les encontraron dos fusiles calibres -308 y 7.62&#215;39 mil\u00edmetros; adem\u00e1s les aseguraron 235 cartuchos y 10 cargadores.<\/p>\n","protected":false},"excerpt":{"rendered":"<p>Extranjeros que se han quedado varados en diferentes estados del pa\u00eds tras las agresivas pol\u00edticas de Donald Trump empiezan a&#8230;<\/p>\n","protected":false},"author":1,"featured_media":247594,"comment_status":"closed","ping_status":"closed","sticky":false,"template":"","format":"standard","meta":{"footnotes":""},"categories":[2423,48,3716,13],"tags":[7658],"class_list":["post-247593","post","type-post","status-publish","format-standard","has-post-thumbnail","hentry","category-crimen-organizado","category-narcotrafico","category-seguridad-interior","category-seguridad-nacional","tag-cjng"],"yoast_head":"<!-- This site is optimized with the Yoast SEO plugin v26.5 - https:\/\/yoast.com\/wordpress\/plugins\/seo\/ -->\n<title>CJNG recluta migrantes atorados en la frontera norte - NOTICIAS<\/title>\n<meta name=\"robots\" content=\"index, follow, max-snippet:-1, max-image-preview:large, max-video-preview:-1\" \/>\n<link rel=\"canonical\" href=\"https:\/\/laredsocial-noticias.com\/wp\/cjng-recluta-migrantes-atorados-en-la-frontera-norte\/\" \/>\n<meta property=\"og:locale\" content=\"es_ES\" \/>\n<meta property=\"og:type\" content=\"article\" \/>\n<meta property=\"og:title\" content=\"CJNG recluta migrantes atorados en la frontera norte - NOTICIAS\" \/>\n<meta property=\"og:description\" content=\"Extranjeros que se han quedado varados en diferentes estados del pa\u00eds tras las agresivas pol\u00edticas de Donald Trump empiezan a...\" \/>\n<meta property=\"og:url\" content=\"https:\/\/laredsocial-noticias.com\/wp\/cjng-recluta-migrantes-atorados-en-la-frontera-norte\/\" \/>\n<meta property=\"og:site_name\" content=\"NOTICIAS\" \/>\n<meta property=\"article:published_time\" content=\"2025-05-11T04:18:27+00:00\" \/>\n<meta property=\"article:modified_time\" content=\"2025-05-11T04:19:01+00:00\" \/>\n<meta property=\"og:image\" content=\"https:\/\/laredsocial-noticias.com\/wp\/wp-content\/uploads\/2025\/05\/image-11.png\" \/>\n\t<meta property=\"og:image:width\" content=\"992\" \/>\n\t<meta property=\"og:image:height\" content=\"744\" \/>\n\t<meta property=\"og:image:type\" content=\"image\/png\" \/>\n<meta name=\"author\" content=\"Editor en Jefe\" \/>\n<meta name=\"twitter:card\" content=\"summary_large_image\" \/>\n<meta name=\"twitter:label1\" content=\"Escrito por\" \/>\n\t<meta name=\"twitter:data1\" content=\"Editor en Jefe\" \/>\n\t<meta name=\"twitter:label2\" content=\"Tiempo de lectura\" \/>\n\t<meta name=\"twitter:data2\" content=\"2 minutos\" \/>\n<!-- \/ Yoast SEO plugin. -->","yoast_head_json":{"title":"CJNG recluta migrantes atorados en la frontera norte - NOTICIAS","robots":{"index":"index","follow":"follow","max-snippet":"max-snippet:-1","max-image-preview":"max-image-preview:large","max-video-preview":"max-video-preview:-1"},"canonical":"https:\/\/laredsocial-noticias.com\/wp\/cjng-recluta-migrantes-atorados-en-la-frontera-norte\/","og_locale":"es_ES","og_type":"article","og_title":"CJNG recluta migrantes atorados en la frontera norte - NOTICIAS","og_description":"Extranjeros que se han quedado varados en diferentes estados del pa\u00eds tras las agresivas pol\u00edticas de Donald Trump empiezan a...","og_url":"https:\/\/laredsocial-noticias.com\/wp\/cjng-recluta-migrantes-atorados-en-la-frontera-norte\/","og_site_name":"NOTICIAS","article_published_time":"2025-05-11T04:18:27+00:00","article_modified_time":"2025-05-11T04:19:01+00:00","og_image":[{"width":992,"height":744,"url":"https:\/\/laredsocial-noticias.com\/wp\/wp-content\/uploads\/2025\/05\/image-11.png","type":"image\/png"}],"author":"Editor en Jefe","twitter_card":"summary_large_image","twitter_misc":{"Escrito por":"Editor en Jefe","Tiempo de lectura":"2 minutos"},"schema":{"@context":"https:\/\/schema.org","@graph":[{"@type":"WebPage","@id":"https:\/\/laredsocial-noticias.com\/wp\/cjng-recluta-migrantes-atorados-en-la-frontera-norte\/","url":"https:\/\/laredsocial-noticias.com\/wp\/cjng-recluta-migrantes-atorados-en-la-frontera-norte\/","name":"CJNG recluta migrantes atorados en la frontera norte - NOTICIAS","isPartOf":{"@id":"https:\/\/laredsocial-noticias.com\/wp\/#website"},"primaryImageOfPage":{"@id":"https:\/\/laredsocial-noticias.com\/wp\/cjng-recluta-migrantes-atorados-en-la-frontera-norte\/#primaryimage"},"image":{"@id":"https:\/\/laredsocial-noticias.com\/wp\/cjng-recluta-migrantes-atorados-en-la-frontera-norte\/#primaryimage"},"thumbnailUrl":"https:\/\/laredsocial-noticias.com\/wp\/wp-content\/uploads\/2025\/05\/image-11.png","datePublished":"2025-05-11T04:18:27+00:00","dateModified":"2025-05-11T04:19:01+00:00","author":{"@id":"https:\/\/laredsocial-noticias.com\/wp\/#\/schema\/person\/0ce78643f2de7aae6f6ef10e8453a6e0"},"breadcrumb":{"@id":"https:\/\/laredsocial-noticias.com\/wp\/cjng-recluta-migrantes-atorados-en-la-frontera-norte\/#breadcrumb"},"inLanguage":"es","potentialAction":[{"@type":"ReadAction","target":["https:\/\/laredsocial-noticias.com\/wp\/cjng-recluta-migrantes-atorados-en-la-frontera-norte\/"]}]},{"@type":"ImageObject","inLanguage":"es","@id":"https:\/\/laredsocial-noticias.com\/wp\/cjng-recluta-migrantes-atorados-en-la-frontera-norte\/#primaryimage","url":"https:\/\/laredsocial-noticias.com\/wp\/wp-content\/uploads\/2025\/05\/image-11.png","contentUrl":"https:\/\/laredsocial-noticias.com\/wp\/wp-content\/uploads\/2025\/05\/image-11.png","width":992,"height":744},{"@type":"BreadcrumbList","@id":"https:\/\/laredsocial-noticias.com\/wp\/cjng-recluta-migrantes-atorados-en-la-frontera-norte\/#breadcrumb","itemListElement":[{"@type":"ListItem","position":1,"name":"Portada","item":"https:\/\/laredsocial-noticias.com\/wp\/"},{"@type":"ListItem","position":2,"name":"CJNG recluta migrantes atorados en la frontera norte"}]},{"@type":"WebSite","@id":"https:\/\/laredsocial-noticias.com\/wp\/#website","url":"https:\/\/laredsocial-noticias.com\/wp\/","name":"NOTICIAS","description":"Lo que se ve y se dice en las redes sociales","potentialAction":[{"@type":"SearchAction","target":{"@type":"EntryPoint","urlTemplate":"https:\/\/laredsocial-noticias.com\/wp\/?s={search_term_string}"},"query-input":{"@type":"PropertyValueSpecification","valueRequired":true,"valueName":"search_term_string"}}],"inLanguage":"es"},{"@type":"Person","@id":"https:\/\/laredsocial-noticias.com\/wp\/#\/schema\/person\/0ce78643f2de7aae6f6ef10e8453a6e0","name":"Editor en Jefe","url":"https:\/\/laredsocial-noticias.com\/wp\/author\/jorgeochoa\/"}]}},"_links":{"self":[{"href":"https:\/\/laredsocial-noticias.com\/wp\/wp-json\/wp\/v2\/posts\/247593","targetHints":{"allow":["GET"]}}],"collection":[{"href":"https:\/\/laredsocial-noticias.com\/wp\/wp-json\/wp\/v2\/posts"}],"about":[{"href":"https:\/\/laredsocial-noticias.com\/wp\/wp-json\/wp\/v2\/types\/post"}],"author":[{"embeddable":true,"href":"https:\/\/laredsocial-noticias.com\/wp\/wp-json\/wp\/v2\/users\/1"}],"replies":[{"embeddable":true,"href":"https:\/\/laredsocial-noticias.com\/wp\/wp-json\/wp\/v2\/comments?post=247593"}],"version-history":[{"count":2,"href":"https:\/\/laredsocial-noticias.com\/wp\/wp-json\/wp\/v2\/posts\/247593\/revisions"}],"predecessor-version":[{"id":247596,"href":"https:\/\/laredsocial-noticias.com\/wp\/wp-json\/wp\/v2\/posts\/247593\/revisions\/247596"}],"wp:featuredmedia":[{"embeddable":true,"href":"https:\/\/laredsocial-noticias.com\/wp\/wp-json\/wp\/v2\/media\/247594"}],"wp:attachment":[{"href":"https:\/\/laredsocial-noticias.com\/wp\/wp-json\/wp\/v2\/media?parent=247593"}],"wp:term":[{"taxonomy":"category","embeddable":true,"href":"https:\/\/laredsocial-noticias.com\/wp\/wp-json\/wp\/v2\/categories?post=247593"},{"taxonomy":"post_tag","embeddable":true,"href":"https:\/\/laredsocial-noticias.com\/wp\/wp-json\/wp\/v2\/tags?post=247593"}],"curies":[{"name":"wp","href":"https:\/\/api.w.org\/{rel}","templated":true}]}}