{"id":249334,"date":"2025-06-06T12:19:47","date_gmt":"2025-06-06T18:19:47","guid":{"rendered":"https:\/\/laredsocial-noticias.com\/wp\/?p=249334"},"modified":"2025-06-06T12:20:05","modified_gmt":"2025-06-06T18:20:05","slug":"fmi-pide-mantener-planes-fiscales-en-america-latina-ante-incertidumbre-economica","status":"publish","type":"post","link":"https:\/\/laredsocial-noticias.com\/wp\/fmi-pide-mantener-planes-fiscales-en-america-latina-ante-incertidumbre-economica\/","title":{"rendered":"FMI pide mantener planes fiscales en Am\u00e9rica Latina ante incertidumbre econ\u00f3mica"},"content":{"rendered":"<p>El Fondo Monetario Internacional (FMI) recomend\u00f3 que los pa\u00edses de Am\u00e9rica Latina mantengan planes fiscales prudentes para fortalecer sus econom\u00edas ante la creciente incertidumbre pol\u00edtica y la volatilidad del mercado global. La advertencia fue emitida por el subdirector gerente del organismo, Nigel Clarke, previo a su visita a Paraguay.<br \/>\nPa\u00edses de Am\u00e9rica Latina deben continuar con reformas estructurales, seg\u00fan el FMI<\/p>\n<p>De acuerdo con Clarke, \u201cahora no es el momento de cambiar los marcos de pol\u00edticas ni abandonar los planes fiscales\u201d, se\u00f1alando la importancia de mantener el rumbo econ\u00f3mico en la regi\u00f3n. Indic\u00f3 que los gobiernos deben profundizar el comercio, reducir las barreras comerciales y avanzar en reformas estructurales que fortalezcan la resiliencia econ\u00f3mica.<\/p>\n<p>El FMI destac\u00f3 que, aunque Am\u00e9rica Latina enfrent\u00f3 de forma m\u00e1s s\u00f3lida de lo esperado el impacto de la pandemia de COVID-19, varios pa\u00edses han regresado a niveles de deuda similares a los registrados en 2020. Esta situaci\u00f3n los expone a riesgos por la volatilidad financiera, especialmente influenciada por factores externos como la econom\u00eda de Estados Unidos.<br \/>\nFMI reduce estimaci\u00f3n de crecimiento para Am\u00e9rica Latina y el Caribe<\/p>\n<p>En abril, el FMI revis\u00f3 a la baja su proyecci\u00f3n de crecimiento para Am\u00e9rica Latina y el Caribe, situ\u00e1ndola en 2.0%, por debajo del 2.4% de 2024 y del 2.5% estimado en enero. Esta modificaci\u00f3n responde principalmente a la desaceleraci\u00f3n de la econom\u00eda mexicana, impactada por los aranceles comerciales de Estados Unidos, que afectan las exportaciones del pa\u00eds.<\/p>\n<p>Nuevo programa de capacitaci\u00f3n del FMI en Paraguay para fortalecer capacidades<\/p>\n<p>El subdirector Clarke participar\u00e1 en el lanzamiento de un programa regional de capacitaci\u00f3n organizado por el Banco Central de Paraguay. Este programa tiene como objetivo fortalecer la capacidad anal\u00edtica e institucional en la regi\u00f3n, y se desarrollar\u00e1 en los pr\u00f3ximos doce meses. Iniciar\u00e1 con un curso enfocado en pol\u00edticas macroecon\u00f3micas y fiscales, dirigido a funcionarios de pa\u00edses de Sudam\u00e9rica y M\u00e9xico.<\/p>\n","protected":false},"excerpt":{"rendered":"<p>El Fondo Monetario Internacional (FMI) recomend\u00f3 que los pa\u00edses de Am\u00e9rica Latina mantengan planes fiscales prudentes para fortalecer sus econom\u00edas&#8230;<\/p>\n","protected":false},"author":1,"featured_media":249336,"comment_status":"open","ping_status":"closed","sticky":false,"template":"","format":"standard","meta":{"footnotes":""},"categories":[2811,12261],"tags":[],"class_list":["post-249334","post","type-post","status-publish","format-standard","has-post-thumbnail","hentry","category-economia","category-economia-y-finanzas"],"yoast_head":"<!-- This site is optimized with the Yoast SEO plugin v26.5 - https:\/\/yoast.com\/wordpress\/plugins\/seo\/ -->\n<title>FMI pide mantener planes fiscales en Am\u00e9rica Latina ante incertidumbre econ\u00f3mica - NOTICIAS<\/title>\n<meta name=\"robots\" content=\"index, follow, max-snippet:-1, max-image-preview:large, max-video-preview:-1\" \/>\n<link rel=\"canonical\" href=\"https:\/\/laredsocial-noticias.com\/wp\/fmi-pide-mantener-planes-fiscales-en-america-latina-ante-incertidumbre-economica\/\" \/>\n<meta property=\"og:locale\" content=\"es_ES\" \/>\n<meta property=\"og:type\" content=\"article\" \/>\n<meta property=\"og:title\" content=\"FMI pide mantener planes fiscales en Am\u00e9rica Latina ante incertidumbre econ\u00f3mica - NOTICIAS\" \/>\n<meta property=\"og:description\" content=\"El Fondo Monetario Internacional (FMI) recomend\u00f3 que los pa\u00edses de Am\u00e9rica Latina mantengan planes fiscales prudentes para fortalecer sus econom\u00edas...\" \/>\n<meta property=\"og:url\" content=\"https:\/\/laredsocial-noticias.com\/wp\/fmi-pide-mantener-planes-fiscales-en-america-latina-ante-incertidumbre-economica\/\" \/>\n<meta property=\"og:site_name\" content=\"NOTICIAS\" \/>\n<meta property=\"article:published_time\" content=\"2025-06-06T18:19:47+00:00\" \/>\n<meta property=\"article:modified_time\" content=\"2025-06-06T18:20:05+00:00\" \/>\n<meta name=\"author\" content=\"Editor en Jefe\" \/>\n<meta name=\"twitter:card\" content=\"summary_large_image\" \/>\n<meta name=\"twitter:label1\" content=\"Escrito por\" \/>\n\t<meta name=\"twitter:data1\" content=\"Editor en Jefe\" \/>\n\t<meta name=\"twitter:label2\" content=\"Tiempo de lectura\" \/>\n\t<meta name=\"twitter:data2\" content=\"2 minutos\" \/>\n<!-- \/ Yoast SEO plugin. -->","yoast_head_json":{"title":"FMI pide mantener planes fiscales en Am\u00e9rica Latina ante incertidumbre econ\u00f3mica - NOTICIAS","robots":{"index":"index","follow":"follow","max-snippet":"max-snippet:-1","max-image-preview":"max-image-preview:large","max-video-preview":"max-video-preview:-1"},"canonical":"https:\/\/laredsocial-noticias.com\/wp\/fmi-pide-mantener-planes-fiscales-en-america-latina-ante-incertidumbre-economica\/","og_locale":"es_ES","og_type":"article","og_title":"FMI pide mantener planes fiscales en Am\u00e9rica Latina ante incertidumbre econ\u00f3mica - NOTICIAS","og_description":"El Fondo Monetario Internacional (FMI) recomend\u00f3 que los pa\u00edses de Am\u00e9rica Latina mantengan planes fiscales prudentes para fortalecer sus econom\u00edas...","og_url":"https:\/\/laredsocial-noticias.com\/wp\/fmi-pide-mantener-planes-fiscales-en-america-latina-ante-incertidumbre-economica\/","og_site_name":"NOTICIAS","article_published_time":"2025-06-06T18:19:47+00:00","article_modified_time":"2025-06-06T18:20:05+00:00","author":"Editor en Jefe","twitter_card":"summary_large_image","twitter_misc":{"Escrito por":"Editor en Jefe","Tiempo de lectura":"2 minutos"},"schema":{"@context":"https:\/\/schema.org","@graph":[{"@type":"WebPage","@id":"https:\/\/laredsocial-noticias.com\/wp\/fmi-pide-mantener-planes-fiscales-en-america-latina-ante-incertidumbre-economica\/","url":"https:\/\/laredsocial-noticias.com\/wp\/fmi-pide-mantener-planes-fiscales-en-america-latina-ante-incertidumbre-economica\/","name":"FMI pide mantener planes fiscales en Am\u00e9rica Latina ante incertidumbre econ\u00f3mica - NOTICIAS","isPartOf":{"@id":"https:\/\/laredsocial-noticias.com\/wp\/#website"},"primaryImageOfPage":{"@id":"https:\/\/laredsocial-noticias.com\/wp\/fmi-pide-mantener-planes-fiscales-en-america-latina-ante-incertidumbre-economica\/#primaryimage"},"image":{"@id":"https:\/\/laredsocial-noticias.com\/wp\/fmi-pide-mantener-planes-fiscales-en-america-latina-ante-incertidumbre-economica\/#primaryimage"},"thumbnailUrl":"https:\/\/laredsocial-noticias.com\/wp\/wp-content\/uploads\/2025\/06\/proyecto-nuevo-2025-06-06t110639.023-110431.jpg","datePublished":"2025-06-06T18:19:47+00:00","dateModified":"2025-06-06T18:20:05+00:00","author":{"@id":"https:\/\/laredsocial-noticias.com\/wp\/#\/schema\/person\/0ce78643f2de7aae6f6ef10e8453a6e0"},"breadcrumb":{"@id":"https:\/\/laredsocial-noticias.com\/wp\/fmi-pide-mantener-planes-fiscales-en-america-latina-ante-incertidumbre-economica\/#breadcrumb"},"inLanguage":"es","potentialAction":[{"@type":"ReadAction","target":["https:\/\/laredsocial-noticias.com\/wp\/fmi-pide-mantener-planes-fiscales-en-america-latina-ante-incertidumbre-economica\/"]}]},{"@type":"ImageObject","inLanguage":"es","@id":"https:\/\/laredsocial-noticias.com\/wp\/fmi-pide-mantener-planes-fiscales-en-america-latina-ante-incertidumbre-economica\/#primaryimage","url":"https:\/\/laredsocial-noticias.com\/wp\/wp-content\/uploads\/2025\/06\/proyecto-nuevo-2025-06-06t110639.023-110431.jpg","contentUrl":"https:\/\/laredsocial-noticias.com\/wp\/wp-content\/uploads\/2025\/06\/proyecto-nuevo-2025-06-06t110639.023-110431.jpg","width":1200,"height":675},{"@type":"BreadcrumbList","@id":"https:\/\/laredsocial-noticias.com\/wp\/fmi-pide-mantener-planes-fiscales-en-america-latina-ante-incertidumbre-economica\/#breadcrumb","itemListElement":[{"@type":"ListItem","position":1,"name":"Portada","item":"https:\/\/laredsocial-noticias.com\/wp\/"},{"@type":"ListItem","position":2,"name":"FMI pide mantener planes fiscales en Am\u00e9rica Latina ante incertidumbre econ\u00f3mica"}]},{"@type":"WebSite","@id":"https:\/\/laredsocial-noticias.com\/wp\/#website","url":"https:\/\/laredsocial-noticias.com\/wp\/","name":"NOTICIAS","description":"Lo que se ve y se dice en las redes sociales","potentialAction":[{"@type":"SearchAction","target":{"@type":"EntryPoint","urlTemplate":"https:\/\/laredsocial-noticias.com\/wp\/?s={search_term_string}"},"query-input":{"@type":"PropertyValueSpecification","valueRequired":true,"valueName":"search_term_string"}}],"inLanguage":"es"},{"@type":"Person","@id":"https:\/\/laredsocial-noticias.com\/wp\/#\/schema\/person\/0ce78643f2de7aae6f6ef10e8453a6e0","name":"Editor en Jefe","url":"https:\/\/laredsocial-noticias.com\/wp\/author\/jorgeochoa\/"}]}},"_links":{"self":[{"href":"https:\/\/laredsocial-noticias.com\/wp\/wp-json\/wp\/v2\/posts\/249334","targetHints":{"allow":["GET"]}}],"collection":[{"href":"https:\/\/laredsocial-noticias.com\/wp\/wp-json\/wp\/v2\/posts"}],"about":[{"href":"https:\/\/laredsocial-noticias.com\/wp\/wp-json\/wp\/v2\/types\/post"}],"author":[{"embeddable":true,"href":"https:\/\/laredsocial-noticias.com\/wp\/wp-json\/wp\/v2\/users\/1"}],"replies":[{"embeddable":true,"href":"https:\/\/laredsocial-noticias.com\/wp\/wp-json\/wp\/v2\/comments?post=249334"}],"version-history":[{"count":1,"href":"https:\/\/laredsocial-noticias.com\/wp\/wp-json\/wp\/v2\/posts\/249334\/revisions"}],"predecessor-version":[{"id":249335,"href":"https:\/\/laredsocial-noticias.com\/wp\/wp-json\/wp\/v2\/posts\/249334\/revisions\/249335"}],"wp:featuredmedia":[{"embeddable":true,"href":"https:\/\/laredsocial-noticias.com\/wp\/wp-json\/wp\/v2\/media\/249336"}],"wp:attachment":[{"href":"https:\/\/laredsocial-noticias.com\/wp\/wp-json\/wp\/v2\/media?parent=249334"}],"wp:term":[{"taxonomy":"category","embeddable":true,"href":"https:\/\/laredsocial-noticias.com\/wp\/wp-json\/wp\/v2\/categories?post=249334"},{"taxonomy":"post_tag","embeddable":true,"href":"https:\/\/laredsocial-noticias.com\/wp\/wp-json\/wp\/v2\/tags?post=249334"}],"curies":[{"name":"wp","href":"https:\/\/api.w.org\/{rel}","templated":true}]}}