{"id":249798,"date":"2025-06-14T12:20:46","date_gmt":"2025-06-14T18:20:46","guid":{"rendered":"https:\/\/laredsocial-noticias.com\/wp\/?p=249798"},"modified":"2025-06-14T12:21:10","modified_gmt":"2025-06-14T18:21:10","slug":"el-trabajo-se-debe-hacer-en-territorio-dice-sheinbaum-desde-hidalgo","status":"publish","type":"post","link":"https:\/\/laredsocial-noticias.com\/wp\/el-trabajo-se-debe-hacer-en-territorio-dice-sheinbaum-desde-hidalgo\/","title":{"rendered":"&#8216;El trabajo se debe hacer en territorio&#8217;, dice Sheinbaum desde Hidalgo"},"content":{"rendered":"<p>En gira por Hidalgo, la presidenta de M\u00e9xico, Claudia Sheinbaum Pardo, realiz\u00f3 una visita de supervisi\u00f3n al Hospital General de Tulancingo, donde refrend\u00f3 su compromiso para fortalecer el sistema de salud del IMSS Bienestar y record\u00f3 que las visitas a territorio permiten conocer las necesidades de estos espacios.<\/p>\n<p>\u201cHa sido muy importante el proceso de construir el IMSS Bienestar, pero todav\u00eda nos faltan cosas, todav\u00eda falta para poder fortalecer y garantizar completamente los servicios de salud, podr\u00eda como Presidenta quedarme en mi oficina y ah\u00ed nada m\u00e1s tener reuniones, pero hay que venir a territorio a escuchar a la gente para ver realmente lo que hace falta y por eso estamos aqu\u00ed, por eso venimos al Hospital General de Tulancingo\u201d, expres\u00f3.<\/p>\n<p>La mandataria mexicana detall\u00f3 que despu\u00e9s de escuchar al personal de salud del estado, el gobierno de M\u00e9xico resolver\u00e1 la necesidad de un tom\u00f3grafo en este hospital, mayor personal m\u00e9dico, medicamentos y la basificaci\u00f3n gradual de los trabajadores de la salud.<\/p>\n<p>\u201cNo se nos olvida, vamos a ir poco a poco, pero vamos a ir basificando a todos los m\u00e9dicos y todo el personal de salud que trabaja en el IMSS Bienestar, es parte del programa del IMSS Bienestar: el bienestar de las m\u00e9dicas y de los m\u00e9dicos\u201d, agreg\u00f3.<\/p>\n<p>M\u00e1s infraestructura para Hidalgo<\/p>\n<p>Para el estado de Hidalgo, destac\u00f3 el arranque de obras como la construcci\u00f3n de las l\u00edneas de trenes de pasajeros M\u00e9xico-Pachuca y M\u00e9xico-Quer\u00e9taro; as\u00ed como la reconversi\u00f3n a gas natural de la Central Termoel\u00e9ctrica de Tula.<\/p>\n<p>\u201cTrabajamos en equipo de la mano, somos un solo equipo, entre gobierno federal y el Gobierno del Estado de Hidalgo con Julio Menchaca que es un excelente gobernador\u201d, resalt\u00f3.<\/p>\n<p>El secretario t\u00e9cnico de la Presidencia de la Rep\u00fablica y director general de Programas para el Bienestar, Carlos Torres Rosas, record\u00f3 que para este a\u00f1o, el Gobierno de M\u00e9xico va a destinar 850 mil millones de pesos (mdp) en estos apoyos directos a la poblaci\u00f3n, de los cuales 21 mil mdp son para derechohabientes en Hidalgo.<\/p>\n<p>El director general del IMSS-Bienestar, Alejandro Svarch P\u00e9rez, anunci\u00f3 que a partir del pr\u00f3ximo martes dar\u00e1 inicio el programa La Cl\u00ednica es Nuestra en Hidalgo con asambleas comunitarias para equipar a m\u00e1s de 400 centros de salud.<\/p>\n<p>El gobernador de Hidalgo, Julio Menchaca Salazar, destac\u00f3 que es la sexta ocasi\u00f3n que la Presidenta visita la entidad, siempre con buenas noticias para ese estado y acciones concretas para resarcir la deuda hist\u00f3rica que tiene el pa\u00eds con la entidad.<\/p>\n<p>El IMSS Bienestar en Hidalgo cuenta con 484 cl\u00ednicas, 38 unidades m\u00e9dicas m\u00f3viles, ocho Unidades de Especialidades M\u00e9dicas (UNEMEs), 17 hospitales de segundo nivel y uno m\u00e1s de tercer nivel de atenci\u00f3n. Estas unidades se distribuyen en 10 regiones operativas: Actopan, Apan, Huasteca, Ixmiquilpan, Metztitl\u00e1n, Pachuca, Tizayuca, Tula, Tulancingo y Zimap\u00e1n. En lo que va de 2025, el IMSS Bienestar Hidalgo ha realizado m\u00e1s de un mill\u00f3n de consultas generales y cerca de 13 mil cirug\u00edas; la meta de este a\u00f1o es de 2.7 millones de consultas y 40 mil cirug\u00edas.<\/p>\n<p>En la gira acompa\u00f1aron a la Presidenta, la secretaria de Bienestar, Ariadna Montiel Reyes; el secretario de Salud, David Kershenobich Stalnikowitz; el director general del Instituto de Seguridad y Servicios Sociales de los Trabajadores del Estado (ISSSTE), Mart\u00ed Batres Guadarrama, y el director general del Instituto Mexicano del Seguro Social (IMSS), Zo\u00e9 Robledo Aburto.<\/p>\n<p>Tambien estuvio el subsecretario de Integraci\u00f3n Sectorial y coordinador de Servicios de Atenci\u00f3n M\u00e9dica, Eduardo Clark Garc\u00eda Dobarganes; el subsecretario de Bienestar, Jes\u00fas Salvador Valencia Guzm\u00e1n; el director general del Hospital de Tulancingo, Jair de Jes\u00fas Hern\u00e1ndez Villegas; el director general de BIRMEX, Carlos Alberto Ulloa P\u00e9rez; y la presidenta municipal de Santiago Tulantepec de Lugo Guerrero, Mar\u00eda Yanet Fern\u00e1ndez Fern\u00e1ndez.<\/p>\n","protected":false},"excerpt":{"rendered":"<p>En gira por Hidalgo, la presidenta de M\u00e9xico, Claudia Sheinbaum Pardo, realiz\u00f3 una visita de supervisi\u00f3n al Hospital General de&#8230;<\/p>\n","protected":false},"author":1,"featured_media":249800,"comment_status":"open","ping_status":"closed","sticky":false,"template":"","format":"standard","meta":{"footnotes":""},"categories":[78,1726,6026],"tags":[],"class_list":["post-249798","post","type-post","status-publish","format-standard","has-post-thumbnail","hentry","category-nacional","category-nacionales","category-portada"],"yoast_head":"<!-- This site is optimized with the Yoast SEO plugin v26.5 - https:\/\/yoast.com\/wordpress\/plugins\/seo\/ -->\n<title>&#039;El trabajo se debe hacer en territorio&#039;, dice Sheinbaum desde Hidalgo - NOTICIAS<\/title>\n<meta name=\"robots\" content=\"index, follow, max-snippet:-1, max-image-preview:large, max-video-preview:-1\" \/>\n<link rel=\"canonical\" href=\"https:\/\/laredsocial-noticias.com\/wp\/el-trabajo-se-debe-hacer-en-territorio-dice-sheinbaum-desde-hidalgo\/\" \/>\n<meta property=\"og:locale\" content=\"es_ES\" \/>\n<meta property=\"og:type\" content=\"article\" \/>\n<meta property=\"og:title\" content=\"&#039;El trabajo se debe hacer en territorio&#039;, dice Sheinbaum desde Hidalgo - NOTICIAS\" \/>\n<meta property=\"og:description\" content=\"En gira por Hidalgo, la presidenta de M\u00e9xico, Claudia Sheinbaum Pardo, realiz\u00f3 una visita de supervisi\u00f3n al Hospital General de...\" \/>\n<meta property=\"og:url\" content=\"https:\/\/laredsocial-noticias.com\/wp\/el-trabajo-se-debe-hacer-en-territorio-dice-sheinbaum-desde-hidalgo\/\" \/>\n<meta property=\"og:site_name\" content=\"NOTICIAS\" \/>\n<meta property=\"article:published_time\" content=\"2025-06-14T18:20:46+00:00\" \/>\n<meta property=\"article:modified_time\" content=\"2025-06-14T18:21:10+00:00\" \/>\n<meta name=\"author\" content=\"Editor en Jefe\" \/>\n<meta name=\"twitter:card\" content=\"summary_large_image\" \/>\n<meta name=\"twitter:label1\" content=\"Escrito por\" \/>\n\t<meta name=\"twitter:data1\" content=\"Editor en Jefe\" \/>\n\t<meta name=\"twitter:label2\" content=\"Tiempo de lectura\" \/>\n\t<meta name=\"twitter:data2\" content=\"3 minutos\" \/>\n<!-- \/ Yoast SEO plugin. -->","yoast_head_json":{"title":"'El trabajo se debe hacer en territorio', dice Sheinbaum desde Hidalgo - NOTICIAS","robots":{"index":"index","follow":"follow","max-snippet":"max-snippet:-1","max-image-preview":"max-image-preview:large","max-video-preview":"max-video-preview:-1"},"canonical":"https:\/\/laredsocial-noticias.com\/wp\/el-trabajo-se-debe-hacer-en-territorio-dice-sheinbaum-desde-hidalgo\/","og_locale":"es_ES","og_type":"article","og_title":"'El trabajo se debe hacer en territorio', dice Sheinbaum desde Hidalgo - NOTICIAS","og_description":"En gira por Hidalgo, la presidenta de M\u00e9xico, Claudia Sheinbaum Pardo, realiz\u00f3 una visita de supervisi\u00f3n al Hospital General de...","og_url":"https:\/\/laredsocial-noticias.com\/wp\/el-trabajo-se-debe-hacer-en-territorio-dice-sheinbaum-desde-hidalgo\/","og_site_name":"NOTICIAS","article_published_time":"2025-06-14T18:20:46+00:00","article_modified_time":"2025-06-14T18:21:10+00:00","author":"Editor en Jefe","twitter_card":"summary_large_image","twitter_misc":{"Escrito por":"Editor en Jefe","Tiempo de lectura":"3 minutos"},"schema":{"@context":"https:\/\/schema.org","@graph":[{"@type":"WebPage","@id":"https:\/\/laredsocial-noticias.com\/wp\/el-trabajo-se-debe-hacer-en-territorio-dice-sheinbaum-desde-hidalgo\/","url":"https:\/\/laredsocial-noticias.com\/wp\/el-trabajo-se-debe-hacer-en-territorio-dice-sheinbaum-desde-hidalgo\/","name":"'El trabajo se debe hacer en territorio', dice Sheinbaum desde Hidalgo - NOTICIAS","isPartOf":{"@id":"https:\/\/laredsocial-noticias.com\/wp\/#website"},"primaryImageOfPage":{"@id":"https:\/\/laredsocial-noticias.com\/wp\/el-trabajo-se-debe-hacer-en-territorio-dice-sheinbaum-desde-hidalgo\/#primaryimage"},"image":{"@id":"https:\/\/laredsocial-noticias.com\/wp\/el-trabajo-se-debe-hacer-en-territorio-dice-sheinbaum-desde-hidalgo\/#primaryimage"},"thumbnailUrl":"https:\/\/laredsocial-noticias.com\/wp\/wp-content\/uploads\/2025\/04\/Sin-titulo-7-1.png","datePublished":"2025-06-14T18:20:46+00:00","dateModified":"2025-06-14T18:21:10+00:00","author":{"@id":"https:\/\/laredsocial-noticias.com\/wp\/#\/schema\/person\/0ce78643f2de7aae6f6ef10e8453a6e0"},"breadcrumb":{"@id":"https:\/\/laredsocial-noticias.com\/wp\/el-trabajo-se-debe-hacer-en-territorio-dice-sheinbaum-desde-hidalgo\/#breadcrumb"},"inLanguage":"es","potentialAction":[{"@type":"ReadAction","target":["https:\/\/laredsocial-noticias.com\/wp\/el-trabajo-se-debe-hacer-en-territorio-dice-sheinbaum-desde-hidalgo\/"]}]},{"@type":"ImageObject","inLanguage":"es","@id":"https:\/\/laredsocial-noticias.com\/wp\/el-trabajo-se-debe-hacer-en-territorio-dice-sheinbaum-desde-hidalgo\/#primaryimage","url":"https:\/\/laredsocial-noticias.com\/wp\/wp-content\/uploads\/2025\/04\/Sin-titulo-7-1.png","contentUrl":"https:\/\/laredsocial-noticias.com\/wp\/wp-content\/uploads\/2025\/04\/Sin-titulo-7-1.png","width":1299,"height":783},{"@type":"BreadcrumbList","@id":"https:\/\/laredsocial-noticias.com\/wp\/el-trabajo-se-debe-hacer-en-territorio-dice-sheinbaum-desde-hidalgo\/#breadcrumb","itemListElement":[{"@type":"ListItem","position":1,"name":"Portada","item":"https:\/\/laredsocial-noticias.com\/wp\/"},{"@type":"ListItem","position":2,"name":"&#8216;El trabajo se debe hacer en territorio&#8217;, dice Sheinbaum desde Hidalgo"}]},{"@type":"WebSite","@id":"https:\/\/laredsocial-noticias.com\/wp\/#website","url":"https:\/\/laredsocial-noticias.com\/wp\/","name":"NOTICIAS","description":"Lo que se ve y se dice en las redes sociales","potentialAction":[{"@type":"SearchAction","target":{"@type":"EntryPoint","urlTemplate":"https:\/\/laredsocial-noticias.com\/wp\/?s={search_term_string}"},"query-input":{"@type":"PropertyValueSpecification","valueRequired":true,"valueName":"search_term_string"}}],"inLanguage":"es"},{"@type":"Person","@id":"https:\/\/laredsocial-noticias.com\/wp\/#\/schema\/person\/0ce78643f2de7aae6f6ef10e8453a6e0","name":"Editor en Jefe","url":"https:\/\/laredsocial-noticias.com\/wp\/author\/jorgeochoa\/"}]}},"_links":{"self":[{"href":"https:\/\/laredsocial-noticias.com\/wp\/wp-json\/wp\/v2\/posts\/249798","targetHints":{"allow":["GET"]}}],"collection":[{"href":"https:\/\/laredsocial-noticias.com\/wp\/wp-json\/wp\/v2\/posts"}],"about":[{"href":"https:\/\/laredsocial-noticias.com\/wp\/wp-json\/wp\/v2\/types\/post"}],"author":[{"embeddable":true,"href":"https:\/\/laredsocial-noticias.com\/wp\/wp-json\/wp\/v2\/users\/1"}],"replies":[{"embeddable":true,"href":"https:\/\/laredsocial-noticias.com\/wp\/wp-json\/wp\/v2\/comments?post=249798"}],"version-history":[{"count":1,"href":"https:\/\/laredsocial-noticias.com\/wp\/wp-json\/wp\/v2\/posts\/249798\/revisions"}],"predecessor-version":[{"id":249799,"href":"https:\/\/laredsocial-noticias.com\/wp\/wp-json\/wp\/v2\/posts\/249798\/revisions\/249799"}],"wp:featuredmedia":[{"embeddable":true,"href":"https:\/\/laredsocial-noticias.com\/wp\/wp-json\/wp\/v2\/media\/249800"}],"wp:attachment":[{"href":"https:\/\/laredsocial-noticias.com\/wp\/wp-json\/wp\/v2\/media?parent=249798"}],"wp:term":[{"taxonomy":"category","embeddable":true,"href":"https:\/\/laredsocial-noticias.com\/wp\/wp-json\/wp\/v2\/categories?post=249798"},{"taxonomy":"post_tag","embeddable":true,"href":"https:\/\/laredsocial-noticias.com\/wp\/wp-json\/wp\/v2\/tags?post=249798"}],"curies":[{"name":"wp","href":"https:\/\/api.w.org\/{rel}","templated":true}]}}