{"id":249875,"date":"2025-06-15T13:05:14","date_gmt":"2025-06-15T19:05:14","guid":{"rendered":"https:\/\/laredsocial-noticias.com\/wp\/?p=249875"},"modified":"2025-06-15T21:55:47","modified_gmt":"2025-06-16T03:55:47","slug":"ine-se-traba-en-declaracion-de-validez-de-eleccion-judicial","status":"publish","type":"post","link":"https:\/\/laredsocial-noticias.com\/wp\/ine-se-traba-en-declaracion-de-validez-de-eleccion-judicial\/","title":{"rendered":"INE \u2018se traba\u2019 en declaraci\u00f3n de validez de elecci\u00f3n judicial"},"content":{"rendered":"\n<p>La sesi\u00f3n del Consejo General del INE para dictaminar los triunfos de los diferentes cargos de elecci\u00f3n del pasado domingo 1 de junio, se fue a receso, debido a que a\u00fan no terminaban de consensar la elegibilidad y la integraci\u00f3n de expedientes.<\/p>\n\n\n\n<p>Trascendi\u00f3 que pudiera haber un par de candidaturas con problemas por sentencias que impedir\u00edan que asuman en cargo.<\/p>\n\n\n\n<figure class=\"wp-block-embed is-type-rich is-provider-twitter wp-block-embed-twitter\"><div class=\"wp-block-embed__wrapper\">\n<blockquote class=\"twitter-tweet\" data-width=\"550\" data-dnt=\"true\"><p lang=\"es\" dir=\"ltr\">Lo \u201cincorrecto\u201d no es cuestionar una elecci\u00f3n plagada de sospechas. <br><br>Lo verdaderamente grave es que la presidenta del <a href=\"https:\/\/twitter.com\/INEMexico?ref_src=twsrc%5Etfw\">@INEMexico<\/a> defienda  posibles fraudes en la <a href=\"https:\/\/twitter.com\/hashtag\/farsaelectoral2025?src=hash&amp;ref_src=twsrc%5Etfw\">#farsaelectoral2025<\/a> <br><br>\u00bfPara qui\u00e9n trabaja Guadalupe Taddei? <a href=\"https:\/\/t.co\/HUbJjsqK2l\">https:\/\/t.co\/HUbJjsqK2l<\/a> <a href=\"https:\/\/t.co\/7nWmsxGYyU\">pic.twitter.com\/7nWmsxGYyU<\/a><\/p>&mdash; Sociedad Civil M\u00e9xico (@SocCivilMx) <a href=\"https:\/\/twitter.com\/SocCivilMx\/status\/1934409683886129265?ref_src=twsrc%5Etfw\">June 16, 2025<\/a><\/blockquote><script async src=\"https:\/\/platform.twitter.com\/widgets.js\" charset=\"utf-8\"><\/script>\n<\/div><\/figure>\n\n\n\n<p>Casillas llamadas \u201czapato\u201d<\/p>\n\n\n\n<p>Adem\u00e1s se propone anular algunas casillas llamadas &#8220;zapato&#8221; y hay consejer\u00edas que no van a dejar de lado el tema de los resultados iguales a los de los acordeones.<\/p>\n\n\n\n<p>El Consejo est\u00e1 presionado ya que a las 16:30 hrs est\u00e1n citados los ministros electos para la Suprema Corte.<\/p>\n\n\n\n<figure class=\"wp-block-embed is-type-rich is-provider-twitter wp-block-embed-twitter\"><div class=\"wp-block-embed__wrapper\">\n<blockquote class=\"twitter-tweet\" data-width=\"550\" data-dnt=\"true\"><p lang=\"es\" dir=\"ltr\">\ud83d\uddf3\ud83d\udcccLA ELECCI\u00d3N JUDICIAL FUE UNA &quot;REGRESI\u00d3N ELECTORAL&quot;: CONSEJERO ELECTORAL<br><br>Para el consejero Jaime Rivera, la elecci\u00f3n judicial revivi\u00f3 pr\u00e1cticas que cre\u00edamos enterradas hace 40 a\u00f1os.<br><br>\ud83d\udce2 \u00bfQu\u00e9 denunci\u00f3?<br><br>\u2014 Inducci\u00f3n masiva al voto con acordeones<br><br>\u2014 Relleno de urnas<br><br>\u2014 Boletas\u2026 <a href=\"https:\/\/t.co\/S5njDtjhoN\">pic.twitter.com\/S5njDtjhoN<\/a><\/p>&mdash; Juan Ortiz \ud83d\uddf3\ufe0f\ud83d\udc41\u200d\ud83d\udde8 (@Juan_OrtizMX) <a href=\"https:\/\/twitter.com\/Juan_OrtizMX\/status\/1934408979834376368?ref_src=twsrc%5Etfw\">June 16, 2025<\/a><\/blockquote><script async src=\"https:\/\/platform.twitter.com\/widgets.js\" charset=\"utf-8\"><\/script>\n<\/div><\/figure>\n\n\n\n<figure class=\"wp-block-embed is-type-rich is-provider-twitter wp-block-embed-twitter\"><div class=\"wp-block-embed__wrapper\">\n<blockquote class=\"twitter-tweet\" data-width=\"550\" data-dnt=\"true\"><p lang=\"es\" dir=\"ltr\">\ud83d\uddf3\ud83d\udccc LOS ACORDEONES ROMPEN LA AUTENTICIDAD DE LA ELECCI\u00d3N JUDICIAL: CONSEJERA ELECTORAL<br><br>En la sesi\u00f3n extraordinaria del INE, la consejera Claudia Zavala fue contundente: hubo pr\u00e1cticas corruptas y antidemocr\u00e1ticas en la elecci\u00f3n judicial.<br><br>\ud83d\udccc \u00bfQu\u00e9 denunci\u00f3?<br><br>\u2014 Boletas sin doblez\u2026 <a href=\"https:\/\/t.co\/RQqgUZVZ8a\">pic.twitter.com\/RQqgUZVZ8a<\/a><\/p>&mdash; Juan Ortiz \ud83d\uddf3\ufe0f\ud83d\udc41\u200d\ud83d\udde8 (@Juan_OrtizMX) <a href=\"https:\/\/twitter.com\/Juan_OrtizMX\/status\/1934404639522218024?ref_src=twsrc%5Etfw\">June 16, 2025<\/a><\/blockquote><script async src=\"https:\/\/platform.twitter.com\/widgets.js\" charset=\"utf-8\"><\/script>\n<\/div><\/figure>\n","protected":false},"excerpt":{"rendered":"<p>La sesi\u00f3n del Consejo General del INE para dictaminar los triunfos de los diferentes cargos de elecci\u00f3n del pasado domingo&#8230;<\/p>\n","protected":false},"author":1,"featured_media":249877,"comment_status":"open","ping_status":"closed","sticky":false,"template":"","format":"standard","meta":{"footnotes":""},"categories":[2801],"tags":[],"class_list":["post-249875","post","type-post","status-publish","format-standard","has-post-thumbnail","hentry","category-politica"],"yoast_head":"<!-- This site is optimized with the Yoast SEO plugin v26.5 - https:\/\/yoast.com\/wordpress\/plugins\/seo\/ -->\n<title>INE \u2018se traba\u2019 en declaraci\u00f3n de validez de elecci\u00f3n judicial - NOTICIAS<\/title>\n<meta name=\"robots\" content=\"index, follow, max-snippet:-1, max-image-preview:large, max-video-preview:-1\" \/>\n<link rel=\"canonical\" href=\"https:\/\/laredsocial-noticias.com\/wp\/ine-se-traba-en-declaracion-de-validez-de-eleccion-judicial\/\" \/>\n<meta property=\"og:locale\" content=\"es_ES\" \/>\n<meta property=\"og:type\" content=\"article\" \/>\n<meta property=\"og:title\" content=\"INE \u2018se traba\u2019 en declaraci\u00f3n de validez de elecci\u00f3n judicial - NOTICIAS\" \/>\n<meta property=\"og:description\" content=\"La sesi\u00f3n del Consejo General del INE para dictaminar los triunfos de los diferentes cargos de elecci\u00f3n del pasado domingo...\" \/>\n<meta property=\"og:url\" content=\"https:\/\/laredsocial-noticias.com\/wp\/ine-se-traba-en-declaracion-de-validez-de-eleccion-judicial\/\" \/>\n<meta property=\"og:site_name\" content=\"NOTICIAS\" \/>\n<meta property=\"article:published_time\" content=\"2025-06-15T19:05:14+00:00\" \/>\n<meta property=\"article:modified_time\" content=\"2025-06-16T03:55:47+00:00\" \/>\n<meta property=\"og:image\" content=\"https:\/\/laredsocial-noticias.com\/wp\/wp-content\/uploads\/2025\/06\/WhatsApp-Image-2024-09-23-at-09.04.58-4-1024x682-1.jpeg\" \/>\n\t<meta property=\"og:image:width\" content=\"1024\" \/>\n\t<meta property=\"og:image:height\" content=\"682\" \/>\n\t<meta property=\"og:image:type\" content=\"image\/jpeg\" \/>\n<meta name=\"author\" content=\"Editor en Jefe\" \/>\n<meta name=\"twitter:card\" content=\"summary_large_image\" \/>\n<meta name=\"twitter:label1\" content=\"Escrito por\" \/>\n\t<meta name=\"twitter:data1\" content=\"Editor en Jefe\" \/>\n\t<meta name=\"twitter:label2\" content=\"Tiempo de lectura\" \/>\n\t<meta name=\"twitter:data2\" content=\"1 minuto\" \/>\n<!-- \/ Yoast SEO plugin. -->","yoast_head_json":{"title":"INE \u2018se traba\u2019 en declaraci\u00f3n de validez de elecci\u00f3n judicial - NOTICIAS","robots":{"index":"index","follow":"follow","max-snippet":"max-snippet:-1","max-image-preview":"max-image-preview:large","max-video-preview":"max-video-preview:-1"},"canonical":"https:\/\/laredsocial-noticias.com\/wp\/ine-se-traba-en-declaracion-de-validez-de-eleccion-judicial\/","og_locale":"es_ES","og_type":"article","og_title":"INE \u2018se traba\u2019 en declaraci\u00f3n de validez de elecci\u00f3n judicial - NOTICIAS","og_description":"La sesi\u00f3n del Consejo General del INE para dictaminar los triunfos de los diferentes cargos de elecci\u00f3n del pasado domingo...","og_url":"https:\/\/laredsocial-noticias.com\/wp\/ine-se-traba-en-declaracion-de-validez-de-eleccion-judicial\/","og_site_name":"NOTICIAS","article_published_time":"2025-06-15T19:05:14+00:00","article_modified_time":"2025-06-16T03:55:47+00:00","og_image":[{"width":1024,"height":682,"url":"https:\/\/laredsocial-noticias.com\/wp\/wp-content\/uploads\/2025\/06\/WhatsApp-Image-2024-09-23-at-09.04.58-4-1024x682-1.jpeg","type":"image\/jpeg"}],"author":"Editor en Jefe","twitter_card":"summary_large_image","twitter_misc":{"Escrito por":"Editor en Jefe","Tiempo de lectura":"1 minuto"},"schema":{"@context":"https:\/\/schema.org","@graph":[{"@type":"WebPage","@id":"https:\/\/laredsocial-noticias.com\/wp\/ine-se-traba-en-declaracion-de-validez-de-eleccion-judicial\/","url":"https:\/\/laredsocial-noticias.com\/wp\/ine-se-traba-en-declaracion-de-validez-de-eleccion-judicial\/","name":"INE \u2018se traba\u2019 en declaraci\u00f3n de validez de elecci\u00f3n judicial - NOTICIAS","isPartOf":{"@id":"https:\/\/laredsocial-noticias.com\/wp\/#website"},"primaryImageOfPage":{"@id":"https:\/\/laredsocial-noticias.com\/wp\/ine-se-traba-en-declaracion-de-validez-de-eleccion-judicial\/#primaryimage"},"image":{"@id":"https:\/\/laredsocial-noticias.com\/wp\/ine-se-traba-en-declaracion-de-validez-de-eleccion-judicial\/#primaryimage"},"thumbnailUrl":"https:\/\/laredsocial-noticias.com\/wp\/wp-content\/uploads\/2025\/06\/WhatsApp-Image-2024-09-23-at-09.04.58-4-1024x682-1.jpeg","datePublished":"2025-06-15T19:05:14+00:00","dateModified":"2025-06-16T03:55:47+00:00","author":{"@id":"https:\/\/laredsocial-noticias.com\/wp\/#\/schema\/person\/0ce78643f2de7aae6f6ef10e8453a6e0"},"breadcrumb":{"@id":"https:\/\/laredsocial-noticias.com\/wp\/ine-se-traba-en-declaracion-de-validez-de-eleccion-judicial\/#breadcrumb"},"inLanguage":"es","potentialAction":[{"@type":"ReadAction","target":["https:\/\/laredsocial-noticias.com\/wp\/ine-se-traba-en-declaracion-de-validez-de-eleccion-judicial\/"]}]},{"@type":"ImageObject","inLanguage":"es","@id":"https:\/\/laredsocial-noticias.com\/wp\/ine-se-traba-en-declaracion-de-validez-de-eleccion-judicial\/#primaryimage","url":"https:\/\/laredsocial-noticias.com\/wp\/wp-content\/uploads\/2025\/06\/WhatsApp-Image-2024-09-23-at-09.04.58-4-1024x682-1.jpeg","contentUrl":"https:\/\/laredsocial-noticias.com\/wp\/wp-content\/uploads\/2025\/06\/WhatsApp-Image-2024-09-23-at-09.04.58-4-1024x682-1.jpeg","width":1024,"height":682},{"@type":"BreadcrumbList","@id":"https:\/\/laredsocial-noticias.com\/wp\/ine-se-traba-en-declaracion-de-validez-de-eleccion-judicial\/#breadcrumb","itemListElement":[{"@type":"ListItem","position":1,"name":"Portada","item":"https:\/\/laredsocial-noticias.com\/wp\/"},{"@type":"ListItem","position":2,"name":"INE \u2018se traba\u2019 en declaraci\u00f3n de validez de elecci\u00f3n judicial"}]},{"@type":"WebSite","@id":"https:\/\/laredsocial-noticias.com\/wp\/#website","url":"https:\/\/laredsocial-noticias.com\/wp\/","name":"NOTICIAS","description":"Lo que se ve y se dice en las redes sociales","potentialAction":[{"@type":"SearchAction","target":{"@type":"EntryPoint","urlTemplate":"https:\/\/laredsocial-noticias.com\/wp\/?s={search_term_string}"},"query-input":{"@type":"PropertyValueSpecification","valueRequired":true,"valueName":"search_term_string"}}],"inLanguage":"es"},{"@type":"Person","@id":"https:\/\/laredsocial-noticias.com\/wp\/#\/schema\/person\/0ce78643f2de7aae6f6ef10e8453a6e0","name":"Editor en Jefe","url":"https:\/\/laredsocial-noticias.com\/wp\/author\/jorgeochoa\/"}]}},"_links":{"self":[{"href":"https:\/\/laredsocial-noticias.com\/wp\/wp-json\/wp\/v2\/posts\/249875","targetHints":{"allow":["GET"]}}],"collection":[{"href":"https:\/\/laredsocial-noticias.com\/wp\/wp-json\/wp\/v2\/posts"}],"about":[{"href":"https:\/\/laredsocial-noticias.com\/wp\/wp-json\/wp\/v2\/types\/post"}],"author":[{"embeddable":true,"href":"https:\/\/laredsocial-noticias.com\/wp\/wp-json\/wp\/v2\/users\/1"}],"replies":[{"embeddable":true,"href":"https:\/\/laredsocial-noticias.com\/wp\/wp-json\/wp\/v2\/comments?post=249875"}],"version-history":[{"count":3,"href":"https:\/\/laredsocial-noticias.com\/wp\/wp-json\/wp\/v2\/posts\/249875\/revisions"}],"predecessor-version":[{"id":249889,"href":"https:\/\/laredsocial-noticias.com\/wp\/wp-json\/wp\/v2\/posts\/249875\/revisions\/249889"}],"wp:featuredmedia":[{"embeddable":true,"href":"https:\/\/laredsocial-noticias.com\/wp\/wp-json\/wp\/v2\/media\/249877"}],"wp:attachment":[{"href":"https:\/\/laredsocial-noticias.com\/wp\/wp-json\/wp\/v2\/media?parent=249875"}],"wp:term":[{"taxonomy":"category","embeddable":true,"href":"https:\/\/laredsocial-noticias.com\/wp\/wp-json\/wp\/v2\/categories?post=249875"},{"taxonomy":"post_tag","embeddable":true,"href":"https:\/\/laredsocial-noticias.com\/wp\/wp-json\/wp\/v2\/tags?post=249875"}],"curies":[{"name":"wp","href":"https:\/\/api.w.org\/{rel}","templated":true}]}}