{"id":249878,"date":"2025-06-15T13:09:07","date_gmt":"2025-06-15T19:09:07","guid":{"rendered":"https:\/\/laredsocial-noticias.com\/wp\/?p=249878"},"modified":"2025-06-15T13:09:18","modified_gmt":"2025-06-15T19:09:18","slug":"fuerte-sismo-de-magnitud-61-sacude-el-callao-y-lima-sin-dejar-victimas","status":"publish","type":"post","link":"https:\/\/laredsocial-noticias.com\/wp\/fuerte-sismo-de-magnitud-61-sacude-el-callao-y-lima-sin-dejar-victimas\/","title":{"rendered":"Fuerte sismo de magnitud 6,1 sacude el Callao y Lima sin dejar v\u00edctimas"},"content":{"rendered":"<p>Un sismo de magnitud 6,1 se registr\u00f3 este domingo en la ciudad portuaria Callao, en Per\u00fa, sin que se reportaran por el momento v\u00edctimas ni da\u00f1os estructurales, aunque hubo deslizamientos de tierra en varios distritos en la cercana Lima.<\/p>\n<p>El evento empez\u00f3 a las 11H35 locales (16H35 GMT) a unos 30 km al suroeste de Callao, seg\u00fan el Centro Sismol\u00f3gico Nacional.<\/p>\n<p>\u201cEn Lima y Callao hemos tenido el mayor remes\u00f3n de sacudimiento de suelo. Hasta el momento no tenemos reportes de da\u00f1os en estructuras o que hayan afectado a personas\u201d, asegur\u00f3 a canal N Hernando Tavera presidente del Instituto Geof\u00edsico del Per\u00fa.<\/p>\n<p>Per\u00fa, con 34 millones de habitantes, est\u00e1 ubicado en el denominado Cintur\u00f3n de Fuego del Pac\u00edfico, que se extiende a lo largo de la costa oeste americana y este asi\u00e1tica.<\/p>\n<p>En estas regiones se registra la mayor actividad s\u00edsmica del mundo. Al a\u00f1o, solo en Per\u00fa, ocurren al menos un centenar de sismos perceptibles para la poblaci\u00f3n.<\/p>\n<p>En 1970 Per\u00fa sufri\u00f3 uno de los terremotos m\u00e1s mort\u00edferos de los \u00faltimos 100 a\u00f1os, en el que murieron 67.000 personas en la regi\u00f3n \u00c1ncash, al centro norte del pa\u00eds.<\/p>\n","protected":false},"excerpt":{"rendered":"<p>Un sismo de magnitud 6,1 se registr\u00f3 este domingo en la ciudad portuaria Callao, en Per\u00fa, sin que se reportaran&#8230;<\/p>\n","protected":false},"author":1,"featured_media":249880,"comment_status":"open","ping_status":"closed","sticky":false,"template":"","format":"standard","meta":{"footnotes":""},"categories":[101,102,6026],"tags":[],"class_list":["post-249878","post","type-post","status-publish","format-standard","has-post-thumbnail","hentry","category-internacional","category-internacionales","category-portada"],"yoast_head":"<!-- This site is optimized with the Yoast SEO plugin v26.5 - https:\/\/yoast.com\/wordpress\/plugins\/seo\/ -->\n<title>Fuerte sismo de magnitud 6,1 sacude el Callao y Lima sin dejar v\u00edctimas - NOTICIAS<\/title>\n<meta name=\"robots\" content=\"index, follow, max-snippet:-1, max-image-preview:large, max-video-preview:-1\" \/>\n<link rel=\"canonical\" href=\"https:\/\/laredsocial-noticias.com\/wp\/fuerte-sismo-de-magnitud-61-sacude-el-callao-y-lima-sin-dejar-victimas\/\" \/>\n<meta property=\"og:locale\" content=\"es_ES\" \/>\n<meta property=\"og:type\" content=\"article\" \/>\n<meta property=\"og:title\" content=\"Fuerte sismo de magnitud 6,1 sacude el Callao y Lima sin dejar v\u00edctimas - NOTICIAS\" \/>\n<meta property=\"og:description\" content=\"Un sismo de magnitud 6,1 se registr\u00f3 este domingo en la ciudad portuaria Callao, en Per\u00fa, sin que se reportaran...\" \/>\n<meta property=\"og:url\" content=\"https:\/\/laredsocial-noticias.com\/wp\/fuerte-sismo-de-magnitud-61-sacude-el-callao-y-lima-sin-dejar-victimas\/\" \/>\n<meta property=\"og:site_name\" content=\"NOTICIAS\" \/>\n<meta property=\"article:published_time\" content=\"2025-06-15T19:09:07+00:00\" \/>\n<meta property=\"article:modified_time\" content=\"2025-06-15T19:09:18+00:00\" \/>\n<meta name=\"author\" content=\"Editor en Jefe\" \/>\n<meta name=\"twitter:card\" content=\"summary_large_image\" \/>\n<meta name=\"twitter:label1\" content=\"Escrito por\" \/>\n\t<meta name=\"twitter:data1\" content=\"Editor en Jefe\" \/>\n\t<meta name=\"twitter:label2\" content=\"Tiempo de lectura\" \/>\n\t<meta name=\"twitter:data2\" content=\"1 minuto\" \/>\n<!-- \/ Yoast SEO plugin. -->","yoast_head_json":{"title":"Fuerte sismo de magnitud 6,1 sacude el Callao y Lima sin dejar v\u00edctimas - NOTICIAS","robots":{"index":"index","follow":"follow","max-snippet":"max-snippet:-1","max-image-preview":"max-image-preview:large","max-video-preview":"max-video-preview:-1"},"canonical":"https:\/\/laredsocial-noticias.com\/wp\/fuerte-sismo-de-magnitud-61-sacude-el-callao-y-lima-sin-dejar-victimas\/","og_locale":"es_ES","og_type":"article","og_title":"Fuerte sismo de magnitud 6,1 sacude el Callao y Lima sin dejar v\u00edctimas - NOTICIAS","og_description":"Un sismo de magnitud 6,1 se registr\u00f3 este domingo en la ciudad portuaria Callao, en Per\u00fa, sin que se reportaran...","og_url":"https:\/\/laredsocial-noticias.com\/wp\/fuerte-sismo-de-magnitud-61-sacude-el-callao-y-lima-sin-dejar-victimas\/","og_site_name":"NOTICIAS","article_published_time":"2025-06-15T19:09:07+00:00","article_modified_time":"2025-06-15T19:09:18+00:00","author":"Editor en Jefe","twitter_card":"summary_large_image","twitter_misc":{"Escrito por":"Editor en Jefe","Tiempo de lectura":"1 minuto"},"schema":{"@context":"https:\/\/schema.org","@graph":[{"@type":"WebPage","@id":"https:\/\/laredsocial-noticias.com\/wp\/fuerte-sismo-de-magnitud-61-sacude-el-callao-y-lima-sin-dejar-victimas\/","url":"https:\/\/laredsocial-noticias.com\/wp\/fuerte-sismo-de-magnitud-61-sacude-el-callao-y-lima-sin-dejar-victimas\/","name":"Fuerte sismo de magnitud 6,1 sacude el Callao y Lima sin dejar v\u00edctimas - NOTICIAS","isPartOf":{"@id":"https:\/\/laredsocial-noticias.com\/wp\/#website"},"primaryImageOfPage":{"@id":"https:\/\/laredsocial-noticias.com\/wp\/fuerte-sismo-de-magnitud-61-sacude-el-callao-y-lima-sin-dejar-victimas\/#primaryimage"},"image":{"@id":"https:\/\/laredsocial-noticias.com\/wp\/fuerte-sismo-de-magnitud-61-sacude-el-callao-y-lima-sin-dejar-victimas\/#primaryimage"},"thumbnailUrl":"https:\/\/laredsocial-noticias.com\/wp\/wp-content\/uploads\/2025\/06\/sismo-1024x576-1.jpeg","datePublished":"2025-06-15T19:09:07+00:00","dateModified":"2025-06-15T19:09:18+00:00","author":{"@id":"https:\/\/laredsocial-noticias.com\/wp\/#\/schema\/person\/0ce78643f2de7aae6f6ef10e8453a6e0"},"breadcrumb":{"@id":"https:\/\/laredsocial-noticias.com\/wp\/fuerte-sismo-de-magnitud-61-sacude-el-callao-y-lima-sin-dejar-victimas\/#breadcrumb"},"inLanguage":"es","potentialAction":[{"@type":"ReadAction","target":["https:\/\/laredsocial-noticias.com\/wp\/fuerte-sismo-de-magnitud-61-sacude-el-callao-y-lima-sin-dejar-victimas\/"]}]},{"@type":"ImageObject","inLanguage":"es","@id":"https:\/\/laredsocial-noticias.com\/wp\/fuerte-sismo-de-magnitud-61-sacude-el-callao-y-lima-sin-dejar-victimas\/#primaryimage","url":"https:\/\/laredsocial-noticias.com\/wp\/wp-content\/uploads\/2025\/06\/sismo-1024x576-1.jpeg","contentUrl":"https:\/\/laredsocial-noticias.com\/wp\/wp-content\/uploads\/2025\/06\/sismo-1024x576-1.jpeg","width":1024,"height":576},{"@type":"BreadcrumbList","@id":"https:\/\/laredsocial-noticias.com\/wp\/fuerte-sismo-de-magnitud-61-sacude-el-callao-y-lima-sin-dejar-victimas\/#breadcrumb","itemListElement":[{"@type":"ListItem","position":1,"name":"Portada","item":"https:\/\/laredsocial-noticias.com\/wp\/"},{"@type":"ListItem","position":2,"name":"Fuerte sismo de magnitud 6,1 sacude el Callao y Lima sin dejar v\u00edctimas"}]},{"@type":"WebSite","@id":"https:\/\/laredsocial-noticias.com\/wp\/#website","url":"https:\/\/laredsocial-noticias.com\/wp\/","name":"NOTICIAS","description":"Lo que se ve y se dice en las redes sociales","potentialAction":[{"@type":"SearchAction","target":{"@type":"EntryPoint","urlTemplate":"https:\/\/laredsocial-noticias.com\/wp\/?s={search_term_string}"},"query-input":{"@type":"PropertyValueSpecification","valueRequired":true,"valueName":"search_term_string"}}],"inLanguage":"es"},{"@type":"Person","@id":"https:\/\/laredsocial-noticias.com\/wp\/#\/schema\/person\/0ce78643f2de7aae6f6ef10e8453a6e0","name":"Editor en Jefe","url":"https:\/\/laredsocial-noticias.com\/wp\/author\/jorgeochoa\/"}]}},"_links":{"self":[{"href":"https:\/\/laredsocial-noticias.com\/wp\/wp-json\/wp\/v2\/posts\/249878","targetHints":{"allow":["GET"]}}],"collection":[{"href":"https:\/\/laredsocial-noticias.com\/wp\/wp-json\/wp\/v2\/posts"}],"about":[{"href":"https:\/\/laredsocial-noticias.com\/wp\/wp-json\/wp\/v2\/types\/post"}],"author":[{"embeddable":true,"href":"https:\/\/laredsocial-noticias.com\/wp\/wp-json\/wp\/v2\/users\/1"}],"replies":[{"embeddable":true,"href":"https:\/\/laredsocial-noticias.com\/wp\/wp-json\/wp\/v2\/comments?post=249878"}],"version-history":[{"count":1,"href":"https:\/\/laredsocial-noticias.com\/wp\/wp-json\/wp\/v2\/posts\/249878\/revisions"}],"predecessor-version":[{"id":249879,"href":"https:\/\/laredsocial-noticias.com\/wp\/wp-json\/wp\/v2\/posts\/249878\/revisions\/249879"}],"wp:featuredmedia":[{"embeddable":true,"href":"https:\/\/laredsocial-noticias.com\/wp\/wp-json\/wp\/v2\/media\/249880"}],"wp:attachment":[{"href":"https:\/\/laredsocial-noticias.com\/wp\/wp-json\/wp\/v2\/media?parent=249878"}],"wp:term":[{"taxonomy":"category","embeddable":true,"href":"https:\/\/laredsocial-noticias.com\/wp\/wp-json\/wp\/v2\/categories?post=249878"},{"taxonomy":"post_tag","embeddable":true,"href":"https:\/\/laredsocial-noticias.com\/wp\/wp-json\/wp\/v2\/tags?post=249878"}],"curies":[{"name":"wp","href":"https:\/\/api.w.org\/{rel}","templated":true}]}}