{"id":250719,"date":"2025-06-27T11:35:51","date_gmt":"2025-06-27T17:35:51","guid":{"rendered":"https:\/\/laredsocial-noticias.com\/wp\/?p=250719"},"modified":"2025-06-27T11:37:51","modified_gmt":"2025-06-27T17:37:51","slug":"dia-del-orgullo-lgbt-no-solo-celebra-diversidad-tambien-libertad-dice-sheinbaum-2","status":"publish","type":"post","link":"https:\/\/laredsocial-noticias.com\/wp\/dia-del-orgullo-lgbt-no-solo-celebra-diversidad-tambien-libertad-dice-sheinbaum-2\/","title":{"rendered":"D\u00eda del Orgullo LGBT+ no s\u00f3lo celebra diversidad, tambi\u00e9n libertad, dice Sheinbaum"},"content":{"rendered":"<p>En v\u00edsperas del D\u00eda Internacional del Orgullo LGBT, la presidenta de M\u00e9xico, Claudia Sheinbaum Pardo, asegur\u00f3 este viernes que no solamente es una celebraci\u00f3n de la diversidad, sino tambi\u00e9n de la libertad.<\/p>\n<p>La mandataria mexicana refrend\u00f3 adem\u00e1s el compromiso de su gobierno para garantizar el respeto y reconocimiento de todas y todos los mexicanos. La marcha se celebrar\u00e1 en varios estados del pa\u00eds, incluida la Ciudad de M\u00e9xico este s\u00e1bado 28 de junio.<\/p>\n<p>\u201cEl d\u00eda de ma\u00f1ana (28 de junio) no solamente es el D\u00eda de la Diversidad sino, yo dir\u00eda ah\u00ed s\u00ed, de la Libertad porque, primero, no se debe juzgar a nadie, se debe de reconocer, se debe incluir&#8221;, expres\u00f3 Claudia Sheinbaum.<\/p>\n<p>&#8220;Alguien habla de tolerancia, nosotros hablamos de inclusi\u00f3n porque somos una sociedad diversa, entonces todo lo que podamos hacer desde el gobierno para que haya respeto, reconocimiento, lo vamos a hacer\u201d, expres\u00f3 desde la conferencia matutina &#8216;Las ma\u00f1aneras del pueblo&#8217;.<\/p>\n<p>La ruta de la archa del Orgullo LGBTTTIQ+ en CDMX iniciar\u00eda en el \u00c1ngel de la Independencia, y continuar\u00e1 por la avenida Paseo de la Reforma, la avenida Ju\u00e1rez, el Eje Central L\u00e1zaro C\u00e1rdenas hasta llegar a la avenida 5 de Mayo donde se dirigir\u00e1 a su punto final que ser\u00e1 la Plaza de la Constituci\u00f3n.<\/p>\n","protected":false},"excerpt":{"rendered":"<p>En v\u00edsperas del D\u00eda Internacional del Orgullo LGBT, la presidenta de M\u00e9xico, Claudia Sheinbaum Pardo, asegur\u00f3 este viernes que no&#8230;<\/p>\n","protected":false},"author":1,"featured_media":250718,"comment_status":"open","ping_status":"closed","sticky":false,"template":"","format":"standard","meta":{"footnotes":""},"categories":[78,1726,6026],"tags":[],"class_list":["post-250719","post","type-post","status-publish","format-standard","has-post-thumbnail","hentry","category-nacional","category-nacionales","category-portada"],"yoast_head":"<!-- This site is optimized with the Yoast SEO plugin v26.5 - https:\/\/yoast.com\/wordpress\/plugins\/seo\/ -->\n<title>D\u00eda del Orgullo LGBT+ no s\u00f3lo celebra diversidad, tambi\u00e9n libertad, dice Sheinbaum - NOTICIAS<\/title>\n<meta name=\"robots\" content=\"index, follow, max-snippet:-1, max-image-preview:large, max-video-preview:-1\" \/>\n<link rel=\"canonical\" href=\"https:\/\/laredsocial-noticias.com\/wp\/dia-del-orgullo-lgbt-no-solo-celebra-diversidad-tambien-libertad-dice-sheinbaum-2\/\" \/>\n<meta property=\"og:locale\" content=\"es_ES\" \/>\n<meta property=\"og:type\" content=\"article\" \/>\n<meta property=\"og:title\" content=\"D\u00eda del Orgullo LGBT+ no s\u00f3lo celebra diversidad, tambi\u00e9n libertad, dice Sheinbaum - NOTICIAS\" \/>\n<meta property=\"og:description\" content=\"En v\u00edsperas del D\u00eda Internacional del Orgullo LGBT, la presidenta de M\u00e9xico, Claudia Sheinbaum Pardo, asegur\u00f3 este viernes que no...\" \/>\n<meta property=\"og:url\" content=\"https:\/\/laredsocial-noticias.com\/wp\/dia-del-orgullo-lgbt-no-solo-celebra-diversidad-tambien-libertad-dice-sheinbaum-2\/\" \/>\n<meta property=\"og:site_name\" content=\"NOTICIAS\" \/>\n<meta property=\"article:published_time\" content=\"2025-06-27T17:35:51+00:00\" \/>\n<meta property=\"article:modified_time\" content=\"2025-06-27T17:37:51+00:00\" \/>\n<meta name=\"author\" content=\"Editor en Jefe\" \/>\n<meta name=\"twitter:card\" content=\"summary_large_image\" \/>\n<meta name=\"twitter:label1\" content=\"Escrito por\" \/>\n\t<meta name=\"twitter:data1\" content=\"Editor en Jefe\" \/>\n\t<meta name=\"twitter:label2\" content=\"Tiempo de lectura\" \/>\n\t<meta name=\"twitter:data2\" content=\"1 minuto\" \/>\n<!-- \/ Yoast SEO plugin. -->","yoast_head_json":{"title":"D\u00eda del Orgullo LGBT+ no s\u00f3lo celebra diversidad, tambi\u00e9n libertad, dice Sheinbaum - NOTICIAS","robots":{"index":"index","follow":"follow","max-snippet":"max-snippet:-1","max-image-preview":"max-image-preview:large","max-video-preview":"max-video-preview:-1"},"canonical":"https:\/\/laredsocial-noticias.com\/wp\/dia-del-orgullo-lgbt-no-solo-celebra-diversidad-tambien-libertad-dice-sheinbaum-2\/","og_locale":"es_ES","og_type":"article","og_title":"D\u00eda del Orgullo LGBT+ no s\u00f3lo celebra diversidad, tambi\u00e9n libertad, dice Sheinbaum - NOTICIAS","og_description":"En v\u00edsperas del D\u00eda Internacional del Orgullo LGBT, la presidenta de M\u00e9xico, Claudia Sheinbaum Pardo, asegur\u00f3 este viernes que no...","og_url":"https:\/\/laredsocial-noticias.com\/wp\/dia-del-orgullo-lgbt-no-solo-celebra-diversidad-tambien-libertad-dice-sheinbaum-2\/","og_site_name":"NOTICIAS","article_published_time":"2025-06-27T17:35:51+00:00","article_modified_time":"2025-06-27T17:37:51+00:00","author":"Editor en Jefe","twitter_card":"summary_large_image","twitter_misc":{"Escrito por":"Editor en Jefe","Tiempo de lectura":"1 minuto"},"schema":{"@context":"https:\/\/schema.org","@graph":[{"@type":"WebPage","@id":"https:\/\/laredsocial-noticias.com\/wp\/dia-del-orgullo-lgbt-no-solo-celebra-diversidad-tambien-libertad-dice-sheinbaum-2\/","url":"https:\/\/laredsocial-noticias.com\/wp\/dia-del-orgullo-lgbt-no-solo-celebra-diversidad-tambien-libertad-dice-sheinbaum-2\/","name":"D\u00eda del Orgullo LGBT+ no s\u00f3lo celebra diversidad, tambi\u00e9n libertad, dice Sheinbaum - NOTICIAS","isPartOf":{"@id":"https:\/\/laredsocial-noticias.com\/wp\/#website"},"primaryImageOfPage":{"@id":"https:\/\/laredsocial-noticias.com\/wp\/dia-del-orgullo-lgbt-no-solo-celebra-diversidad-tambien-libertad-dice-sheinbaum-2\/#primaryimage"},"image":{"@id":"https:\/\/laredsocial-noticias.com\/wp\/dia-del-orgullo-lgbt-no-solo-celebra-diversidad-tambien-libertad-dice-sheinbaum-2\/#primaryimage"},"thumbnailUrl":"https:\/\/laredsocial-noticias.com\/wp\/wp-content\/uploads\/2025\/06\/Sin-titulo-25-e1751045687729.png","datePublished":"2025-06-27T17:35:51+00:00","dateModified":"2025-06-27T17:37:51+00:00","author":{"@id":"https:\/\/laredsocial-noticias.com\/wp\/#\/schema\/person\/0ce78643f2de7aae6f6ef10e8453a6e0"},"breadcrumb":{"@id":"https:\/\/laredsocial-noticias.com\/wp\/dia-del-orgullo-lgbt-no-solo-celebra-diversidad-tambien-libertad-dice-sheinbaum-2\/#breadcrumb"},"inLanguage":"es","potentialAction":[{"@type":"ReadAction","target":["https:\/\/laredsocial-noticias.com\/wp\/dia-del-orgullo-lgbt-no-solo-celebra-diversidad-tambien-libertad-dice-sheinbaum-2\/"]}]},{"@type":"ImageObject","inLanguage":"es","@id":"https:\/\/laredsocial-noticias.com\/wp\/dia-del-orgullo-lgbt-no-solo-celebra-diversidad-tambien-libertad-dice-sheinbaum-2\/#primaryimage","url":"https:\/\/laredsocial-noticias.com\/wp\/wp-content\/uploads\/2025\/06\/Sin-titulo-25-e1751045687729.png","contentUrl":"https:\/\/laredsocial-noticias.com\/wp\/wp-content\/uploads\/2025\/06\/Sin-titulo-25-e1751045687729.png","width":1152,"height":534},{"@type":"BreadcrumbList","@id":"https:\/\/laredsocial-noticias.com\/wp\/dia-del-orgullo-lgbt-no-solo-celebra-diversidad-tambien-libertad-dice-sheinbaum-2\/#breadcrumb","itemListElement":[{"@type":"ListItem","position":1,"name":"Portada","item":"https:\/\/laredsocial-noticias.com\/wp\/"},{"@type":"ListItem","position":2,"name":"D\u00eda del Orgullo LGBT+ no s\u00f3lo celebra diversidad, tambi\u00e9n libertad, dice Sheinbaum"}]},{"@type":"WebSite","@id":"https:\/\/laredsocial-noticias.com\/wp\/#website","url":"https:\/\/laredsocial-noticias.com\/wp\/","name":"NOTICIAS","description":"Lo que se ve y se dice en las redes sociales","potentialAction":[{"@type":"SearchAction","target":{"@type":"EntryPoint","urlTemplate":"https:\/\/laredsocial-noticias.com\/wp\/?s={search_term_string}"},"query-input":{"@type":"PropertyValueSpecification","valueRequired":true,"valueName":"search_term_string"}}],"inLanguage":"es"},{"@type":"Person","@id":"https:\/\/laredsocial-noticias.com\/wp\/#\/schema\/person\/0ce78643f2de7aae6f6ef10e8453a6e0","name":"Editor en Jefe","url":"https:\/\/laredsocial-noticias.com\/wp\/author\/jorgeochoa\/"}]}},"_links":{"self":[{"href":"https:\/\/laredsocial-noticias.com\/wp\/wp-json\/wp\/v2\/posts\/250719","targetHints":{"allow":["GET"]}}],"collection":[{"href":"https:\/\/laredsocial-noticias.com\/wp\/wp-json\/wp\/v2\/posts"}],"about":[{"href":"https:\/\/laredsocial-noticias.com\/wp\/wp-json\/wp\/v2\/types\/post"}],"author":[{"embeddable":true,"href":"https:\/\/laredsocial-noticias.com\/wp\/wp-json\/wp\/v2\/users\/1"}],"replies":[{"embeddable":true,"href":"https:\/\/laredsocial-noticias.com\/wp\/wp-json\/wp\/v2\/comments?post=250719"}],"version-history":[{"count":1,"href":"https:\/\/laredsocial-noticias.com\/wp\/wp-json\/wp\/v2\/posts\/250719\/revisions"}],"predecessor-version":[{"id":250720,"href":"https:\/\/laredsocial-noticias.com\/wp\/wp-json\/wp\/v2\/posts\/250719\/revisions\/250720"}],"wp:featuredmedia":[{"embeddable":true,"href":"https:\/\/laredsocial-noticias.com\/wp\/wp-json\/wp\/v2\/media\/250718"}],"wp:attachment":[{"href":"https:\/\/laredsocial-noticias.com\/wp\/wp-json\/wp\/v2\/media?parent=250719"}],"wp:term":[{"taxonomy":"category","embeddable":true,"href":"https:\/\/laredsocial-noticias.com\/wp\/wp-json\/wp\/v2\/categories?post=250719"},{"taxonomy":"post_tag","embeddable":true,"href":"https:\/\/laredsocial-noticias.com\/wp\/wp-json\/wp\/v2\/tags?post=250719"}],"curies":[{"name":"wp","href":"https:\/\/api.w.org\/{rel}","templated":true}]}}