{"id":250886,"date":"2025-06-29T14:30:16","date_gmt":"2025-06-29T20:30:16","guid":{"rendered":"https:\/\/laredsocial-noticias.com\/wp\/?p=250886"},"modified":"2025-06-29T23:49:34","modified_gmt":"2025-06-30T05:49:34","slug":"cdmx-celebra-los-35-anos-de-xin-xin-la-unica-panda-gigante-de-latinoamerica","status":"publish","type":"post","link":"https:\/\/laredsocial-noticias.com\/wp\/cdmx-celebra-los-35-anos-de-xin-xin-la-unica-panda-gigante-de-latinoamerica\/","title":{"rendered":"CDMX celebra los 35 a\u00f1os de Xin Xin, la \u00fanica panda gigante de Latinoam\u00e9rica"},"content":{"rendered":"<p>La capital del pa\u00eds se volc\u00f3 este s\u00e1bado en una emotiva celebraci\u00f3n por el cumplea\u00f1os n\u00famero 35 de Xin Xin, la ic\u00f3nica panda gigante del Zool\u00f3gico de Chapultepec, en un evento que reuni\u00f3 a m\u00e1s de 40 mil personas y que combin\u00f3 arte, tradici\u00f3n china y conciencia ambiental.<\/p>\n<p>La Secretar\u00eda del Medio Ambiente de la Ciudad de M\u00e9xico (Sedema) organiz\u00f3 el festejo en el Centro de Conservaci\u00f3n de la Vida Silvestre, donde Xin Xin fue homenajeada con un pastel especial elaborado con sus ingredientes favoritos \u2014croquetas de manzana, zanahoria y arroz\u2014 y un espect\u00e1culo lleno de simbolismo encabezado por la danza del le\u00f3n, a cargo del Centro Cultural de China en M\u00e9xico.<\/p>\n<p>La ceremonia cont\u00f3 con la presencia de Julia \u00c1lvarez Icaza, titular de Sedema; Adriana Fern\u00e1ndez, encargada de los Centros de Conservaci\u00f3n de la Fauna Silvestre; y Shen Bin, primer secretario del Centro Cultural de China, quienes destacaron el valor ambiental, cultural y diplom\u00e1tico que representa Xin Xin como s\u00edmbolo de los lazos entre M\u00e9xico y China.<\/p>\n<div data-mrf-experience=\"IL_sB08szQcTjm-5cDW5dIFWA\"><\/div>\n<p>\u201cLa historia de Xin Xin no s\u00f3lo es una muestra de longevidad y bienestar animal, sino tambi\u00e9n del compromiso de esta ciudad con la conservaci\u00f3n y el respeto a la vida\u201d, expres\u00f3 \u00c1lvarez Icaza durante su intervenci\u00f3n.<\/p>\n<p>Uno de los momentos m\u00e1s esperados fue la premiaci\u00f3n del concurso \u201cDibuja a Xin Xin\u201d, que convoc\u00f3 a ni\u00f1as, ni\u00f1os, j\u00f3venes y adultos a rendir homenaje a la panda a trav\u00e9s del arte. Los ganadores fueron anunciados en tres categor\u00edas y recibieron reconocimiento p\u00fablico frente a las y los asistentes.<\/p>\n<h2>Ganadores del concurso \u201cDibuja a Xin Xin\u201d<br \/>\nCategor\u00eda Infantil<\/h2>\n<p>1\u00b0 lugar: Valeria Rojas Pelcastre, 10 a\u00f1os<\/p>\n<p>2\u00b0 lugar: Jul\u00e1n Ju\u00e1rez Paredes, 10 a\u00f1os<\/p>\n<p>3\u00b0 lugar: Leonardo Magdaleno Mart\u00ednez, 11 a\u00f1os<\/p>\n<h2>Categor\u00eda Juvenil<\/h2>\n<p>1\u00b0 lugar: Renata Desiree S\u00e1nchez C\u00e1rdenas, 16 a\u00f1os<\/p>\n<p>2\u00b0 lugar: Sara S. Robles Sim\u00f3n, 16 a\u00f1os<\/p>\n<p>3\u00b0 lugar: Ang\u00e9lica Caballero V\u00e1zquez, 14 a\u00f1os<\/p>\n<h2>Categor\u00eda Adultos<\/h2>\n<p>1\u00b0 lugar: Daniela Yazmin Ruiz Cambar, 21 a\u00f1os<\/p>\n<p>2\u00b0 lugar: Margarita V\u00e1zquez L\u00f3pez, 32 a\u00f1os<\/p>\n<p>3\u00b0 lugar: Dulce Abril C\u00e1rdenas Guti\u00e9rrez, 18 a\u00f1os<\/p>\n<p>Como cierre, se parti\u00f3 un pastel conmemorativo que fue compartido entre el p\u00fablico, mientras visitantes de todas las edades se tomaban fotograf\u00edas tem\u00e1ticas y recorr\u00edan una exposici\u00f3n especial sobre la vida de Xin Xin y los esfuerzos de conservaci\u00f3n que la han acompa\u00f1ado desde su nacimiento en 1990.<\/p>\n<p>Xin Xin es actualmente la \u00fanica panda gigante en Latinoam\u00e9rica y una de las m\u00e1s longevas del mundo bajo cuidado humano. Nacida en M\u00e9xico y descendiente de pandas que llegaron desde China en la d\u00e9cada de 1970, su historia ha sido testigo del fortalecimiento de las pol\u00edticas de conservaci\u00f3n en la capital y de una creciente conciencia ambiental entre generaciones de visitantes.<\/p>\n<p>La celebraci\u00f3n de su cumplea\u00f1os n\u00famero 35 no s\u00f3lo rindi\u00f3 homenaje a una habitante emblem\u00e1tica del zool\u00f3gico, sino que reforz\u00f3 el mensaje de que cuidar a las especies en peligro de extinci\u00f3n es tambi\u00e9n celebrar la vida.<\/p>\n","protected":false},"excerpt":{"rendered":"<p>La capital del pa\u00eds se volc\u00f3 este s\u00e1bado en una emotiva celebraci\u00f3n por el cumplea\u00f1os n\u00famero 35 de Xin Xin,&#8230;<\/p>\n","protected":false},"author":1,"featured_media":250888,"comment_status":"open","ping_status":"closed","sticky":false,"template":"","format":"standard","meta":{"footnotes":""},"categories":[91,6026],"tags":[261,1469,4959,77],"class_list":["post-250886","post","type-post","status-publish","format-standard","has-post-thumbnail","hentry","category-cdmx","category-portada","tag-cdmx","tag-ciudad-de-mexico","tag-featured","tag-principal"],"yoast_head":"<!-- This site is optimized with the Yoast SEO plugin v26.5 - https:\/\/yoast.com\/wordpress\/plugins\/seo\/ -->\n<title>CDMX celebra los 35 a\u00f1os de Xin Xin, la \u00fanica panda gigante de Latinoam\u00e9rica - NOTICIAS<\/title>\n<meta name=\"robots\" content=\"index, follow, max-snippet:-1, max-image-preview:large, max-video-preview:-1\" \/>\n<link rel=\"canonical\" href=\"https:\/\/laredsocial-noticias.com\/wp\/cdmx-celebra-los-35-anos-de-xin-xin-la-unica-panda-gigante-de-latinoamerica\/\" \/>\n<meta property=\"og:locale\" content=\"es_ES\" \/>\n<meta property=\"og:type\" content=\"article\" \/>\n<meta property=\"og:title\" content=\"CDMX celebra los 35 a\u00f1os de Xin Xin, la \u00fanica panda gigante de Latinoam\u00e9rica - NOTICIAS\" \/>\n<meta property=\"og:description\" content=\"La capital del pa\u00eds se volc\u00f3 este s\u00e1bado en una emotiva celebraci\u00f3n por el cumplea\u00f1os n\u00famero 35 de Xin Xin,...\" \/>\n<meta property=\"og:url\" content=\"https:\/\/laredsocial-noticias.com\/wp\/cdmx-celebra-los-35-anos-de-xin-xin-la-unica-panda-gigante-de-latinoamerica\/\" \/>\n<meta property=\"og:site_name\" content=\"NOTICIAS\" \/>\n<meta property=\"article:published_time\" content=\"2025-06-29T20:30:16+00:00\" \/>\n<meta property=\"article:modified_time\" content=\"2025-06-30T05:49:34+00:00\" \/>\n<meta name=\"author\" content=\"Editor en Jefe\" \/>\n<meta name=\"twitter:card\" content=\"summary_large_image\" \/>\n<meta name=\"twitter:label1\" content=\"Escrito por\" \/>\n\t<meta name=\"twitter:data1\" content=\"Editor en Jefe\" \/>\n\t<meta name=\"twitter:label2\" content=\"Tiempo de lectura\" \/>\n\t<meta name=\"twitter:data2\" content=\"3 minutos\" \/>\n<!-- \/ Yoast SEO plugin. -->","yoast_head_json":{"title":"CDMX celebra los 35 a\u00f1os de Xin Xin, la \u00fanica panda gigante de Latinoam\u00e9rica - NOTICIAS","robots":{"index":"index","follow":"follow","max-snippet":"max-snippet:-1","max-image-preview":"max-image-preview:large","max-video-preview":"max-video-preview:-1"},"canonical":"https:\/\/laredsocial-noticias.com\/wp\/cdmx-celebra-los-35-anos-de-xin-xin-la-unica-panda-gigante-de-latinoamerica\/","og_locale":"es_ES","og_type":"article","og_title":"CDMX celebra los 35 a\u00f1os de Xin Xin, la \u00fanica panda gigante de Latinoam\u00e9rica - NOTICIAS","og_description":"La capital del pa\u00eds se volc\u00f3 este s\u00e1bado en una emotiva celebraci\u00f3n por el cumplea\u00f1os n\u00famero 35 de Xin Xin,...","og_url":"https:\/\/laredsocial-noticias.com\/wp\/cdmx-celebra-los-35-anos-de-xin-xin-la-unica-panda-gigante-de-latinoamerica\/","og_site_name":"NOTICIAS","article_published_time":"2025-06-29T20:30:16+00:00","article_modified_time":"2025-06-30T05:49:34+00:00","author":"Editor en Jefe","twitter_card":"summary_large_image","twitter_misc":{"Escrito por":"Editor en Jefe","Tiempo de lectura":"3 minutos"},"schema":{"@context":"https:\/\/schema.org","@graph":[{"@type":"WebPage","@id":"https:\/\/laredsocial-noticias.com\/wp\/cdmx-celebra-los-35-anos-de-xin-xin-la-unica-panda-gigante-de-latinoamerica\/","url":"https:\/\/laredsocial-noticias.com\/wp\/cdmx-celebra-los-35-anos-de-xin-xin-la-unica-panda-gigante-de-latinoamerica\/","name":"CDMX celebra los 35 a\u00f1os de Xin Xin, la \u00fanica panda gigante de Latinoam\u00e9rica - NOTICIAS","isPartOf":{"@id":"https:\/\/laredsocial-noticias.com\/wp\/#website"},"primaryImageOfPage":{"@id":"https:\/\/laredsocial-noticias.com\/wp\/cdmx-celebra-los-35-anos-de-xin-xin-la-unica-panda-gigante-de-latinoamerica\/#primaryimage"},"image":{"@id":"https:\/\/laredsocial-noticias.com\/wp\/cdmx-celebra-los-35-anos-de-xin-xin-la-unica-panda-gigante-de-latinoamerica\/#primaryimage"},"thumbnailUrl":"https:\/\/laredsocial-noticias.com\/wp\/wp-content\/uploads\/2025\/06\/whatsapp_image_2025-06-29_at_4.32.25_pm.png","datePublished":"2025-06-29T20:30:16+00:00","dateModified":"2025-06-30T05:49:34+00:00","author":{"@id":"https:\/\/laredsocial-noticias.com\/wp\/#\/schema\/person\/0ce78643f2de7aae6f6ef10e8453a6e0"},"breadcrumb":{"@id":"https:\/\/laredsocial-noticias.com\/wp\/cdmx-celebra-los-35-anos-de-xin-xin-la-unica-panda-gigante-de-latinoamerica\/#breadcrumb"},"inLanguage":"es","potentialAction":[{"@type":"ReadAction","target":["https:\/\/laredsocial-noticias.com\/wp\/cdmx-celebra-los-35-anos-de-xin-xin-la-unica-panda-gigante-de-latinoamerica\/"]}]},{"@type":"ImageObject","inLanguage":"es","@id":"https:\/\/laredsocial-noticias.com\/wp\/cdmx-celebra-los-35-anos-de-xin-xin-la-unica-panda-gigante-de-latinoamerica\/#primaryimage","url":"https:\/\/laredsocial-noticias.com\/wp\/wp-content\/uploads\/2025\/06\/whatsapp_image_2025-06-29_at_4.32.25_pm.png","contentUrl":"https:\/\/laredsocial-noticias.com\/wp\/wp-content\/uploads\/2025\/06\/whatsapp_image_2025-06-29_at_4.32.25_pm.png","width":770,"height":433},{"@type":"BreadcrumbList","@id":"https:\/\/laredsocial-noticias.com\/wp\/cdmx-celebra-los-35-anos-de-xin-xin-la-unica-panda-gigante-de-latinoamerica\/#breadcrumb","itemListElement":[{"@type":"ListItem","position":1,"name":"Portada","item":"https:\/\/laredsocial-noticias.com\/wp\/"},{"@type":"ListItem","position":2,"name":"CDMX celebra los 35 a\u00f1os de Xin Xin, la \u00fanica panda gigante de Latinoam\u00e9rica"}]},{"@type":"WebSite","@id":"https:\/\/laredsocial-noticias.com\/wp\/#website","url":"https:\/\/laredsocial-noticias.com\/wp\/","name":"NOTICIAS","description":"Lo que se ve y se dice en las redes sociales","potentialAction":[{"@type":"SearchAction","target":{"@type":"EntryPoint","urlTemplate":"https:\/\/laredsocial-noticias.com\/wp\/?s={search_term_string}"},"query-input":{"@type":"PropertyValueSpecification","valueRequired":true,"valueName":"search_term_string"}}],"inLanguage":"es"},{"@type":"Person","@id":"https:\/\/laredsocial-noticias.com\/wp\/#\/schema\/person\/0ce78643f2de7aae6f6ef10e8453a6e0","name":"Editor en Jefe","url":"https:\/\/laredsocial-noticias.com\/wp\/author\/jorgeochoa\/"}]}},"_links":{"self":[{"href":"https:\/\/laredsocial-noticias.com\/wp\/wp-json\/wp\/v2\/posts\/250886","targetHints":{"allow":["GET"]}}],"collection":[{"href":"https:\/\/laredsocial-noticias.com\/wp\/wp-json\/wp\/v2\/posts"}],"about":[{"href":"https:\/\/laredsocial-noticias.com\/wp\/wp-json\/wp\/v2\/types\/post"}],"author":[{"embeddable":true,"href":"https:\/\/laredsocial-noticias.com\/wp\/wp-json\/wp\/v2\/users\/1"}],"replies":[{"embeddable":true,"href":"https:\/\/laredsocial-noticias.com\/wp\/wp-json\/wp\/v2\/comments?post=250886"}],"version-history":[{"count":1,"href":"https:\/\/laredsocial-noticias.com\/wp\/wp-json\/wp\/v2\/posts\/250886\/revisions"}],"predecessor-version":[{"id":250887,"href":"https:\/\/laredsocial-noticias.com\/wp\/wp-json\/wp\/v2\/posts\/250886\/revisions\/250887"}],"wp:featuredmedia":[{"embeddable":true,"href":"https:\/\/laredsocial-noticias.com\/wp\/wp-json\/wp\/v2\/media\/250888"}],"wp:attachment":[{"href":"https:\/\/laredsocial-noticias.com\/wp\/wp-json\/wp\/v2\/media?parent=250886"}],"wp:term":[{"taxonomy":"category","embeddable":true,"href":"https:\/\/laredsocial-noticias.com\/wp\/wp-json\/wp\/v2\/categories?post=250886"},{"taxonomy":"post_tag","embeddable":true,"href":"https:\/\/laredsocial-noticias.com\/wp\/wp-json\/wp\/v2\/tags?post=250886"}],"curies":[{"name":"wp","href":"https:\/\/api.w.org\/{rel}","templated":true}]}}