{"id":251195,"date":"2025-07-03T18:29:10","date_gmt":"2025-07-04T00:29:10","guid":{"rendered":"https:\/\/laredsocial-noticias.com\/wp\/?p=251195"},"modified":"2025-07-03T18:30:37","modified_gmt":"2025-07-04T00:30:37","slug":"reconocimiento-institucional-de-cooperativas-no-debe-ser-simbolico","status":"publish","type":"post","link":"https:\/\/laredsocial-noticias.com\/wp\/reconocimiento-institucional-de-cooperativas-no-debe-ser-simbolico\/","title":{"rendered":"Reconocimiento institucional de Cooperativas no debe ser simb\u00f3lico"},"content":{"rendered":"<div class=\"wp-block-image\">\n<figure class=\"aligncenter size-large is-resized\"><img loading=\"lazy\" decoding=\"async\" width=\"1024\" height=\"768\" src=\"https:\/\/laredsocial-noticias.com\/wp\/wp-content\/uploads\/2025\/07\/COOPERATIVAS-1024x768.jpg\" alt=\"\" class=\"wp-image-251199\" style=\"width:497px;height:auto\" srcset=\"https:\/\/laredsocial-noticias.com\/wp\/wp-content\/uploads\/2025\/07\/COOPERATIVAS-1024x768.jpg 1024w, https:\/\/laredsocial-noticias.com\/wp\/wp-content\/uploads\/2025\/07\/COOPERATIVAS-300x225.jpg 300w, https:\/\/laredsocial-noticias.com\/wp\/wp-content\/uploads\/2025\/07\/COOPERATIVAS-768x576.jpg 768w, https:\/\/laredsocial-noticias.com\/wp\/wp-content\/uploads\/2025\/07\/COOPERATIVAS-1536x1152.jpg 1536w, https:\/\/laredsocial-noticias.com\/wp\/wp-content\/uploads\/2025\/07\/COOPERATIVAS.jpg 2048w\" sizes=\"auto, (max-width: 1024px) 100vw, 1024px\" \/><\/figure>\n<\/div>\n\n\n<p><strong>Son motores de desarrollo econ\u00f3mico<\/strong>, dem<strong>ocratizadores del financiamiento y permiten capitalizar proyectos productivos. Adem\u00e1s, <\/strong>a<strong>mortiguan los desequilibrios econ\u00f3micos y favorece la participaci\u00f3n ciudadana.<\/strong><\/p>\n\n\n\n<ul class=\"wp-block-list\">\n<li><strong>Diputado Pablo Trejo P\u00e9rez impulsa su fortalecimiento en Iztacalco. Insiste en que el ya que, por ley las autoridades tienen la obligaci\u00f3n de fomentar su creaci\u00f3n y fortalecimiento.<\/strong><\/li>\n<\/ul>\n\n\n<div class=\"wp-block-image\">\n<figure class=\"alignright size-full is-resized\"><img loading=\"lazy\" decoding=\"async\" width=\"1024\" height=\"869\" src=\"https:\/\/laredsocial-noticias.com\/wp\/wp-content\/uploads\/2025\/07\/PABLO.EMPLEO-VERDE.jpg\" alt=\"\" class=\"wp-image-251200\" style=\"width:343px;height:auto\" srcset=\"https:\/\/laredsocial-noticias.com\/wp\/wp-content\/uploads\/2025\/07\/PABLO.EMPLEO-VERDE.jpg 1024w, https:\/\/laredsocial-noticias.com\/wp\/wp-content\/uploads\/2025\/07\/PABLO.EMPLEO-VERDE-300x255.jpg 300w, https:\/\/laredsocial-noticias.com\/wp\/wp-content\/uploads\/2025\/07\/PABLO.EMPLEO-VERDE-768x652.jpg 768w\" sizes=\"auto, (max-width: 1024px) 100vw, 1024px\" \/><\/figure>\n<\/div>\n\n\n<p><\/p>\n\n\n\n<p><strong>Por Guillermo Pimentel Balderas<\/strong><\/p>\n\n\n\n<p>Para el diputado Pablo Trejo P\u00e9rez, Vicecoordinador del Grupo Parlamentario del PRD en el Congreso de la ciudad de M\u00e9xico, la importancia de las sociedades cooperativas reside en su utilidad para amortiguar los desequilibrios y la concentraci\u00f3n que normalmente se da en las econom\u00edas.<\/p>\n\n\n\n<p>\u201cLas cooperativas permiten financiar proyectos productivos que, de forma individual, en el sector lucrativo ser\u00eda imposible realizar o bien, allegar recursos a personas que, de otra forma, no podr\u00edan acceder a financiamiento\u201d, acent\u00faa el legislador por medio de una proposici\u00f3n con punto de acuerdo que presenta ante la Comisi\u00f3n Permanente del Congreso de la Ciudad de M\u00e9xico\u201d.<\/p>\n\n\n<div class=\"wp-block-image\">\n<figure class=\"aligncenter size-large is-resized\"><img loading=\"lazy\" decoding=\"async\" width=\"1024\" height=\"699\" src=\"https:\/\/laredsocial-noticias.com\/wp\/wp-content\/uploads\/2025\/07\/COOPERATIVAS-MANOS-1024x699.jpg\" alt=\"\" class=\"wp-image-251204\" style=\"width:686px;height:auto\" srcset=\"https:\/\/laredsocial-noticias.com\/wp\/wp-content\/uploads\/2025\/07\/COOPERATIVAS-MANOS-1024x699.jpg 1024w, https:\/\/laredsocial-noticias.com\/wp\/wp-content\/uploads\/2025\/07\/COOPERATIVAS-MANOS-300x205.jpg 300w, https:\/\/laredsocial-noticias.com\/wp\/wp-content\/uploads\/2025\/07\/COOPERATIVAS-MANOS-768x524.jpg 768w, https:\/\/laredsocial-noticias.com\/wp\/wp-content\/uploads\/2025\/07\/COOPERATIVAS-MANOS-1536x1048.jpg 1536w, https:\/\/laredsocial-noticias.com\/wp\/wp-content\/uploads\/2025\/07\/COOPERATIVAS-MANOS.jpg 1920w\" sizes=\"auto, (max-width: 1024px) 100vw, 1024px\" \/><\/figure>\n<\/div>\n\n\n<p>Exhorta a la Secretar\u00eda de Trabajo y Fomento al Empleo de la Ciudad de M\u00e9xico para que, en coordinaci\u00f3n con la Alcald\u00eda Iztacalco, fortalezca el apoyo y la promoci\u00f3n de las sociedades cooperativas en esa demarcaci\u00f3n.<\/p>\n\n\n\n<p>En el documento, Trejo P\u00e9rez subraya la importancia de reconocer y fomentar este modelo de organizaci\u00f3n social que, m\u00e1s all\u00e1 de su dimensi\u00f3n econ\u00f3mica, representa una herramienta para generar bienestar comunitario, empleos estables y cadenas de valor con impacto local.<\/p>\n\n\n\n<p>En una breve charla con este reportero, el diputado por el Distrito 15 en Iztacalco, refiere que, como lo destaca en su propuesta, en el plano local, la Constituci\u00f3n de la Ciudad de M\u00e9xico reconoce a las cooperativas como motores del desarrollo econ\u00f3mico y establece, en su art\u00edculo 10, la obligaci\u00f3n de las autoridades de fomentar su creaci\u00f3n y fortalecimiento.<\/p>\n\n\n\n<p>\u201cEn el punto de acuerdo \u2013menciona-, hago referencia al estudio \u201cRadiograf\u00eda Chilanga 2024\u201d del Instituto Mexicano para la Competitividad (IMCO), donde Iztacalco aparece con una competitividad media-baja en rubros como innovaci\u00f3n y econom\u00eda\u201d. Por ello, destaca la importancia que se le ha dado a este modelo econ\u00f3mico en nuestra ciudad pues las cooperativas generan una forma solidaria y diferente de hacer econom\u00eda, enfocada en la transformaci\u00f3n social.<\/p>\n\n\n\n<p>El legislador capitalino apunta que en 2020 se contabilizaron m\u00e1s de 18,000 cooperativas en el pa\u00eds, con m\u00e1s de ocho millones de socios, destacando organizaciones como la Caja Popular Mexicana, la Cooperativa Pascual y la Cooperativa Cruz Azul.<\/p>\n\n\n\n<p>\u201cSe estima que en M\u00e9xico existen m\u00e1s de 5 mil sociedades cooperativas de producci\u00f3n y consumo. Del universo de sociedades cooperativas en el pa\u00eds, m\u00e1s de 54% se dedican a la actividad primaria, principalmente pesqueras, mientras que el sector de servicios concentra 30% y las actividades de transformaci\u00f3n s\u00f3lo 15%\u201d.<\/p>\n\n\n\n<p>Y, en el caso de las cooperativas de ahorro y pr\u00e9stamo, registra que, su desarrollo en el pa\u00eds ha sido m\u00e1s s\u00f3lido. \u201cEl Consejo Mundial de Cooperativas de Ahorro y Cr\u00e9dito identific\u00f3 en 2020, un total de 5.1 millones de mexicanos asociados a cooperativas financieras\u201d.<\/p>\n\n\n\n<p>El diputado Pablo Trejo P\u00e9rez, en el marco del pr\u00f3ximo D\u00eda Internacional de las Cooperativas \u2013se celebra el primer domingo de julio de cada a\u00f1o\u2013, reflexiona, en que, \u201ces importante no s\u00f3lo reconocer la relevancia y trascendencia de estas sociedades, sino tambi\u00e9n, promover el fortalecimiento e impulso de las acciones relativas al fomento cooperativo en la Ciudad de M\u00e9xico y, especialmente, en Iztacalco, debido a que las sociedades cooperativas representan una v\u00eda para el desarrollo econ\u00f3mico que, por su esencia intr\u00ednseca, promueve la participaci\u00f3n, el sentido de comunidad y la generaci\u00f3n de empleos, lo que a su vez constituye \u00e1reas de oportunidad para la competitividad y el crecimiento econ\u00f3mico en la demarcaci\u00f3n\u201d, puntualiza.<\/p>\n\n\n\n<p>Por \u00faltimo, Trejo P\u00e9rez espera que su proposici\u00f3n, turnada a las comisiones de Trabajo y Previsi\u00f3n Social y de Alcald\u00edas y L\u00edmites Territoriales para su an\u00e1lisis, sea aprobada.<\/p>\n\n\n\n<p>M\u00e9xico tiene una larga tradici\u00f3n en el cooperativismo. Desde el siglo XIX, con la fundaci\u00f3n del C\u00edrculo Obrero y la inclusi\u00f3n de la figura cooperativa en el C\u00f3digo de Comercio, hasta la actual Ley General de Sociedades Cooperativas, este modelo ha sido una herramienta clave del derecho social.<\/p>\n\n\n\n<p>Por otra parte, cabe anexar que de acuerdo a informaci\u00f3n oficial, de la secretaria de Trabajo y Fomento al Empleo de la Ciudad de M\u00e9xico, \u00e9sta define a las cooperativas como \u201cuna asociaci\u00f3n&nbsp; aut\u00f3noma de personas y entre las actividades que realizan son: producci\u00f3n, distribuci\u00f3n y bienes y servicios. Est\u00e1n unidas voluntariamente para satisfacer necesidades econ\u00f3micas, sociales y culturales\u201d.<\/p>\n\n\n\n<p>Precisa que hay varios tipos de cooperativas como: consumidores de bienes y servicio: sociedad, art\u00edculos y venta y distribuci\u00f3n. Productores de bienes y servicios: sociedad, articul\u00e1is y comercializar. Y, ahorro y pr\u00e9stamo.<\/p>\n\n\n\n<p>En informaci\u00f3n denominada: \u201cEjes pol\u00edticos del cat\u00e1logo electr\u00f3nico para las sociedades cooperativas de la Ciudad de M\u00e9xico\u201d, la Secretar\u00eda de Trabajo y Fomento al Empleo CDMX, informa que el Cat\u00e1logo de Cooperativas de la Ciudad de M\u00e9xico, se implementa como una plataforma que permita la promoci\u00f3n de los productos de las cooperativas de esta Ciudad.<\/p>\n\n\n\n<p>El presente cat\u00e1logo, detalla la dependencia, busca dar a conocer y acercar los productos de las cooperativas locales a la ciudadan\u00eda capitalina, como una estrategia mediante la cual los productos de las cooperativas sean adquiridos con mayor frecuencia y accesibilidad, lo que permitir\u00e1 a largo plazo coadyuvar en el desarrollo de las cooperativas de la Ciudad de M\u00e9xico\u201d.<\/p>\n\n\n\n<p>Adem\u00e1s, establece: \u201ces una iniciativa que suma esfuerzos y promueve el desarrollo de la Econom\u00eda Solidaria y el consumo local, ben\u00e9ficos para el desarrollo de la calidad de vida de la comunidad, el ambiente y la econom\u00eda local\u201d.<\/p>\n\n\n\n<p>Ante estas consideraciones, cabe asentar lo que el diputado Pablo Trejo P\u00e9rez registra en su propuesta, en el plano local: \u201cla Constituci\u00f3n de la Ciudad de M\u00e9xico reconoce a las cooperativas como motores del desarrollo econ\u00f3mico y establece, en su art\u00edculo 10, la obligaci\u00f3n de las autoridades de fomentar su creaci\u00f3n y fortalecimiento\u201d.<\/p>\n\n\n\n<p>Insiste en que el reconocimiento institucional no debe ser simb\u00f3lico, sino que debe traducirse en acciones concretas.<\/p>\n","protected":false},"excerpt":{"rendered":"<p>Son motores de desarrollo econ\u00f3mico, democratizadores del financiamiento y permiten capitalizar proyectos productivos. Adem\u00e1s, amortiguan los desequilibrios econ\u00f3micos y favorece&#8230;<\/p>\n","protected":false},"author":10,"featured_media":0,"comment_status":"closed","ping_status":"closed","sticky":false,"template":"","format":"standard","meta":{"footnotes":""},"categories":[10900,9343,33],"tags":[],"class_list":["post-251195","post","type-post","status-publish","format-standard","hentry","category-congreso-cdmx","category-noticias","category-prd"],"yoast_head":"<!-- This site is optimized with the Yoast SEO plugin v26.5 - https:\/\/yoast.com\/wordpress\/plugins\/seo\/ -->\n<title>Reconocimiento institucional de Cooperativas no debe ser simb\u00f3lico - NOTICIAS<\/title>\n<meta name=\"robots\" content=\"index, follow, max-snippet:-1, max-image-preview:large, max-video-preview:-1\" \/>\n<link rel=\"canonical\" href=\"https:\/\/laredsocial-noticias.com\/wp\/reconocimiento-institucional-de-cooperativas-no-debe-ser-simbolico\/\" \/>\n<meta property=\"og:locale\" content=\"es_ES\" \/>\n<meta property=\"og:type\" content=\"article\" \/>\n<meta property=\"og:title\" content=\"Reconocimiento institucional de Cooperativas no debe ser simb\u00f3lico - NOTICIAS\" \/>\n<meta property=\"og:description\" content=\"Son motores de desarrollo econ\u00f3mico, democratizadores del financiamiento y permiten capitalizar proyectos productivos. Adem\u00e1s, amortiguan los desequilibrios econ\u00f3micos y favorece...\" \/>\n<meta property=\"og:url\" content=\"https:\/\/laredsocial-noticias.com\/wp\/reconocimiento-institucional-de-cooperativas-no-debe-ser-simbolico\/\" \/>\n<meta property=\"og:site_name\" content=\"NOTICIAS\" \/>\n<meta property=\"article:published_time\" content=\"2025-07-04T00:29:10+00:00\" \/>\n<meta property=\"article:modified_time\" content=\"2025-07-04T00:30:37+00:00\" \/>\n<meta property=\"og:image\" content=\"https:\/\/laredsocial-noticias.com\/wp\/wp-content\/uploads\/2025\/07\/COOPERATIVAS.jpg\" \/>\n\t<meta property=\"og:image:width\" content=\"2048\" \/>\n\t<meta property=\"og:image:height\" content=\"1536\" \/>\n\t<meta property=\"og:image:type\" content=\"image\/jpeg\" \/>\n<meta name=\"author\" content=\"Guillermo Pimentel\" \/>\n<meta name=\"twitter:card\" content=\"summary_large_image\" \/>\n<meta name=\"twitter:label1\" content=\"Escrito por\" \/>\n\t<meta name=\"twitter:data1\" content=\"Guillermo Pimentel\" \/>\n\t<meta name=\"twitter:label2\" content=\"Tiempo de lectura\" \/>\n\t<meta name=\"twitter:data2\" content=\"6 minutos\" \/>\n<!-- \/ Yoast SEO plugin. -->","yoast_head_json":{"title":"Reconocimiento institucional de Cooperativas no debe ser simb\u00f3lico - NOTICIAS","robots":{"index":"index","follow":"follow","max-snippet":"max-snippet:-1","max-image-preview":"max-image-preview:large","max-video-preview":"max-video-preview:-1"},"canonical":"https:\/\/laredsocial-noticias.com\/wp\/reconocimiento-institucional-de-cooperativas-no-debe-ser-simbolico\/","og_locale":"es_ES","og_type":"article","og_title":"Reconocimiento institucional de Cooperativas no debe ser simb\u00f3lico - NOTICIAS","og_description":"Son motores de desarrollo econ\u00f3mico, democratizadores del financiamiento y permiten capitalizar proyectos productivos. Adem\u00e1s, amortiguan los desequilibrios econ\u00f3micos y favorece...","og_url":"https:\/\/laredsocial-noticias.com\/wp\/reconocimiento-institucional-de-cooperativas-no-debe-ser-simbolico\/","og_site_name":"NOTICIAS","article_published_time":"2025-07-04T00:29:10+00:00","article_modified_time":"2025-07-04T00:30:37+00:00","og_image":[{"width":2048,"height":1536,"url":"https:\/\/laredsocial-noticias.com\/wp\/wp-content\/uploads\/2025\/07\/COOPERATIVAS.jpg","type":"image\/jpeg"}],"author":"Guillermo Pimentel","twitter_card":"summary_large_image","twitter_misc":{"Escrito por":"Guillermo Pimentel","Tiempo de lectura":"6 minutos"},"schema":{"@context":"https:\/\/schema.org","@graph":[{"@type":"WebPage","@id":"https:\/\/laredsocial-noticias.com\/wp\/reconocimiento-institucional-de-cooperativas-no-debe-ser-simbolico\/","url":"https:\/\/laredsocial-noticias.com\/wp\/reconocimiento-institucional-de-cooperativas-no-debe-ser-simbolico\/","name":"Reconocimiento institucional de Cooperativas no debe ser simb\u00f3lico - NOTICIAS","isPartOf":{"@id":"https:\/\/laredsocial-noticias.com\/wp\/#website"},"primaryImageOfPage":{"@id":"https:\/\/laredsocial-noticias.com\/wp\/reconocimiento-institucional-de-cooperativas-no-debe-ser-simbolico\/#primaryimage"},"image":{"@id":"https:\/\/laredsocial-noticias.com\/wp\/reconocimiento-institucional-de-cooperativas-no-debe-ser-simbolico\/#primaryimage"},"thumbnailUrl":"https:\/\/laredsocial-noticias.com\/wp\/wp-content\/uploads\/2025\/07\/COOPERATIVAS-1024x768.jpg","datePublished":"2025-07-04T00:29:10+00:00","dateModified":"2025-07-04T00:30:37+00:00","author":{"@id":"https:\/\/laredsocial-noticias.com\/wp\/#\/schema\/person\/9c09eb8c35c46dac6d30e2baff4b64d6"},"breadcrumb":{"@id":"https:\/\/laredsocial-noticias.com\/wp\/reconocimiento-institucional-de-cooperativas-no-debe-ser-simbolico\/#breadcrumb"},"inLanguage":"es","potentialAction":[{"@type":"ReadAction","target":["https:\/\/laredsocial-noticias.com\/wp\/reconocimiento-institucional-de-cooperativas-no-debe-ser-simbolico\/"]}]},{"@type":"ImageObject","inLanguage":"es","@id":"https:\/\/laredsocial-noticias.com\/wp\/reconocimiento-institucional-de-cooperativas-no-debe-ser-simbolico\/#primaryimage","url":"https:\/\/laredsocial-noticias.com\/wp\/wp-content\/uploads\/2025\/07\/COOPERATIVAS.jpg","contentUrl":"https:\/\/laredsocial-noticias.com\/wp\/wp-content\/uploads\/2025\/07\/COOPERATIVAS.jpg","width":2048,"height":1536},{"@type":"BreadcrumbList","@id":"https:\/\/laredsocial-noticias.com\/wp\/reconocimiento-institucional-de-cooperativas-no-debe-ser-simbolico\/#breadcrumb","itemListElement":[{"@type":"ListItem","position":1,"name":"Portada","item":"https:\/\/laredsocial-noticias.com\/wp\/"},{"@type":"ListItem","position":2,"name":"Reconocimiento institucional de Cooperativas no debe ser simb\u00f3lico"}]},{"@type":"WebSite","@id":"https:\/\/laredsocial-noticias.com\/wp\/#website","url":"https:\/\/laredsocial-noticias.com\/wp\/","name":"NOTICIAS","description":"Lo que se ve y se dice en las redes sociales","potentialAction":[{"@type":"SearchAction","target":{"@type":"EntryPoint","urlTemplate":"https:\/\/laredsocial-noticias.com\/wp\/?s={search_term_string}"},"query-input":{"@type":"PropertyValueSpecification","valueRequired":true,"valueName":"search_term_string"}}],"inLanguage":"es"},{"@type":"Person","@id":"https:\/\/laredsocial-noticias.com\/wp\/#\/schema\/person\/9c09eb8c35c46dac6d30e2baff4b64d6","name":"Guillermo Pimentel","url":"https:\/\/laredsocial-noticias.com\/wp\/author\/guillermo\/"}]}},"_links":{"self":[{"href":"https:\/\/laredsocial-noticias.com\/wp\/wp-json\/wp\/v2\/posts\/251195","targetHints":{"allow":["GET"]}}],"collection":[{"href":"https:\/\/laredsocial-noticias.com\/wp\/wp-json\/wp\/v2\/posts"}],"about":[{"href":"https:\/\/laredsocial-noticias.com\/wp\/wp-json\/wp\/v2\/types\/post"}],"author":[{"embeddable":true,"href":"https:\/\/laredsocial-noticias.com\/wp\/wp-json\/wp\/v2\/users\/10"}],"replies":[{"embeddable":true,"href":"https:\/\/laredsocial-noticias.com\/wp\/wp-json\/wp\/v2\/comments?post=251195"}],"version-history":[{"count":2,"href":"https:\/\/laredsocial-noticias.com\/wp\/wp-json\/wp\/v2\/posts\/251195\/revisions"}],"predecessor-version":[{"id":251206,"href":"https:\/\/laredsocial-noticias.com\/wp\/wp-json\/wp\/v2\/posts\/251195\/revisions\/251206"}],"wp:attachment":[{"href":"https:\/\/laredsocial-noticias.com\/wp\/wp-json\/wp\/v2\/media?parent=251195"}],"wp:term":[{"taxonomy":"category","embeddable":true,"href":"https:\/\/laredsocial-noticias.com\/wp\/wp-json\/wp\/v2\/categories?post=251195"},{"taxonomy":"post_tag","embeddable":true,"href":"https:\/\/laredsocial-noticias.com\/wp\/wp-json\/wp\/v2\/tags?post=251195"}],"curies":[{"name":"wp","href":"https:\/\/api.w.org\/{rel}","templated":true}]}}