{"id":251372,"date":"2025-07-07T00:23:51","date_gmt":"2025-07-07T06:23:51","guid":{"rendered":"https:\/\/laredsocial-noticias.com\/wp\/?p=251372"},"modified":"2025-07-07T00:24:03","modified_gmt":"2025-07-07T06:24:03","slug":"gobierno-de-calidad-ya-esta-aqui-la-ia-multimodal","status":"publish","type":"post","link":"https:\/\/laredsocial-noticias.com\/wp\/gobierno-de-calidad-ya-esta-aqui-la-ia-multimodal\/","title":{"rendered":"GOBIERNO DE CALIDAD\/ \u00a1Ya est\u00e1 aqu\u00ed la IA multimodal!"},"content":{"rendered":"<p><strong>Por Jorge Manrique, Rector del Colegio Jurista y director general de Gobierno de Calidda, consultor\u00eda de pol\u00edticas p\u00fablicas.<\/strong><\/p>\n<p>La inteligencia artificial multimodal es como una mente digital que puede entender y combinar diferentes tipos de informaci\u00f3n al mismo tiempo, como texto, im\u00e1genes, audio y video, para ofrecer respuestas m\u00e1s completas y contextuales.<\/p>\n<p>Esto genera una gran revoluci\u00f3n en muchos campos. Por ejemplo, la hiperpersonalizaci\u00f3n.<\/p>\n<p>Los avances en Inteligencia Artificial multimodal y memoria extendida, como se le llama a la capacidad de la IA para recordar interacciones pasadas de los usuarios, transforman la conexi\u00f3n de las empresas con los clientes y permiten la hiperpersonalizaci\u00f3n.<\/p>\n<p>La capacidad de los modelos de IA multimodal para interpretar diversos tipos de datos, junto con la capacidad de la IA para recordar detalles contextuales, permite a las empresas crear experiencias altamente relevantes y personalizadas.<\/p>\n<p>La IA que puede procesar texto, im\u00e1genes, voz y v\u00eddeo, adem\u00e1s de recordar las preferencias de los clientes a lo largo de meses o a\u00f1os, facilita la personalizaci\u00f3n profunda que los clientes esperan cada vez m\u00e1s, seg\u00fan la empresa de comunicaci\u00f3n global PYMNTS.<\/p>\n<p>Por otra parte, el uso de IA, incluida la IA multimodal, cambia los modelos de precios de los centros de llamadas y los servicios de mensajer\u00eda empresarial, seg\u00fan informa The Economic Times .<\/p>\n<p>Las empresas prueban campa\u00f1as multicanal impulsadas por IA que, si bien pueden suponer un mayor coste inicial para la comunicaci\u00f3n con los consumidores, aumentan la eficiencia, automatizaci\u00f3n e interacci\u00f3n con el cliente.<\/p>\n<p>Una de estas campa\u00f1as ofrec\u00eda cupones a los clientes que sub\u00edan fotos de sus electrodom\u00e9sticos averiados a trav\u00e9s de una aplicaci\u00f3n de mensajer\u00eda. La campa\u00f1a registr\u00f3 altas tasas de canje que compensaron el coste del reconocimiento de im\u00e1genes mediante IA multimodal.<\/p>\n<p>Por otra parte, el campo de la IA multimodal evoluciona r\u00e1pidamente: casi todos los d\u00edas surgen nuevos modelos y casos de uso innovadores que est\u00e1n cambiando lo que es posible con la IA.<\/p>\n<p>Al igual que los humanos usamos nuestros sentidos para percibir la realidad, los modelos de IA multimodales pueden combinar diferentes tipos de contenido (como audio, video y texto) para comprender mejor los datos que analizan y el mundo en general.<\/p>\n<p>Las organizaciones pueden usar modelos de IA multimodal para procesar y combinar informaci\u00f3n multisensorial y brindar experiencias m\u00e1s personalizadas en los sectores minorista, sanitario y de entretenimiento.<\/p>\n<p>Asimismo, los modelos multimodales tambi\u00e9n facilitan el acceso e implementaci\u00f3n de la IA en el trabajo a empleados sin conocimientos t\u00e9cnicos.<\/p>\n<p>La IA multimodal se enfrenta a los mismos riesgos y limitaciones, como el sesgo y las preocupaciones sobre la privacidad de los datos, que otras aplicaciones de IA de \u00faltima generaci\u00f3n.<\/p>\n<p>Para mitigar estos riesgos, las empresas pueden mantener a un humano al tanto de las tareas m\u00e1s delicadas. Conviene desarrollar un plan para implementar la IA de forma r\u00e1pida y segura.<\/p>\n","protected":false},"excerpt":{"rendered":"<p>Por Jorge Manrique, Rector del Colegio Jurista y director general de Gobierno de Calidda, consultor\u00eda de pol\u00edticas p\u00fablicas. La inteligencia&#8230;<\/p>\n","protected":false},"author":1,"featured_media":0,"comment_status":"open","ping_status":"closed","sticky":false,"template":"","format":"standard","meta":{"footnotes":""},"categories":[2811],"tags":[5207,11417,4959,11654,11619,77],"class_list":["post-251372","post","type-post","status-publish","format-standard","hentry","category-economia","tag-ceo","tag-colegio-jurista","tag-featured","tag-gobierno-de-calidad","tag-jorge-manrique","tag-principal"],"yoast_head":"<!-- This site is optimized with the Yoast SEO plugin v26.5 - https:\/\/yoast.com\/wordpress\/plugins\/seo\/ -->\n<title>GOBIERNO DE CALIDAD\/ \u00a1Ya est\u00e1 aqu\u00ed la IA multimodal! - NOTICIAS<\/title>\n<meta name=\"robots\" content=\"index, follow, max-snippet:-1, max-image-preview:large, max-video-preview:-1\" \/>\n<link rel=\"canonical\" href=\"https:\/\/laredsocial-noticias.com\/wp\/gobierno-de-calidad-ya-esta-aqui-la-ia-multimodal\/\" \/>\n<meta property=\"og:locale\" content=\"es_ES\" \/>\n<meta property=\"og:type\" content=\"article\" \/>\n<meta property=\"og:title\" content=\"GOBIERNO DE CALIDAD\/ \u00a1Ya est\u00e1 aqu\u00ed la IA multimodal! - NOTICIAS\" \/>\n<meta property=\"og:description\" content=\"Por Jorge Manrique, Rector del Colegio Jurista y director general de Gobierno de Calidda, consultor\u00eda de pol\u00edticas p\u00fablicas. La inteligencia...\" \/>\n<meta property=\"og:url\" content=\"https:\/\/laredsocial-noticias.com\/wp\/gobierno-de-calidad-ya-esta-aqui-la-ia-multimodal\/\" \/>\n<meta property=\"og:site_name\" content=\"NOTICIAS\" \/>\n<meta property=\"article:published_time\" content=\"2025-07-07T06:23:51+00:00\" \/>\n<meta property=\"article:modified_time\" content=\"2025-07-07T06:24:03+00:00\" \/>\n<meta name=\"author\" content=\"Editor en Jefe\" \/>\n<meta name=\"twitter:card\" content=\"summary_large_image\" \/>\n<meta name=\"twitter:label1\" content=\"Escrito por\" \/>\n\t<meta name=\"twitter:data1\" content=\"Editor en Jefe\" \/>\n\t<meta name=\"twitter:label2\" content=\"Tiempo de lectura\" \/>\n\t<meta name=\"twitter:data2\" content=\"3 minutos\" \/>\n<!-- \/ Yoast SEO plugin. -->","yoast_head_json":{"title":"GOBIERNO DE CALIDAD\/ \u00a1Ya est\u00e1 aqu\u00ed la IA multimodal! - NOTICIAS","robots":{"index":"index","follow":"follow","max-snippet":"max-snippet:-1","max-image-preview":"max-image-preview:large","max-video-preview":"max-video-preview:-1"},"canonical":"https:\/\/laredsocial-noticias.com\/wp\/gobierno-de-calidad-ya-esta-aqui-la-ia-multimodal\/","og_locale":"es_ES","og_type":"article","og_title":"GOBIERNO DE CALIDAD\/ \u00a1Ya est\u00e1 aqu\u00ed la IA multimodal! - NOTICIAS","og_description":"Por Jorge Manrique, Rector del Colegio Jurista y director general de Gobierno de Calidda, consultor\u00eda de pol\u00edticas p\u00fablicas. La inteligencia...","og_url":"https:\/\/laredsocial-noticias.com\/wp\/gobierno-de-calidad-ya-esta-aqui-la-ia-multimodal\/","og_site_name":"NOTICIAS","article_published_time":"2025-07-07T06:23:51+00:00","article_modified_time":"2025-07-07T06:24:03+00:00","author":"Editor en Jefe","twitter_card":"summary_large_image","twitter_misc":{"Escrito por":"Editor en Jefe","Tiempo de lectura":"3 minutos"},"schema":{"@context":"https:\/\/schema.org","@graph":[{"@type":"WebPage","@id":"https:\/\/laredsocial-noticias.com\/wp\/gobierno-de-calidad-ya-esta-aqui-la-ia-multimodal\/","url":"https:\/\/laredsocial-noticias.com\/wp\/gobierno-de-calidad-ya-esta-aqui-la-ia-multimodal\/","name":"GOBIERNO DE CALIDAD\/ \u00a1Ya est\u00e1 aqu\u00ed la IA multimodal! - NOTICIAS","isPartOf":{"@id":"https:\/\/laredsocial-noticias.com\/wp\/#website"},"datePublished":"2025-07-07T06:23:51+00:00","dateModified":"2025-07-07T06:24:03+00:00","author":{"@id":"https:\/\/laredsocial-noticias.com\/wp\/#\/schema\/person\/0ce78643f2de7aae6f6ef10e8453a6e0"},"breadcrumb":{"@id":"https:\/\/laredsocial-noticias.com\/wp\/gobierno-de-calidad-ya-esta-aqui-la-ia-multimodal\/#breadcrumb"},"inLanguage":"es","potentialAction":[{"@type":"ReadAction","target":["https:\/\/laredsocial-noticias.com\/wp\/gobierno-de-calidad-ya-esta-aqui-la-ia-multimodal\/"]}]},{"@type":"BreadcrumbList","@id":"https:\/\/laredsocial-noticias.com\/wp\/gobierno-de-calidad-ya-esta-aqui-la-ia-multimodal\/#breadcrumb","itemListElement":[{"@type":"ListItem","position":1,"name":"Portada","item":"https:\/\/laredsocial-noticias.com\/wp\/"},{"@type":"ListItem","position":2,"name":"GOBIERNO DE CALIDAD\/ \u00a1Ya est\u00e1 aqu\u00ed la IA multimodal!"}]},{"@type":"WebSite","@id":"https:\/\/laredsocial-noticias.com\/wp\/#website","url":"https:\/\/laredsocial-noticias.com\/wp\/","name":"NOTICIAS","description":"Lo que se ve y se dice en las redes sociales","potentialAction":[{"@type":"SearchAction","target":{"@type":"EntryPoint","urlTemplate":"https:\/\/laredsocial-noticias.com\/wp\/?s={search_term_string}"},"query-input":{"@type":"PropertyValueSpecification","valueRequired":true,"valueName":"search_term_string"}}],"inLanguage":"es"},{"@type":"Person","@id":"https:\/\/laredsocial-noticias.com\/wp\/#\/schema\/person\/0ce78643f2de7aae6f6ef10e8453a6e0","name":"Editor en Jefe","url":"https:\/\/laredsocial-noticias.com\/wp\/author\/jorgeochoa\/"}]}},"_links":{"self":[{"href":"https:\/\/laredsocial-noticias.com\/wp\/wp-json\/wp\/v2\/posts\/251372","targetHints":{"allow":["GET"]}}],"collection":[{"href":"https:\/\/laredsocial-noticias.com\/wp\/wp-json\/wp\/v2\/posts"}],"about":[{"href":"https:\/\/laredsocial-noticias.com\/wp\/wp-json\/wp\/v2\/types\/post"}],"author":[{"embeddable":true,"href":"https:\/\/laredsocial-noticias.com\/wp\/wp-json\/wp\/v2\/users\/1"}],"replies":[{"embeddable":true,"href":"https:\/\/laredsocial-noticias.com\/wp\/wp-json\/wp\/v2\/comments?post=251372"}],"version-history":[{"count":1,"href":"https:\/\/laredsocial-noticias.com\/wp\/wp-json\/wp\/v2\/posts\/251372\/revisions"}],"predecessor-version":[{"id":251373,"href":"https:\/\/laredsocial-noticias.com\/wp\/wp-json\/wp\/v2\/posts\/251372\/revisions\/251373"}],"wp:attachment":[{"href":"https:\/\/laredsocial-noticias.com\/wp\/wp-json\/wp\/v2\/media?parent=251372"}],"wp:term":[{"taxonomy":"category","embeddable":true,"href":"https:\/\/laredsocial-noticias.com\/wp\/wp-json\/wp\/v2\/categories?post=251372"},{"taxonomy":"post_tag","embeddable":true,"href":"https:\/\/laredsocial-noticias.com\/wp\/wp-json\/wp\/v2\/tags?post=251372"}],"curies":[{"name":"wp","href":"https:\/\/api.w.org\/{rel}","templated":true}]}}