{"id":251792,"date":"2025-07-13T10:23:52","date_gmt":"2025-07-13T16:23:52","guid":{"rendered":"https:\/\/laredsocial-noticias.com\/wp\/?p=251792"},"modified":"2025-07-13T10:24:05","modified_gmt":"2025-07-13T16:24:05","slug":"isaac-del-toro-es-campeon-de-la-vuelta-a-austria-2025","status":"publish","type":"post","link":"https:\/\/laredsocial-noticias.com\/wp\/isaac-del-toro-es-campeon-de-la-vuelta-a-austria-2025\/","title":{"rendered":"Isaac del Toro es campe\u00f3n de la Vuelta a Austria 2025"},"content":{"rendered":"<p>El ciclista mexicano Isaac del Toro, del equipo UAE Team Emirates-XRG, logr\u00f3 consagrarse como el vencedor de la Vuelta a Austria 2025, tras finalizar las 5 jornadas de la competencia con un tiempo acumulado de 17:51:18 y una ventaja de 29 segundos con respecto a Archie Ryan, su m\u00e1s cercano competidor.<\/p>\n<p>Con tan solo 21 a\u00f1os, Isaac del Toro firm\u00f3 una actuaci\u00f3n destacada en los Alpes austriacos luego de completar un recorrido de 142.3 kil\u00f3metros con meta en Feldkirch. El apodado \u201c\u00c1guila Real de Ensenada\u201d demostr\u00f3 ser una realidad tras el subcampeonato en el Giro de Italia 2025.<\/p>\n<p>\u00a1Isaac del Toro, campe\u00f3n de la Vuelta a Austria!<\/p>\n<p>El tambi\u00e9n apodado \u201cTorito\u201d termin\u00f3 la Etapa 5 del Tour de Austria en cuarto lugar, a solo dos segundos del l\u00edder H\u00e9ctor \u00c1lvarez Mart\u00ednez, ciclista espa\u00f1ol de LIDL-TREK.<\/p>\n<p>El segundo y tercer puesto fueron para el irland\u00e9s Archie Ryan y el polaco Rafal Majka, quienes se quedaron a 29 y 47 segundos del ensenadense, respectivamente.<\/p>\n<p>Isaac del Toro | M\u00e9xico | UAE Team Emirates-XRG | 17:51:18<br \/>\nArchie Ryan | Irlanda | EF Education-EasyPost | a 0:29<br \/>\nRafal Majka | Polonia | UAE Team Emirates-XGR | a 0:47<br \/>\nFelix Engelhardt | Alemania | Jayco-AlUla | a 1:20<br \/>\nAndrew August | Estados Unidos | Ineos Grenadiers | a 1:47<\/p>\n<p>La 74.\u00aa edici\u00f3n del Tour se celebr\u00f3 desde el mi\u00e9rcoles 9 hasta este domingo 13 de julio de 2025 con la victoria del mexicano que, aunque no gan\u00f3 la fase final, su actuaci\u00f3n dentro del pelot\u00f3n fue suficiente para posicionarlo como el primero de la tabla.<br \/>\n\u201cEstoy feliz\u201d, dice Isaac del Toro tras un nuevo t\u00edtulo<\/p>\n<p>Tras conseguir el campeonato en la Vuelta a Austria, Isaac del Toro se reconoci\u00f3 feliz y emocionado frente a los medios de comunicaci\u00f3n, de acuerdo con el portal deportivo Claro Sports.<\/p>\n","protected":false},"excerpt":{"rendered":"<p>El ciclista mexicano Isaac del Toro, del equipo UAE Team Emirates-XRG, logr\u00f3 consagrarse como el vencedor de la Vuelta a&#8230;<\/p>\n","protected":false},"author":1,"featured_media":251794,"comment_status":"open","ping_status":"closed","sticky":false,"template":"","format":"standard","meta":{"footnotes":""},"categories":[337,6026,73],"tags":[],"class_list":["post-251792","post","type-post","status-publish","format-standard","has-post-thumbnail","hentry","category-deportes","category-portada","category-principal"],"yoast_head":"<!-- This site is optimized with the Yoast SEO plugin v26.5 - https:\/\/yoast.com\/wordpress\/plugins\/seo\/ -->\n<title>Isaac del Toro es campe\u00f3n de la Vuelta a Austria 2025 - NOTICIAS<\/title>\n<meta name=\"robots\" content=\"index, follow, max-snippet:-1, max-image-preview:large, max-video-preview:-1\" \/>\n<link rel=\"canonical\" href=\"https:\/\/laredsocial-noticias.com\/wp\/isaac-del-toro-es-campeon-de-la-vuelta-a-austria-2025\/\" \/>\n<meta property=\"og:locale\" content=\"es_ES\" \/>\n<meta property=\"og:type\" content=\"article\" \/>\n<meta property=\"og:title\" content=\"Isaac del Toro es campe\u00f3n de la Vuelta a Austria 2025 - NOTICIAS\" \/>\n<meta property=\"og:description\" content=\"El ciclista mexicano Isaac del Toro, del equipo UAE Team Emirates-XRG, logr\u00f3 consagrarse como el vencedor de la Vuelta a...\" \/>\n<meta property=\"og:url\" content=\"https:\/\/laredsocial-noticias.com\/wp\/isaac-del-toro-es-campeon-de-la-vuelta-a-austria-2025\/\" \/>\n<meta property=\"og:site_name\" content=\"NOTICIAS\" \/>\n<meta property=\"article:published_time\" content=\"2025-07-13T16:23:52+00:00\" \/>\n<meta property=\"article:modified_time\" content=\"2025-07-13T16:24:05+00:00\" \/>\n<meta name=\"author\" content=\"Editor en Jefe\" \/>\n<meta name=\"twitter:card\" content=\"summary_large_image\" \/>\n<meta name=\"twitter:label1\" content=\"Escrito por\" \/>\n\t<meta name=\"twitter:data1\" content=\"Editor en Jefe\" \/>\n\t<meta name=\"twitter:label2\" content=\"Tiempo de lectura\" \/>\n\t<meta name=\"twitter:data2\" content=\"1 minuto\" \/>\n<!-- \/ Yoast SEO plugin. -->","yoast_head_json":{"title":"Isaac del Toro es campe\u00f3n de la Vuelta a Austria 2025 - NOTICIAS","robots":{"index":"index","follow":"follow","max-snippet":"max-snippet:-1","max-image-preview":"max-image-preview:large","max-video-preview":"max-video-preview:-1"},"canonical":"https:\/\/laredsocial-noticias.com\/wp\/isaac-del-toro-es-campeon-de-la-vuelta-a-austria-2025\/","og_locale":"es_ES","og_type":"article","og_title":"Isaac del Toro es campe\u00f3n de la Vuelta a Austria 2025 - NOTICIAS","og_description":"El ciclista mexicano Isaac del Toro, del equipo UAE Team Emirates-XRG, logr\u00f3 consagrarse como el vencedor de la Vuelta a...","og_url":"https:\/\/laredsocial-noticias.com\/wp\/isaac-del-toro-es-campeon-de-la-vuelta-a-austria-2025\/","og_site_name":"NOTICIAS","article_published_time":"2025-07-13T16:23:52+00:00","article_modified_time":"2025-07-13T16:24:05+00:00","author":"Editor en Jefe","twitter_card":"summary_large_image","twitter_misc":{"Escrito por":"Editor en Jefe","Tiempo de lectura":"1 minuto"},"schema":{"@context":"https:\/\/schema.org","@graph":[{"@type":"WebPage","@id":"https:\/\/laredsocial-noticias.com\/wp\/isaac-del-toro-es-campeon-de-la-vuelta-a-austria-2025\/","url":"https:\/\/laredsocial-noticias.com\/wp\/isaac-del-toro-es-campeon-de-la-vuelta-a-austria-2025\/","name":"Isaac del Toro es campe\u00f3n de la Vuelta a Austria 2025 - NOTICIAS","isPartOf":{"@id":"https:\/\/laredsocial-noticias.com\/wp\/#website"},"primaryImageOfPage":{"@id":"https:\/\/laredsocial-noticias.com\/wp\/isaac-del-toro-es-campeon-de-la-vuelta-a-austria-2025\/#primaryimage"},"image":{"@id":"https:\/\/laredsocial-noticias.com\/wp\/isaac-del-toro-es-campeon-de-la-vuelta-a-austria-2025\/#primaryimage"},"thumbnailUrl":"https:\/\/laredsocial-noticias.com\/wp\/wp-content\/uploads\/2025\/07\/RM5L4ZQXIL3R4BCGCNQNXE65FA.avif","datePublished":"2025-07-13T16:23:52+00:00","dateModified":"2025-07-13T16:24:05+00:00","author":{"@id":"https:\/\/laredsocial-noticias.com\/wp\/#\/schema\/person\/0ce78643f2de7aae6f6ef10e8453a6e0"},"breadcrumb":{"@id":"https:\/\/laredsocial-noticias.com\/wp\/isaac-del-toro-es-campeon-de-la-vuelta-a-austria-2025\/#breadcrumb"},"inLanguage":"es","potentialAction":[{"@type":"ReadAction","target":["https:\/\/laredsocial-noticias.com\/wp\/isaac-del-toro-es-campeon-de-la-vuelta-a-austria-2025\/"]}]},{"@type":"ImageObject","inLanguage":"es","@id":"https:\/\/laredsocial-noticias.com\/wp\/isaac-del-toro-es-campeon-de-la-vuelta-a-austria-2025\/#primaryimage","url":"https:\/\/laredsocial-noticias.com\/wp\/wp-content\/uploads\/2025\/07\/RM5L4ZQXIL3R4BCGCNQNXE65FA.avif","contentUrl":"https:\/\/laredsocial-noticias.com\/wp\/wp-content\/uploads\/2025\/07\/RM5L4ZQXIL3R4BCGCNQNXE65FA.avif","width":1200,"height":675},{"@type":"BreadcrumbList","@id":"https:\/\/laredsocial-noticias.com\/wp\/isaac-del-toro-es-campeon-de-la-vuelta-a-austria-2025\/#breadcrumb","itemListElement":[{"@type":"ListItem","position":1,"name":"Portada","item":"https:\/\/laredsocial-noticias.com\/wp\/"},{"@type":"ListItem","position":2,"name":"Isaac del Toro es campe\u00f3n de la Vuelta a Austria 2025"}]},{"@type":"WebSite","@id":"https:\/\/laredsocial-noticias.com\/wp\/#website","url":"https:\/\/laredsocial-noticias.com\/wp\/","name":"NOTICIAS","description":"Lo que se ve y se dice en las redes sociales","potentialAction":[{"@type":"SearchAction","target":{"@type":"EntryPoint","urlTemplate":"https:\/\/laredsocial-noticias.com\/wp\/?s={search_term_string}"},"query-input":{"@type":"PropertyValueSpecification","valueRequired":true,"valueName":"search_term_string"}}],"inLanguage":"es"},{"@type":"Person","@id":"https:\/\/laredsocial-noticias.com\/wp\/#\/schema\/person\/0ce78643f2de7aae6f6ef10e8453a6e0","name":"Editor en Jefe","url":"https:\/\/laredsocial-noticias.com\/wp\/author\/jorgeochoa\/"}]}},"_links":{"self":[{"href":"https:\/\/laredsocial-noticias.com\/wp\/wp-json\/wp\/v2\/posts\/251792","targetHints":{"allow":["GET"]}}],"collection":[{"href":"https:\/\/laredsocial-noticias.com\/wp\/wp-json\/wp\/v2\/posts"}],"about":[{"href":"https:\/\/laredsocial-noticias.com\/wp\/wp-json\/wp\/v2\/types\/post"}],"author":[{"embeddable":true,"href":"https:\/\/laredsocial-noticias.com\/wp\/wp-json\/wp\/v2\/users\/1"}],"replies":[{"embeddable":true,"href":"https:\/\/laredsocial-noticias.com\/wp\/wp-json\/wp\/v2\/comments?post=251792"}],"version-history":[{"count":1,"href":"https:\/\/laredsocial-noticias.com\/wp\/wp-json\/wp\/v2\/posts\/251792\/revisions"}],"predecessor-version":[{"id":251793,"href":"https:\/\/laredsocial-noticias.com\/wp\/wp-json\/wp\/v2\/posts\/251792\/revisions\/251793"}],"wp:featuredmedia":[{"embeddable":true,"href":"https:\/\/laredsocial-noticias.com\/wp\/wp-json\/wp\/v2\/media\/251794"}],"wp:attachment":[{"href":"https:\/\/laredsocial-noticias.com\/wp\/wp-json\/wp\/v2\/media?parent=251792"}],"wp:term":[{"taxonomy":"category","embeddable":true,"href":"https:\/\/laredsocial-noticias.com\/wp\/wp-json\/wp\/v2\/categories?post=251792"},{"taxonomy":"post_tag","embeddable":true,"href":"https:\/\/laredsocial-noticias.com\/wp\/wp-json\/wp\/v2\/tags?post=251792"}],"curies":[{"name":"wp","href":"https:\/\/api.w.org\/{rel}","templated":true}]}}