{"id":25274,"date":"2016-08-29T11:22:57","date_gmt":"2016-08-29T16:22:57","guid":{"rendered":"http:\/\/laredsocial-noticias.com\/wp\/?p=25274"},"modified":"2016-08-29T11:23:07","modified_gmt":"2016-08-29T16:23:07","slug":"inai-pide-entregar-datos-de-programa-de-estimulos-a-investigacion","status":"publish","type":"post","link":"https:\/\/laredsocial-noticias.com\/wp\/inai-pide-entregar-datos-de-programa-de-estimulos-a-investigacion\/","title":{"rendered":"INAI pide entregar datos de programa de est\u00edmulos a investigaci\u00f3n"},"content":{"rendered":"<div class=\"titulo\"><\/div>\n<div class=\"desarrollo\"><strong>CIUDAD DE M\u00c9XICO, 29 de agosto, (MENSAJE POL\u00cdTICO \/ C\u00cdRCULO DIGITAL).\u2014<\/strong>El Instituto Nacional de Transparencia, Acceso a la Informaci\u00f3n y Protecci\u00f3n de Datos Personales (INAI) pidi\u00f3 al Conacyt dar a conocer versi\u00f3n p\u00fablica de las propuestas que no fueron incluidas en el Programa de Est\u00edmulos a la Investigaci\u00f3n, Desarrollo Tecnol\u00f3gico e Innovaci\u00f3n 2016.La versi\u00f3n p\u00fablica \u201cs\u00f3lo podr\u00e1 testar el nombre de la persona moral, as\u00ed como cualquier otro elemento que pudiera hacer identificable a las empresas participantes con la calificaci\u00f3n o puntuaci\u00f3n obtenida\u201d, inform\u00f3 el instituto en un comunicado.<\/p>\n<p>La comisionada presidenta del INAI, Ximena Puente de la Mora, destac\u00f3 la importancia de conocer la informaci\u00f3n, toda vez que el Consejo Nacional de Ciencia y Tecnolog\u00eda (Conacyt) apoya el desarrollo tecnol\u00f3gico, as\u00ed como la innovaci\u00f3n, con apoyos a proyectos de las empresas que as\u00ed lo soliciten.<\/p>\n<p>Lo anterior a solicitud de un particular quien pidi\u00f3 tener acceso a la informaci\u00f3n de las personas morales que solicitaron apoyos econ\u00f3micos del programa aludido y que no recibieron recursos p\u00fablicos.<\/p>\n<p>Puente de la Mora se\u00f1al\u00f3 que el Conacyt tiene como objetivo principal incentivar a nivel nacional, la inversi\u00f3n de las empresas en actividades y proyectos relacionados con la investigaci\u00f3n, el desarrollo tecnol\u00f3gico e innovaci\u00f3n a trav\u00e9s del otorgamiento de est\u00edmulos complementarios, de tal forma que los apoyos tengan el mayor impacto posible sobre la competitividad de la econom\u00eda nacional.<\/p>\n<p>Seg\u00fan los hechos, Conacyt s\u00f3lo proporcion\u00f3 una tabla en formato Excel, con los rubros de a\u00f1o, proyecto, raz\u00f3n social, subsector INEGI, modalidad, entidad federativa, monto de apoyo, bolsa y calificaci\u00f3n de las empresas beneficiadas con recursos p\u00fablicos del Programa de Est\u00edmulos a la Investigaci\u00f3n, Desarrollo Tecnol\u00f3gico e Innovaci\u00f3n 2016.<\/p>\n<p>Sin embargo, mediante acta emitida por el Comit\u00e9 de Transparencia confirm\u00f3 la clasificaci\u00f3n de la informaci\u00f3n relativa a las propuestas de las empresas que no fueron seleccionadas y estim\u00f3 que al no haber sido favorecidas con recursos p\u00fablicos, no exist\u00eda obligaci\u00f3n alguna de dar acceso a la informaci\u00f3n.<\/p>\n<p>En la ponencia de la comisionada Puente de la Mora se advirti\u00f3 que se cumplir\u00edan con los objetivos de la Ley de Transparencia si se otorgaba acceso a la relaci\u00f3n de todas las propuestas de personas morales que participaron en el referido programa.<\/p>\n<p>Ello dado que implica una rendici\u00f3n de cuentas y transparencia de la gesti\u00f3n p\u00fablica respecto de un programa que otorga apoyos econ\u00f3micos a diversas empresas, sin demerito de la protecci\u00f3n a la informaci\u00f3n confidencial de los participantes que no resultaron beneficiados con recursos p\u00fablicos.<\/p>\n<p>As\u00ed, a propuesta de la comisionada presidenta el pleno del Instituto Nacional de Transparencia modific\u00f3 la respuesta del Consejo Nacional de Ciencia y Tecnolog\u00eda y le instruy\u00f3 a entregar la informaci\u00f3n en los t\u00e9rminos referidos.<\/p>\n<p>Adem\u00e1s, deber\u00e1 entregar la resoluci\u00f3n emitida por el Comit\u00e9 de Informaci\u00f3n, en la cual funde y motive la clasificaci\u00f3n de la informaci\u00f3n.<\/p>\n<\/div>\n","protected":false},"excerpt":{"rendered":"<p>CIUDAD DE M\u00c9XICO, 29 de agosto, (MENSAJE POL\u00cdTICO \/ C\u00cdRCULO DIGITAL).\u2014El Instituto Nacional de Transparencia, Acceso a la Informaci\u00f3n y&#8230;<\/p>\n","protected":false},"author":1,"featured_media":0,"comment_status":"closed","ping_status":"closed","sticky":false,"template":"","format":"standard","meta":{"footnotes":""},"categories":[1796,2801,73],"tags":[117],"class_list":["post-25274","post","type-post","status-publish","format-standard","hentry","category-circulodigital","category-politica","category-principal","tag-inai"],"yoast_head":"<!-- This site is optimized with the Yoast SEO plugin v26.5 - https:\/\/yoast.com\/wordpress\/plugins\/seo\/ -->\n<title>INAI pide entregar datos de programa de est\u00edmulos a investigaci\u00f3n - NOTICIAS<\/title>\n<meta name=\"robots\" content=\"index, follow, max-snippet:-1, max-image-preview:large, max-video-preview:-1\" \/>\n<link rel=\"canonical\" href=\"https:\/\/laredsocial-noticias.com\/wp\/inai-pide-entregar-datos-de-programa-de-estimulos-a-investigacion\/\" \/>\n<meta property=\"og:locale\" content=\"es_ES\" \/>\n<meta property=\"og:type\" content=\"article\" \/>\n<meta property=\"og:title\" content=\"INAI pide entregar datos de programa de est\u00edmulos a investigaci\u00f3n - NOTICIAS\" \/>\n<meta property=\"og:description\" content=\"CIUDAD DE M\u00c9XICO, 29 de agosto, (MENSAJE POL\u00cdTICO \/ C\u00cdRCULO DIGITAL).\u2014El Instituto Nacional de Transparencia, Acceso a la Informaci\u00f3n y...\" \/>\n<meta property=\"og:url\" content=\"https:\/\/laredsocial-noticias.com\/wp\/inai-pide-entregar-datos-de-programa-de-estimulos-a-investigacion\/\" \/>\n<meta property=\"og:site_name\" content=\"NOTICIAS\" \/>\n<meta property=\"article:published_time\" content=\"2016-08-29T16:22:57+00:00\" \/>\n<meta property=\"article:modified_time\" content=\"2016-08-29T16:23:07+00:00\" \/>\n<meta property=\"og:image\" content=\"https:\/\/laredsocial-noticias.com\/wp\/wp-content\/uploads\/2016\/08\/613122_inai.jpg\" \/>\n\t<meta property=\"og:image:width\" content=\"2000\" \/>\n\t<meta property=\"og:image:height\" content=\"1333\" \/>\n\t<meta property=\"og:image:type\" content=\"image\/jpeg\" \/>\n<meta name=\"author\" content=\"Editor en Jefe\" \/>\n<meta name=\"twitter:card\" content=\"summary_large_image\" \/>\n<meta name=\"twitter:label1\" content=\"Escrito por\" \/>\n\t<meta name=\"twitter:data1\" content=\"Editor en Jefe\" \/>\n\t<meta name=\"twitter:label2\" content=\"Tiempo de lectura\" \/>\n\t<meta name=\"twitter:data2\" content=\"3 minutos\" \/>\n<!-- \/ Yoast SEO plugin. -->","yoast_head_json":{"title":"INAI pide entregar datos de programa de est\u00edmulos a investigaci\u00f3n - NOTICIAS","robots":{"index":"index","follow":"follow","max-snippet":"max-snippet:-1","max-image-preview":"max-image-preview:large","max-video-preview":"max-video-preview:-1"},"canonical":"https:\/\/laredsocial-noticias.com\/wp\/inai-pide-entregar-datos-de-programa-de-estimulos-a-investigacion\/","og_locale":"es_ES","og_type":"article","og_title":"INAI pide entregar datos de programa de est\u00edmulos a investigaci\u00f3n - NOTICIAS","og_description":"CIUDAD DE M\u00c9XICO, 29 de agosto, (MENSAJE POL\u00cdTICO \/ C\u00cdRCULO DIGITAL).\u2014El Instituto Nacional de Transparencia, Acceso a la Informaci\u00f3n y...","og_url":"https:\/\/laredsocial-noticias.com\/wp\/inai-pide-entregar-datos-de-programa-de-estimulos-a-investigacion\/","og_site_name":"NOTICIAS","article_published_time":"2016-08-29T16:22:57+00:00","article_modified_time":"2016-08-29T16:23:07+00:00","og_image":[{"width":2000,"height":1333,"url":"https:\/\/laredsocial-noticias.com\/wp\/wp-content\/uploads\/2016\/08\/613122_inai.jpg","type":"image\/jpeg"}],"author":"Editor en Jefe","twitter_card":"summary_large_image","twitter_misc":{"Escrito por":"Editor en Jefe","Tiempo de lectura":"3 minutos"},"schema":{"@context":"https:\/\/schema.org","@graph":[{"@type":"WebPage","@id":"https:\/\/laredsocial-noticias.com\/wp\/inai-pide-entregar-datos-de-programa-de-estimulos-a-investigacion\/","url":"https:\/\/laredsocial-noticias.com\/wp\/inai-pide-entregar-datos-de-programa-de-estimulos-a-investigacion\/","name":"INAI pide entregar datos de programa de est\u00edmulos a investigaci\u00f3n - NOTICIAS","isPartOf":{"@id":"https:\/\/laredsocial-noticias.com\/wp\/#website"},"datePublished":"2016-08-29T16:22:57+00:00","dateModified":"2016-08-29T16:23:07+00:00","author":{"@id":"https:\/\/laredsocial-noticias.com\/wp\/#\/schema\/person\/0ce78643f2de7aae6f6ef10e8453a6e0"},"breadcrumb":{"@id":"https:\/\/laredsocial-noticias.com\/wp\/inai-pide-entregar-datos-de-programa-de-estimulos-a-investigacion\/#breadcrumb"},"inLanguage":"es","potentialAction":[{"@type":"ReadAction","target":["https:\/\/laredsocial-noticias.com\/wp\/inai-pide-entregar-datos-de-programa-de-estimulos-a-investigacion\/"]}]},{"@type":"BreadcrumbList","@id":"https:\/\/laredsocial-noticias.com\/wp\/inai-pide-entregar-datos-de-programa-de-estimulos-a-investigacion\/#breadcrumb","itemListElement":[{"@type":"ListItem","position":1,"name":"Portada","item":"https:\/\/laredsocial-noticias.com\/wp\/"},{"@type":"ListItem","position":2,"name":"INAI pide entregar datos de programa de est\u00edmulos a investigaci\u00f3n"}]},{"@type":"WebSite","@id":"https:\/\/laredsocial-noticias.com\/wp\/#website","url":"https:\/\/laredsocial-noticias.com\/wp\/","name":"NOTICIAS","description":"Lo que se ve y se dice en las redes sociales","potentialAction":[{"@type":"SearchAction","target":{"@type":"EntryPoint","urlTemplate":"https:\/\/laredsocial-noticias.com\/wp\/?s={search_term_string}"},"query-input":{"@type":"PropertyValueSpecification","valueRequired":true,"valueName":"search_term_string"}}],"inLanguage":"es"},{"@type":"Person","@id":"https:\/\/laredsocial-noticias.com\/wp\/#\/schema\/person\/0ce78643f2de7aae6f6ef10e8453a6e0","name":"Editor en Jefe","url":"https:\/\/laredsocial-noticias.com\/wp\/author\/jorgeochoa\/"}]}},"_links":{"self":[{"href":"https:\/\/laredsocial-noticias.com\/wp\/wp-json\/wp\/v2\/posts\/25274","targetHints":{"allow":["GET"]}}],"collection":[{"href":"https:\/\/laredsocial-noticias.com\/wp\/wp-json\/wp\/v2\/posts"}],"about":[{"href":"https:\/\/laredsocial-noticias.com\/wp\/wp-json\/wp\/v2\/types\/post"}],"author":[{"embeddable":true,"href":"https:\/\/laredsocial-noticias.com\/wp\/wp-json\/wp\/v2\/users\/1"}],"replies":[{"embeddable":true,"href":"https:\/\/laredsocial-noticias.com\/wp\/wp-json\/wp\/v2\/comments?post=25274"}],"version-history":[{"count":1,"href":"https:\/\/laredsocial-noticias.com\/wp\/wp-json\/wp\/v2\/posts\/25274\/revisions"}],"predecessor-version":[{"id":25275,"href":"https:\/\/laredsocial-noticias.com\/wp\/wp-json\/wp\/v2\/posts\/25274\/revisions\/25275"}],"wp:attachment":[{"href":"https:\/\/laredsocial-noticias.com\/wp\/wp-json\/wp\/v2\/media?parent=25274"}],"wp:term":[{"taxonomy":"category","embeddable":true,"href":"https:\/\/laredsocial-noticias.com\/wp\/wp-json\/wp\/v2\/categories?post=25274"},{"taxonomy":"post_tag","embeddable":true,"href":"https:\/\/laredsocial-noticias.com\/wp\/wp-json\/wp\/v2\/tags?post=25274"}],"curies":[{"name":"wp","href":"https:\/\/api.w.org\/{rel}","templated":true}]}}