{"id":254029,"date":"2025-08-17T17:30:45","date_gmt":"2025-08-17T23:30:45","guid":{"rendered":"https:\/\/laredsocial-noticias.com\/wp\/?p=254029"},"modified":"2025-08-17T21:21:00","modified_gmt":"2025-08-18T03:21:00","slug":"autobus-de-transporte-publico-se-incendia-en-el-centro-historico","status":"publish","type":"post","link":"https:\/\/laredsocial-noticias.com\/wp\/autobus-de-transporte-publico-se-incendia-en-el-centro-historico\/","title":{"rendered":"Autob\u00fas de transporte p\u00fablico se incendia en el Centro Hist\u00f3rico"},"content":{"rendered":"<p>Un autob\u00fas de transporte p\u00fablico qued\u00f3 completamente calcinado tras incendiarse en el cruce de la calle 20 de Noviembre y el Callej\u00f3n Flamencos, en la colonia Centro, alcald\u00eda Cuauht\u00e9moc; no se reportaron personas lesionadas.<\/p>\n<p>El incidente, que gener\u00f3 una densa columna de humo visible desde varios puntos de la zona, fue reportado alrededor de las 15:17 horas. Seg\u00fan los primeros informes, el fuego se habr\u00eda originado en la parte del motor o el escape del veh\u00edculo, posiblemente a causa de un cortocircuito.<\/p>\n<div data-mrf-experience=\"IL_sB08szQcTjm-5cDW5dIFWA\"><\/div>\n<p>Testigos presenciales indicaron que las llamas se propagaron r\u00e1pidamente tras una explosi\u00f3n inicial.<\/p>\n<p>Antes de que el fuego envolviera por completo el veh\u00edculo, todos los pasajeros lograron descender de forma segura. Adicionalmente, el conductor del autob\u00fas de la empresa COTAXSA logr\u00f3 moverlo unos metros para alejarlo de un banco cercano, mitigando el riesgo de da\u00f1os mayores.<\/p>\n<p><strong>BOMBEROS ATIENDEN EMERGENCIA<\/strong><\/p>\n<p>Tras el aviso del sistema de videovigilancia del C5, elementos del Heroico Cuerpo de Bomberos de la Ciudad de M\u00e9xico acudieron de inmediato al lugar para sofocar el incendio.<\/p>\n<p>Mientras que personal de la Secretar\u00eda de Gesti\u00f3n Integral de Riesgos y Protecci\u00f3n Civil (SGIRPC) tambi\u00e9n supervis\u00f3 las labores y confirm\u00f3 que no hubo heridos.<\/p>\n<p>Debido a la magnitud del siniestro, las autoridades implementaron desv\u00edos en la zona, habilitando la calle Isabel La Cat\u00f3lica como ruta alterna para aliviar el tr\u00e1fico. El \u00e1rea permaneci\u00f3 acordonada mientras se realizaban las labores de enfriamiento y limpieza del pavimento.<\/p>\n<p>La Secretar\u00eda de Movilidad (Semovi) inform\u00f3 que dar\u00e1 seguimiento al caso para determinar las responsabilidades y asegurar la seguridad de los usuarios del transporte p\u00fablico. Asimismo, el Organismo Regulador del Transporte (ORT) ya ha contactado a la empresa concesionaria para revisar las condiciones de su parque vehicular. Las autoridades contin\u00faan investigando las causas exactas del incendio.<\/p>\n","protected":false},"excerpt":{"rendered":"<p>Un autob\u00fas de transporte p\u00fablico qued\u00f3 completamente calcinado tras incendiarse en el cruce de la calle 20 de Noviembre y&#8230;<\/p>\n","protected":false},"author":1,"featured_media":254031,"comment_status":"open","ping_status":"closed","sticky":false,"template":"","format":"standard","meta":{"footnotes":""},"categories":[91,6026],"tags":[261,1469,4959,77],"class_list":["post-254029","post","type-post","status-publish","format-standard","has-post-thumbnail","hentry","category-cdmx","category-portada","tag-cdmx","tag-ciudad-de-mexico","tag-featured","tag-principal"],"yoast_head":"<!-- This site is optimized with the Yoast SEO plugin v26.5 - https:\/\/yoast.com\/wordpress\/plugins\/seo\/ -->\n<title>Autob\u00fas de transporte p\u00fablico se incendia en el Centro Hist\u00f3rico - NOTICIAS<\/title>\n<meta name=\"robots\" content=\"index, follow, max-snippet:-1, max-image-preview:large, max-video-preview:-1\" \/>\n<link rel=\"canonical\" href=\"https:\/\/laredsocial-noticias.com\/wp\/autobus-de-transporte-publico-se-incendia-en-el-centro-historico\/\" \/>\n<meta property=\"og:locale\" content=\"es_ES\" \/>\n<meta property=\"og:type\" content=\"article\" \/>\n<meta property=\"og:title\" content=\"Autob\u00fas de transporte p\u00fablico se incendia en el Centro Hist\u00f3rico - NOTICIAS\" \/>\n<meta property=\"og:description\" content=\"Un autob\u00fas de transporte p\u00fablico qued\u00f3 completamente calcinado tras incendiarse en el cruce de la calle 20 de Noviembre y...\" \/>\n<meta property=\"og:url\" content=\"https:\/\/laredsocial-noticias.com\/wp\/autobus-de-transporte-publico-se-incendia-en-el-centro-historico\/\" \/>\n<meta property=\"og:site_name\" content=\"NOTICIAS\" \/>\n<meta property=\"article:published_time\" content=\"2025-08-17T23:30:45+00:00\" \/>\n<meta property=\"article:modified_time\" content=\"2025-08-18T03:21:00+00:00\" \/>\n<meta name=\"author\" content=\"Editor en Jefe\" \/>\n<meta name=\"twitter:card\" content=\"summary_large_image\" \/>\n<meta name=\"twitter:label1\" content=\"Escrito por\" \/>\n\t<meta name=\"twitter:data1\" content=\"Editor en Jefe\" \/>\n\t<meta name=\"twitter:label2\" content=\"Tiempo de lectura\" \/>\n\t<meta name=\"twitter:data2\" content=\"2 minutos\" \/>\n<!-- \/ Yoast SEO plugin. -->","yoast_head_json":{"title":"Autob\u00fas de transporte p\u00fablico se incendia en el Centro Hist\u00f3rico - NOTICIAS","robots":{"index":"index","follow":"follow","max-snippet":"max-snippet:-1","max-image-preview":"max-image-preview:large","max-video-preview":"max-video-preview:-1"},"canonical":"https:\/\/laredsocial-noticias.com\/wp\/autobus-de-transporte-publico-se-incendia-en-el-centro-historico\/","og_locale":"es_ES","og_type":"article","og_title":"Autob\u00fas de transporte p\u00fablico se incendia en el Centro Hist\u00f3rico - NOTICIAS","og_description":"Un autob\u00fas de transporte p\u00fablico qued\u00f3 completamente calcinado tras incendiarse en el cruce de la calle 20 de Noviembre y...","og_url":"https:\/\/laredsocial-noticias.com\/wp\/autobus-de-transporte-publico-se-incendia-en-el-centro-historico\/","og_site_name":"NOTICIAS","article_published_time":"2025-08-17T23:30:45+00:00","article_modified_time":"2025-08-18T03:21:00+00:00","author":"Editor en Jefe","twitter_card":"summary_large_image","twitter_misc":{"Escrito por":"Editor en Jefe","Tiempo de lectura":"2 minutos"},"schema":{"@context":"https:\/\/schema.org","@graph":[{"@type":"WebPage","@id":"https:\/\/laredsocial-noticias.com\/wp\/autobus-de-transporte-publico-se-incendia-en-el-centro-historico\/","url":"https:\/\/laredsocial-noticias.com\/wp\/autobus-de-transporte-publico-se-incendia-en-el-centro-historico\/","name":"Autob\u00fas de transporte p\u00fablico se incendia en el Centro Hist\u00f3rico - NOTICIAS","isPartOf":{"@id":"https:\/\/laredsocial-noticias.com\/wp\/#website"},"primaryImageOfPage":{"@id":"https:\/\/laredsocial-noticias.com\/wp\/autobus-de-transporte-publico-se-incendia-en-el-centro-historico\/#primaryimage"},"image":{"@id":"https:\/\/laredsocial-noticias.com\/wp\/autobus-de-transporte-publico-se-incendia-en-el-centro-historico\/#primaryimage"},"thumbnailUrl":"https:\/\/laredsocial-noticias.com\/wp\/wp-content\/uploads\/2025\/08\/incendia-autobus-centro-historico.png","datePublished":"2025-08-17T23:30:45+00:00","dateModified":"2025-08-18T03:21:00+00:00","author":{"@id":"https:\/\/laredsocial-noticias.com\/wp\/#\/schema\/person\/0ce78643f2de7aae6f6ef10e8453a6e0"},"breadcrumb":{"@id":"https:\/\/laredsocial-noticias.com\/wp\/autobus-de-transporte-publico-se-incendia-en-el-centro-historico\/#breadcrumb"},"inLanguage":"es","potentialAction":[{"@type":"ReadAction","target":["https:\/\/laredsocial-noticias.com\/wp\/autobus-de-transporte-publico-se-incendia-en-el-centro-historico\/"]}]},{"@type":"ImageObject","inLanguage":"es","@id":"https:\/\/laredsocial-noticias.com\/wp\/autobus-de-transporte-publico-se-incendia-en-el-centro-historico\/#primaryimage","url":"https:\/\/laredsocial-noticias.com\/wp\/wp-content\/uploads\/2025\/08\/incendia-autobus-centro-historico.png","contentUrl":"https:\/\/laredsocial-noticias.com\/wp\/wp-content\/uploads\/2025\/08\/incendia-autobus-centro-historico.png","width":770,"height":433},{"@type":"BreadcrumbList","@id":"https:\/\/laredsocial-noticias.com\/wp\/autobus-de-transporte-publico-se-incendia-en-el-centro-historico\/#breadcrumb","itemListElement":[{"@type":"ListItem","position":1,"name":"Portada","item":"https:\/\/laredsocial-noticias.com\/wp\/"},{"@type":"ListItem","position":2,"name":"Autob\u00fas de transporte p\u00fablico se incendia en el Centro Hist\u00f3rico"}]},{"@type":"WebSite","@id":"https:\/\/laredsocial-noticias.com\/wp\/#website","url":"https:\/\/laredsocial-noticias.com\/wp\/","name":"NOTICIAS","description":"Lo que se ve y se dice en las redes sociales","potentialAction":[{"@type":"SearchAction","target":{"@type":"EntryPoint","urlTemplate":"https:\/\/laredsocial-noticias.com\/wp\/?s={search_term_string}"},"query-input":{"@type":"PropertyValueSpecification","valueRequired":true,"valueName":"search_term_string"}}],"inLanguage":"es"},{"@type":"Person","@id":"https:\/\/laredsocial-noticias.com\/wp\/#\/schema\/person\/0ce78643f2de7aae6f6ef10e8453a6e0","name":"Editor en Jefe","url":"https:\/\/laredsocial-noticias.com\/wp\/author\/jorgeochoa\/"}]}},"_links":{"self":[{"href":"https:\/\/laredsocial-noticias.com\/wp\/wp-json\/wp\/v2\/posts\/254029","targetHints":{"allow":["GET"]}}],"collection":[{"href":"https:\/\/laredsocial-noticias.com\/wp\/wp-json\/wp\/v2\/posts"}],"about":[{"href":"https:\/\/laredsocial-noticias.com\/wp\/wp-json\/wp\/v2\/types\/post"}],"author":[{"embeddable":true,"href":"https:\/\/laredsocial-noticias.com\/wp\/wp-json\/wp\/v2\/users\/1"}],"replies":[{"embeddable":true,"href":"https:\/\/laredsocial-noticias.com\/wp\/wp-json\/wp\/v2\/comments?post=254029"}],"version-history":[{"count":1,"href":"https:\/\/laredsocial-noticias.com\/wp\/wp-json\/wp\/v2\/posts\/254029\/revisions"}],"predecessor-version":[{"id":254030,"href":"https:\/\/laredsocial-noticias.com\/wp\/wp-json\/wp\/v2\/posts\/254029\/revisions\/254030"}],"wp:featuredmedia":[{"embeddable":true,"href":"https:\/\/laredsocial-noticias.com\/wp\/wp-json\/wp\/v2\/media\/254031"}],"wp:attachment":[{"href":"https:\/\/laredsocial-noticias.com\/wp\/wp-json\/wp\/v2\/media?parent=254029"}],"wp:term":[{"taxonomy":"category","embeddable":true,"href":"https:\/\/laredsocial-noticias.com\/wp\/wp-json\/wp\/v2\/categories?post=254029"},{"taxonomy":"post_tag","embeddable":true,"href":"https:\/\/laredsocial-noticias.com\/wp\/wp-json\/wp\/v2\/tags?post=254029"}],"curies":[{"name":"wp","href":"https:\/\/api.w.org\/{rel}","templated":true}]}}