{"id":254071,"date":"2025-08-18T12:56:43","date_gmt":"2025-08-18T18:56:43","guid":{"rendered":"https:\/\/laredsocial-noticias.com\/wp\/?p=254071"},"modified":"2025-08-18T12:56:57","modified_gmt":"2025-08-18T18:56:57","slug":"tom-brady-reacciona-a-la-medalla-de-oro-de-mexico-en-flag-football","status":"publish","type":"post","link":"https:\/\/laredsocial-noticias.com\/wp\/tom-brady-reacciona-a-la-medalla-de-oro-de-mexico-en-flag-football\/","title":{"rendered":"Tom Brady reacciona a la medalla de oro de M\u00e9xico en flag football"},"content":{"rendered":"<p>M\u00e9xico logr\u00f3 la medalla de oro en el flag football de los World Games 2025 derrotando, de nueva cuenta, a la representaci\u00f3n de los Estados Unidos, un resultado del cual Tom Brady, uno de los hist\u00f3ricos de la NFL, estuvo pendiente.<\/p>\n<p>M\u00e9xico derrot\u00f3 a Estados Unidos 26-20 en la final para llevarse la medalla de oro tras un dram\u00e1tico final en donde el representativo nacional dio la vuelta al marcador 21-20 para sorprender, por segunda vez, al equipo de las barras y las estrellas.<\/p>\n<p>Luego del resultado, Tom Brady uso sus historias de su cuenta de Instagram para destacar el partido entre las dos selecciones de Norteam\u00e9rica y se mostr\u00f3 emocionado dado que el flag football ser\u00e1 parte del programa de los Juegos Ol\u00edmpicos Los \u00c1ngeles 2028.<\/p>\n<p>&#8220;Es genial ver la pasi\u00f3n por el flag football, demostrada este fin de semana en los Juegos Mundiales&#8221;, esto sobre un video con palabras de la mexicana Diana Flores, quien fue parte clave de la victoria sobre Estados Unidos.<\/p>\n<p>El flag football har\u00e1 su debut como deporte ol\u00edmpico en Los \u00c1ngeles 2028 y M\u00e9xico llegar\u00e1 como una de las potencias en la rama femenil, mientras que en el varonil, Estados Unidos se perfila para el oro dado que algunos profesionales como Brady han mostrado inter\u00e9s por regresar a la actividad.<\/p>\n<p>Brady, quien fuera estrella de los Patriotas de Nueva Inglaterra y los Bucaneros de Tampa Bay, tendr\u00eda 51 a\u00f1os cuando se realice la pr\u00f3xima justa ol\u00edmpica y no ha negado que podr\u00eda unirse a la aventura.<\/p>\n<p>&#8220;Sigo siendo muy competitivo. Si me ponen un bal\u00f3n en la mano, tengan cuidado. Eso sigue ah\u00ed\u201d, expres\u00f3 el jugador en su momento a Complex Sports.<\/p>\n<p>Mientras que M\u00e9xico contin\u00faa su proceso en la rama femenil donde, por ahora le tiene tomada la medida a Estados Unidos, en la rama varonil el proyecto sigue tomando forma, pero la medalla de oro podr\u00eda quedar en los locales ante la posibilidad de varios ex jugadores de la NFL y en activo que quieren tener una medalla ol\u00edmpica en su poder.<\/p>\n","protected":false},"excerpt":{"rendered":"<p>M\u00e9xico logr\u00f3 la medalla de oro en el flag football de los World Games 2025 derrotando, de nueva cuenta, a&#8230;<\/p>\n","protected":false},"author":1,"featured_media":254073,"comment_status":"open","ping_status":"closed","sticky":false,"template":"","format":"standard","meta":{"footnotes":""},"categories":[337],"tags":[],"class_list":["post-254071","post","type-post","status-publish","format-standard","has-post-thumbnail","hentry","category-deportes"],"yoast_head":"<!-- This site is optimized with the Yoast SEO plugin v26.5 - https:\/\/yoast.com\/wordpress\/plugins\/seo\/ -->\n<title>Tom Brady reacciona a la medalla de oro de M\u00e9xico en flag football - NOTICIAS<\/title>\n<meta name=\"robots\" content=\"index, follow, max-snippet:-1, max-image-preview:large, max-video-preview:-1\" \/>\n<link rel=\"canonical\" href=\"https:\/\/laredsocial-noticias.com\/wp\/tom-brady-reacciona-a-la-medalla-de-oro-de-mexico-en-flag-football\/\" \/>\n<meta property=\"og:locale\" content=\"es_ES\" \/>\n<meta property=\"og:type\" content=\"article\" \/>\n<meta property=\"og:title\" content=\"Tom Brady reacciona a la medalla de oro de M\u00e9xico en flag football - NOTICIAS\" \/>\n<meta property=\"og:description\" content=\"M\u00e9xico logr\u00f3 la medalla de oro en el flag football de los World Games 2025 derrotando, de nueva cuenta, a...\" \/>\n<meta property=\"og:url\" content=\"https:\/\/laredsocial-noticias.com\/wp\/tom-brady-reacciona-a-la-medalla-de-oro-de-mexico-en-flag-football\/\" \/>\n<meta property=\"og:site_name\" content=\"NOTICIAS\" \/>\n<meta property=\"article:published_time\" content=\"2025-08-18T18:56:43+00:00\" \/>\n<meta property=\"article:modified_time\" content=\"2025-08-18T18:56:57+00:00\" \/>\n<meta name=\"author\" content=\"Editor en Jefe\" \/>\n<meta name=\"twitter:card\" content=\"summary_large_image\" \/>\n<meta name=\"twitter:label1\" content=\"Escrito por\" \/>\n\t<meta name=\"twitter:data1\" content=\"Editor en Jefe\" \/>\n\t<meta name=\"twitter:label2\" content=\"Tiempo de lectura\" \/>\n\t<meta name=\"twitter:data2\" content=\"2 minutos\" \/>\n<!-- \/ Yoast SEO plugin. -->","yoast_head_json":{"title":"Tom Brady reacciona a la medalla de oro de M\u00e9xico en flag football - NOTICIAS","robots":{"index":"index","follow":"follow","max-snippet":"max-snippet:-1","max-image-preview":"max-image-preview:large","max-video-preview":"max-video-preview:-1"},"canonical":"https:\/\/laredsocial-noticias.com\/wp\/tom-brady-reacciona-a-la-medalla-de-oro-de-mexico-en-flag-football\/","og_locale":"es_ES","og_type":"article","og_title":"Tom Brady reacciona a la medalla de oro de M\u00e9xico en flag football - NOTICIAS","og_description":"M\u00e9xico logr\u00f3 la medalla de oro en el flag football de los World Games 2025 derrotando, de nueva cuenta, a...","og_url":"https:\/\/laredsocial-noticias.com\/wp\/tom-brady-reacciona-a-la-medalla-de-oro-de-mexico-en-flag-football\/","og_site_name":"NOTICIAS","article_published_time":"2025-08-18T18:56:43+00:00","article_modified_time":"2025-08-18T18:56:57+00:00","author":"Editor en Jefe","twitter_card":"summary_large_image","twitter_misc":{"Escrito por":"Editor en Jefe","Tiempo de lectura":"2 minutos"},"schema":{"@context":"https:\/\/schema.org","@graph":[{"@type":"WebPage","@id":"https:\/\/laredsocial-noticias.com\/wp\/tom-brady-reacciona-a-la-medalla-de-oro-de-mexico-en-flag-football\/","url":"https:\/\/laredsocial-noticias.com\/wp\/tom-brady-reacciona-a-la-medalla-de-oro-de-mexico-en-flag-football\/","name":"Tom Brady reacciona a la medalla de oro de M\u00e9xico en flag football - NOTICIAS","isPartOf":{"@id":"https:\/\/laredsocial-noticias.com\/wp\/#website"},"primaryImageOfPage":{"@id":"https:\/\/laredsocial-noticias.com\/wp\/tom-brady-reacciona-a-la-medalla-de-oro-de-mexico-en-flag-football\/#primaryimage"},"image":{"@id":"https:\/\/laredsocial-noticias.com\/wp\/tom-brady-reacciona-a-la-medalla-de-oro-de-mexico-en-flag-football\/#primaryimage"},"thumbnailUrl":"https:\/\/laredsocial-noticias.com\/wp\/wp-content\/uploads\/2025\/08\/3362463.jpg","datePublished":"2025-08-18T18:56:43+00:00","dateModified":"2025-08-18T18:56:57+00:00","author":{"@id":"https:\/\/laredsocial-noticias.com\/wp\/#\/schema\/person\/0ce78643f2de7aae6f6ef10e8453a6e0"},"breadcrumb":{"@id":"https:\/\/laredsocial-noticias.com\/wp\/tom-brady-reacciona-a-la-medalla-de-oro-de-mexico-en-flag-football\/#breadcrumb"},"inLanguage":"es","potentialAction":[{"@type":"ReadAction","target":["https:\/\/laredsocial-noticias.com\/wp\/tom-brady-reacciona-a-la-medalla-de-oro-de-mexico-en-flag-football\/"]}]},{"@type":"ImageObject","inLanguage":"es","@id":"https:\/\/laredsocial-noticias.com\/wp\/tom-brady-reacciona-a-la-medalla-de-oro-de-mexico-en-flag-football\/#primaryimage","url":"https:\/\/laredsocial-noticias.com\/wp\/wp-content\/uploads\/2025\/08\/3362463.jpg","contentUrl":"https:\/\/laredsocial-noticias.com\/wp\/wp-content\/uploads\/2025\/08\/3362463.jpg","width":770,"height":530},{"@type":"BreadcrumbList","@id":"https:\/\/laredsocial-noticias.com\/wp\/tom-brady-reacciona-a-la-medalla-de-oro-de-mexico-en-flag-football\/#breadcrumb","itemListElement":[{"@type":"ListItem","position":1,"name":"Portada","item":"https:\/\/laredsocial-noticias.com\/wp\/"},{"@type":"ListItem","position":2,"name":"Tom Brady reacciona a la medalla de oro de M\u00e9xico en flag football"}]},{"@type":"WebSite","@id":"https:\/\/laredsocial-noticias.com\/wp\/#website","url":"https:\/\/laredsocial-noticias.com\/wp\/","name":"NOTICIAS","description":"Lo que se ve y se dice en las redes sociales","potentialAction":[{"@type":"SearchAction","target":{"@type":"EntryPoint","urlTemplate":"https:\/\/laredsocial-noticias.com\/wp\/?s={search_term_string}"},"query-input":{"@type":"PropertyValueSpecification","valueRequired":true,"valueName":"search_term_string"}}],"inLanguage":"es"},{"@type":"Person","@id":"https:\/\/laredsocial-noticias.com\/wp\/#\/schema\/person\/0ce78643f2de7aae6f6ef10e8453a6e0","name":"Editor en Jefe","url":"https:\/\/laredsocial-noticias.com\/wp\/author\/jorgeochoa\/"}]}},"_links":{"self":[{"href":"https:\/\/laredsocial-noticias.com\/wp\/wp-json\/wp\/v2\/posts\/254071","targetHints":{"allow":["GET"]}}],"collection":[{"href":"https:\/\/laredsocial-noticias.com\/wp\/wp-json\/wp\/v2\/posts"}],"about":[{"href":"https:\/\/laredsocial-noticias.com\/wp\/wp-json\/wp\/v2\/types\/post"}],"author":[{"embeddable":true,"href":"https:\/\/laredsocial-noticias.com\/wp\/wp-json\/wp\/v2\/users\/1"}],"replies":[{"embeddable":true,"href":"https:\/\/laredsocial-noticias.com\/wp\/wp-json\/wp\/v2\/comments?post=254071"}],"version-history":[{"count":1,"href":"https:\/\/laredsocial-noticias.com\/wp\/wp-json\/wp\/v2\/posts\/254071\/revisions"}],"predecessor-version":[{"id":254072,"href":"https:\/\/laredsocial-noticias.com\/wp\/wp-json\/wp\/v2\/posts\/254071\/revisions\/254072"}],"wp:featuredmedia":[{"embeddable":true,"href":"https:\/\/laredsocial-noticias.com\/wp\/wp-json\/wp\/v2\/media\/254073"}],"wp:attachment":[{"href":"https:\/\/laredsocial-noticias.com\/wp\/wp-json\/wp\/v2\/media?parent=254071"}],"wp:term":[{"taxonomy":"category","embeddable":true,"href":"https:\/\/laredsocial-noticias.com\/wp\/wp-json\/wp\/v2\/categories?post=254071"},{"taxonomy":"post_tag","embeddable":true,"href":"https:\/\/laredsocial-noticias.com\/wp\/wp-json\/wp\/v2\/tags?post=254071"}],"curies":[{"name":"wp","href":"https:\/\/api.w.org\/{rel}","templated":true}]}}