{"id":255893,"date":"2025-09-18T12:31:39","date_gmt":"2025-09-18T18:31:39","guid":{"rendered":"https:\/\/laredsocial-noticias.com\/wp\/?p=255893"},"modified":"2025-09-18T12:31:55","modified_gmt":"2025-09-18T18:31:55","slug":"expulsion-de-bermudez-requena-de-paraguay-fue-por-estancia-ilegal-y-delitos-sheinbaum","status":"publish","type":"post","link":"https:\/\/laredsocial-noticias.com\/wp\/expulsion-de-bermudez-requena-de-paraguay-fue-por-estancia-ilegal-y-delitos-sheinbaum\/","title":{"rendered":"Expulsi\u00f3n de Berm\u00fadez Requena de Paraguay fue por estancia ilegal y delitos: Sheinbaum"},"content":{"rendered":"<p>En la v\u00edspera de la llegada de Hern\u00e1n Berm\u00fadez Requena, presunto l\u00edder del grupo criminal La Barredora a M\u00e9xico desde Paraguay, la presidenta mexicana, Claudia Sheinbaum Pardo hizo medici\u00f3n del motivo por el cual el exsecretario de seguridad de Tabasco sali\u00f3 del pa\u00eds sudamericabno.<\/p>\n<p>En este sentido, la mandataria inform\u00f3 por principio de cuentas, que no fue necesario promover un juicio de extradici\u00f3n del exfuncionario estatal porque el gobierno de Paraguay determin\u00f3 expulsarlo tras haber ingresado a su territorio de manera ilegal, adem\u00e1s de cometer varios delitos.<\/p>\n<p>En una breve alusi\u00f3n a este procedimiento dijo que la aeronave de la Fiscal\u00eda General de la Rep\u00fablica (FGR) permanece en Colombia donde aterriz\u00f3 por razones t\u00e9cnicas para la carga de combustible sin ninguna relaci\u00f3n con complicaciones legales en el traslado de Berm\u00fadez Requena.<\/p>\n<p>En m\u00e1s sobre el caso, la jefa de Estado revel\u00f3 que cuando se conocieron los primeros indicios de los v\u00ednculos del exsecretario de Seguridad P\u00fablica de Tabasco, \u201cse pidi\u00f3 su destituci\u00f3n por parte del expresidente L\u00f3pez Obrador\u201d.<\/p>\n<p>C\u00f3mo va la investigaci\u00f3n de la FGR?<\/p>\n<p>Durante su conferencia ma\u00f1anera, se indic\u00f3 que las investigaciones que realiza la Fiscal\u00eda General de la Rep\u00fablica avanzan y ser\u00e1n con las cuales se esclarecer\u00e1 c\u00f3mo es que este funcionario se fue descomponiendo y vincul\u00e1ndose con grupos delictivos.<\/p>\n<p>Es muy importante que se sepa todo este proceso porque es muy f\u00e1cil para la oposici\u00f3n. La hipocres\u00eda en acci\u00f3n ahora que nunca explicaron nada de Garc\u00eda Luna, o el coordinador del PAN en el Senado que nunca explic\u00f3 por qu\u00e9 se fue seis a\u00f1os de M\u00e9xico y que ahora regres\u00f3 con fuero y es el principal cr\u00edtico, ahora es el uso pol\u00edtico\u201d, mencion\u00f3 la presidenta.<\/p>\n<p>Por \u00faltimo, Sheinbaum Pardo cuestion\u00f3 que ahora los medios de comunicaci\u00f3n se erigen como juzgadores, demandando que \u201cel senador (Adan Augusto L\u00f3pez) debe renunciar. Al respecto, apunt\u00f3 que se va difundir toda la informaci\u00f3n porque \u201cno somos iguales\u201d.<\/p>\n<p>Nosotros no vamos a esconder a nadie, ni tampoco vamos a defender a nadie si resulta que hay pruebas que es culpable, pero lo que no nos parece es este juicio que hacen los grandes medios de comunicaci\u00f3n o la oposici\u00f3n\u201d, enfatiz\u00f3.<\/p>\n","protected":false},"excerpt":{"rendered":"<p>En la v\u00edspera de la llegada de Hern\u00e1n Berm\u00fadez Requena, presunto l\u00edder del grupo criminal La Barredora a M\u00e9xico desde&#8230;<\/p>\n","protected":false},"author":1,"featured_media":255895,"comment_status":"open","ping_status":"closed","sticky":false,"template":"","format":"standard","meta":{"footnotes":""},"categories":[78,1726,6026],"tags":[],"class_list":["post-255893","post","type-post","status-publish","format-standard","has-post-thumbnail","hentry","category-nacional","category-nacionales","category-portada"],"yoast_head":"<!-- This site is optimized with the Yoast SEO plugin v26.5 - https:\/\/yoast.com\/wordpress\/plugins\/seo\/ -->\n<title>Expulsi\u00f3n de Berm\u00fadez Requena de Paraguay fue por estancia ilegal y delitos: Sheinbaum - NOTICIAS<\/title>\n<meta name=\"robots\" content=\"index, follow, max-snippet:-1, max-image-preview:large, max-video-preview:-1\" \/>\n<link rel=\"canonical\" href=\"https:\/\/laredsocial-noticias.com\/wp\/expulsion-de-bermudez-requena-de-paraguay-fue-por-estancia-ilegal-y-delitos-sheinbaum\/\" \/>\n<meta property=\"og:locale\" content=\"es_ES\" \/>\n<meta property=\"og:type\" content=\"article\" \/>\n<meta property=\"og:title\" content=\"Expulsi\u00f3n de Berm\u00fadez Requena de Paraguay fue por estancia ilegal y delitos: Sheinbaum - NOTICIAS\" \/>\n<meta property=\"og:description\" content=\"En la v\u00edspera de la llegada de Hern\u00e1n Berm\u00fadez Requena, presunto l\u00edder del grupo criminal La Barredora a M\u00e9xico desde...\" \/>\n<meta property=\"og:url\" content=\"https:\/\/laredsocial-noticias.com\/wp\/expulsion-de-bermudez-requena-de-paraguay-fue-por-estancia-ilegal-y-delitos-sheinbaum\/\" \/>\n<meta property=\"og:site_name\" content=\"NOTICIAS\" \/>\n<meta property=\"article:published_time\" content=\"2025-09-18T18:31:39+00:00\" \/>\n<meta property=\"article:modified_time\" content=\"2025-09-18T18:31:55+00:00\" \/>\n<meta name=\"author\" content=\"Editor en Jefe\" \/>\n<meta name=\"twitter:card\" content=\"summary_large_image\" \/>\n<meta name=\"twitter:label1\" content=\"Escrito por\" \/>\n\t<meta name=\"twitter:data1\" content=\"Editor en Jefe\" \/>\n\t<meta name=\"twitter:label2\" content=\"Tiempo de lectura\" \/>\n\t<meta name=\"twitter:data2\" content=\"2 minutos\" \/>\n<!-- \/ Yoast SEO plugin. -->","yoast_head_json":{"title":"Expulsi\u00f3n de Berm\u00fadez Requena de Paraguay fue por estancia ilegal y delitos: Sheinbaum - NOTICIAS","robots":{"index":"index","follow":"follow","max-snippet":"max-snippet:-1","max-image-preview":"max-image-preview:large","max-video-preview":"max-video-preview:-1"},"canonical":"https:\/\/laredsocial-noticias.com\/wp\/expulsion-de-bermudez-requena-de-paraguay-fue-por-estancia-ilegal-y-delitos-sheinbaum\/","og_locale":"es_ES","og_type":"article","og_title":"Expulsi\u00f3n de Berm\u00fadez Requena de Paraguay fue por estancia ilegal y delitos: Sheinbaum - NOTICIAS","og_description":"En la v\u00edspera de la llegada de Hern\u00e1n Berm\u00fadez Requena, presunto l\u00edder del grupo criminal La Barredora a M\u00e9xico desde...","og_url":"https:\/\/laredsocial-noticias.com\/wp\/expulsion-de-bermudez-requena-de-paraguay-fue-por-estancia-ilegal-y-delitos-sheinbaum\/","og_site_name":"NOTICIAS","article_published_time":"2025-09-18T18:31:39+00:00","article_modified_time":"2025-09-18T18:31:55+00:00","author":"Editor en Jefe","twitter_card":"summary_large_image","twitter_misc":{"Escrito por":"Editor en Jefe","Tiempo de lectura":"2 minutos"},"schema":{"@context":"https:\/\/schema.org","@graph":[{"@type":"WebPage","@id":"https:\/\/laredsocial-noticias.com\/wp\/expulsion-de-bermudez-requena-de-paraguay-fue-por-estancia-ilegal-y-delitos-sheinbaum\/","url":"https:\/\/laredsocial-noticias.com\/wp\/expulsion-de-bermudez-requena-de-paraguay-fue-por-estancia-ilegal-y-delitos-sheinbaum\/","name":"Expulsi\u00f3n de Berm\u00fadez Requena de Paraguay fue por estancia ilegal y delitos: Sheinbaum - NOTICIAS","isPartOf":{"@id":"https:\/\/laredsocial-noticias.com\/wp\/#website"},"primaryImageOfPage":{"@id":"https:\/\/laredsocial-noticias.com\/wp\/expulsion-de-bermudez-requena-de-paraguay-fue-por-estancia-ilegal-y-delitos-sheinbaum\/#primaryimage"},"image":{"@id":"https:\/\/laredsocial-noticias.com\/wp\/expulsion-de-bermudez-requena-de-paraguay-fue-por-estancia-ilegal-y-delitos-sheinbaum\/#primaryimage"},"thumbnailUrl":"https:\/\/laredsocial-noticias.com\/wp\/wp-content\/uploads\/2025\/09\/3382221.jpg","datePublished":"2025-09-18T18:31:39+00:00","dateModified":"2025-09-18T18:31:55+00:00","author":{"@id":"https:\/\/laredsocial-noticias.com\/wp\/#\/schema\/person\/0ce78643f2de7aae6f6ef10e8453a6e0"},"breadcrumb":{"@id":"https:\/\/laredsocial-noticias.com\/wp\/expulsion-de-bermudez-requena-de-paraguay-fue-por-estancia-ilegal-y-delitos-sheinbaum\/#breadcrumb"},"inLanguage":"es","potentialAction":[{"@type":"ReadAction","target":["https:\/\/laredsocial-noticias.com\/wp\/expulsion-de-bermudez-requena-de-paraguay-fue-por-estancia-ilegal-y-delitos-sheinbaum\/"]}]},{"@type":"ImageObject","inLanguage":"es","@id":"https:\/\/laredsocial-noticias.com\/wp\/expulsion-de-bermudez-requena-de-paraguay-fue-por-estancia-ilegal-y-delitos-sheinbaum\/#primaryimage","url":"https:\/\/laredsocial-noticias.com\/wp\/wp-content\/uploads\/2025\/09\/3382221.jpg","contentUrl":"https:\/\/laredsocial-noticias.com\/wp\/wp-content\/uploads\/2025\/09\/3382221.jpg","width":770,"height":530},{"@type":"BreadcrumbList","@id":"https:\/\/laredsocial-noticias.com\/wp\/expulsion-de-bermudez-requena-de-paraguay-fue-por-estancia-ilegal-y-delitos-sheinbaum\/#breadcrumb","itemListElement":[{"@type":"ListItem","position":1,"name":"Portada","item":"https:\/\/laredsocial-noticias.com\/wp\/"},{"@type":"ListItem","position":2,"name":"Expulsi\u00f3n de Berm\u00fadez Requena de Paraguay fue por estancia ilegal y delitos: Sheinbaum"}]},{"@type":"WebSite","@id":"https:\/\/laredsocial-noticias.com\/wp\/#website","url":"https:\/\/laredsocial-noticias.com\/wp\/","name":"NOTICIAS","description":"Lo que se ve y se dice en las redes sociales","potentialAction":[{"@type":"SearchAction","target":{"@type":"EntryPoint","urlTemplate":"https:\/\/laredsocial-noticias.com\/wp\/?s={search_term_string}"},"query-input":{"@type":"PropertyValueSpecification","valueRequired":true,"valueName":"search_term_string"}}],"inLanguage":"es"},{"@type":"Person","@id":"https:\/\/laredsocial-noticias.com\/wp\/#\/schema\/person\/0ce78643f2de7aae6f6ef10e8453a6e0","name":"Editor en Jefe","url":"https:\/\/laredsocial-noticias.com\/wp\/author\/jorgeochoa\/"}]}},"_links":{"self":[{"href":"https:\/\/laredsocial-noticias.com\/wp\/wp-json\/wp\/v2\/posts\/255893","targetHints":{"allow":["GET"]}}],"collection":[{"href":"https:\/\/laredsocial-noticias.com\/wp\/wp-json\/wp\/v2\/posts"}],"about":[{"href":"https:\/\/laredsocial-noticias.com\/wp\/wp-json\/wp\/v2\/types\/post"}],"author":[{"embeddable":true,"href":"https:\/\/laredsocial-noticias.com\/wp\/wp-json\/wp\/v2\/users\/1"}],"replies":[{"embeddable":true,"href":"https:\/\/laredsocial-noticias.com\/wp\/wp-json\/wp\/v2\/comments?post=255893"}],"version-history":[{"count":1,"href":"https:\/\/laredsocial-noticias.com\/wp\/wp-json\/wp\/v2\/posts\/255893\/revisions"}],"predecessor-version":[{"id":255894,"href":"https:\/\/laredsocial-noticias.com\/wp\/wp-json\/wp\/v2\/posts\/255893\/revisions\/255894"}],"wp:featuredmedia":[{"embeddable":true,"href":"https:\/\/laredsocial-noticias.com\/wp\/wp-json\/wp\/v2\/media\/255895"}],"wp:attachment":[{"href":"https:\/\/laredsocial-noticias.com\/wp\/wp-json\/wp\/v2\/media?parent=255893"}],"wp:term":[{"taxonomy":"category","embeddable":true,"href":"https:\/\/laredsocial-noticias.com\/wp\/wp-json\/wp\/v2\/categories?post=255893"},{"taxonomy":"post_tag","embeddable":true,"href":"https:\/\/laredsocial-noticias.com\/wp\/wp-json\/wp\/v2\/tags?post=255893"}],"curies":[{"name":"wp","href":"https:\/\/api.w.org\/{rel}","templated":true}]}}