{"id":255903,"date":"2025-09-18T12:42:30","date_gmt":"2025-09-18T18:42:30","guid":{"rendered":"https:\/\/laredsocial-noticias.com\/wp\/?p=255903"},"modified":"2025-09-18T12:42:45","modified_gmt":"2025-09-18T18:42:45","slug":"llega-el-lider-de-la-barredora-a-mexico-luego-de-mas-de-20-horas-de-su-expulsion-de-paraguay","status":"publish","type":"post","link":"https:\/\/laredsocial-noticias.com\/wp\/llega-el-lider-de-la-barredora-a-mexico-luego-de-mas-de-20-horas-de-su-expulsion-de-paraguay\/","title":{"rendered":"Llega el l\u00edder de &#8220;La Barredora&#8221; a M\u00e9xico luego de m\u00e1s de 20 horas de su expulsi\u00f3n de Paraguay"},"content":{"rendered":"<p>Hern\u00e1n Berm\u00fadez Requena, identificado como l\u00edder del grupo criminal \u201cLa Barredora\u201d en Tabasco, lleg\u00f3 este jueves a M\u00e9xico luego de que fue expulsado de Paraguay, pa\u00eds donde se registr\u00f3 su aprehensi\u00f3n la semana pasada.<\/p>\n<p>De acuerdo con las autoridades, \u201cEl Abuelo\u201d o \u201cComandante H\u201d ser\u00e1 trasladado al Centro Federal de Reinserci\u00f3n Social N\u00famero 1, \u201cEl Altiplano\u201d, ubicado en el Estado de M\u00e9xico.<\/p>\n<p>El vuelo en el que viaj\u00f3 desde Paraguay realiz\u00f3 una parada de m\u00e1s de 12 horas en Colombia desde la noche del mi\u00e9rcoles y alrededor de las 8:30 de la ma\u00f1ana retom\u00f3 el viaje.<\/p>\n","protected":false},"excerpt":{"rendered":"<p>Hern\u00e1n Berm\u00fadez Requena, identificado como l\u00edder del grupo criminal \u201cLa Barredora\u201d en Tabasco, lleg\u00f3 este jueves a M\u00e9xico luego de&#8230;<\/p>\n","protected":false},"author":1,"featured_media":255905,"comment_status":"open","ping_status":"closed","sticky":false,"template":"","format":"standard","meta":{"footnotes":""},"categories":[78,1726,6026],"tags":[],"class_list":["post-255903","post","type-post","status-publish","format-standard","has-post-thumbnail","hentry","category-nacional","category-nacionales","category-portada"],"yoast_head":"<!-- This site is optimized with the Yoast SEO plugin v26.5 - https:\/\/yoast.com\/wordpress\/plugins\/seo\/ -->\n<title>Llega el l\u00edder de &quot;La Barredora&quot; a M\u00e9xico luego de m\u00e1s de 20 horas de su expulsi\u00f3n de Paraguay - NOTICIAS<\/title>\n<meta name=\"robots\" content=\"index, follow, max-snippet:-1, max-image-preview:large, max-video-preview:-1\" \/>\n<link rel=\"canonical\" href=\"https:\/\/laredsocial-noticias.com\/wp\/llega-el-lider-de-la-barredora-a-mexico-luego-de-mas-de-20-horas-de-su-expulsion-de-paraguay\/\" \/>\n<meta property=\"og:locale\" content=\"es_ES\" \/>\n<meta property=\"og:type\" content=\"article\" \/>\n<meta property=\"og:title\" content=\"Llega el l\u00edder de &quot;La Barredora&quot; a M\u00e9xico luego de m\u00e1s de 20 horas de su expulsi\u00f3n de Paraguay - NOTICIAS\" \/>\n<meta property=\"og:description\" content=\"Hern\u00e1n Berm\u00fadez Requena, identificado como l\u00edder del grupo criminal \u201cLa Barredora\u201d en Tabasco, lleg\u00f3 este jueves a M\u00e9xico luego de...\" \/>\n<meta property=\"og:url\" content=\"https:\/\/laredsocial-noticias.com\/wp\/llega-el-lider-de-la-barredora-a-mexico-luego-de-mas-de-20-horas-de-su-expulsion-de-paraguay\/\" \/>\n<meta property=\"og:site_name\" content=\"NOTICIAS\" \/>\n<meta property=\"article:published_time\" content=\"2025-09-18T18:42:30+00:00\" \/>\n<meta property=\"article:modified_time\" content=\"2025-09-18T18:42:45+00:00\" \/>\n<meta name=\"author\" content=\"Editor en Jefe\" \/>\n<meta name=\"twitter:card\" content=\"summary_large_image\" \/>\n<meta name=\"twitter:label1\" content=\"Escrito por\" \/>\n\t<meta name=\"twitter:data1\" content=\"Editor en Jefe\" \/>\n\t<meta name=\"twitter:label2\" content=\"Tiempo de lectura\" \/>\n\t<meta name=\"twitter:data2\" content=\"1 minuto\" \/>\n<!-- \/ Yoast SEO plugin. -->","yoast_head_json":{"title":"Llega el l\u00edder de \"La Barredora\" a M\u00e9xico luego de m\u00e1s de 20 horas de su expulsi\u00f3n de Paraguay - NOTICIAS","robots":{"index":"index","follow":"follow","max-snippet":"max-snippet:-1","max-image-preview":"max-image-preview:large","max-video-preview":"max-video-preview:-1"},"canonical":"https:\/\/laredsocial-noticias.com\/wp\/llega-el-lider-de-la-barredora-a-mexico-luego-de-mas-de-20-horas-de-su-expulsion-de-paraguay\/","og_locale":"es_ES","og_type":"article","og_title":"Llega el l\u00edder de \"La Barredora\" a M\u00e9xico luego de m\u00e1s de 20 horas de su expulsi\u00f3n de Paraguay - NOTICIAS","og_description":"Hern\u00e1n Berm\u00fadez Requena, identificado como l\u00edder del grupo criminal \u201cLa Barredora\u201d en Tabasco, lleg\u00f3 este jueves a M\u00e9xico luego de...","og_url":"https:\/\/laredsocial-noticias.com\/wp\/llega-el-lider-de-la-barredora-a-mexico-luego-de-mas-de-20-horas-de-su-expulsion-de-paraguay\/","og_site_name":"NOTICIAS","article_published_time":"2025-09-18T18:42:30+00:00","article_modified_time":"2025-09-18T18:42:45+00:00","author":"Editor en Jefe","twitter_card":"summary_large_image","twitter_misc":{"Escrito por":"Editor en Jefe","Tiempo de lectura":"1 minuto"},"schema":{"@context":"https:\/\/schema.org","@graph":[{"@type":"WebPage","@id":"https:\/\/laredsocial-noticias.com\/wp\/llega-el-lider-de-la-barredora-a-mexico-luego-de-mas-de-20-horas-de-su-expulsion-de-paraguay\/","url":"https:\/\/laredsocial-noticias.com\/wp\/llega-el-lider-de-la-barredora-a-mexico-luego-de-mas-de-20-horas-de-su-expulsion-de-paraguay\/","name":"Llega el l\u00edder de \"La Barredora\" a M\u00e9xico luego de m\u00e1s de 20 horas de su expulsi\u00f3n de Paraguay - NOTICIAS","isPartOf":{"@id":"https:\/\/laredsocial-noticias.com\/wp\/#website"},"primaryImageOfPage":{"@id":"https:\/\/laredsocial-noticias.com\/wp\/llega-el-lider-de-la-barredora-a-mexico-luego-de-mas-de-20-horas-de-su-expulsion-de-paraguay\/#primaryimage"},"image":{"@id":"https:\/\/laredsocial-noticias.com\/wp\/llega-el-lider-de-la-barredora-a-mexico-luego-de-mas-de-20-horas-de-su-expulsion-de-paraguay\/#primaryimage"},"thumbnailUrl":"https:\/\/laredsocial-noticias.com\/wp\/wp-content\/uploads\/2025\/09\/G1JUbWTWAAAIirt.jpg","datePublished":"2025-09-18T18:42:30+00:00","dateModified":"2025-09-18T18:42:45+00:00","author":{"@id":"https:\/\/laredsocial-noticias.com\/wp\/#\/schema\/person\/0ce78643f2de7aae6f6ef10e8453a6e0"},"breadcrumb":{"@id":"https:\/\/laredsocial-noticias.com\/wp\/llega-el-lider-de-la-barredora-a-mexico-luego-de-mas-de-20-horas-de-su-expulsion-de-paraguay\/#breadcrumb"},"inLanguage":"es","potentialAction":[{"@type":"ReadAction","target":["https:\/\/laredsocial-noticias.com\/wp\/llega-el-lider-de-la-barredora-a-mexico-luego-de-mas-de-20-horas-de-su-expulsion-de-paraguay\/"]}]},{"@type":"ImageObject","inLanguage":"es","@id":"https:\/\/laredsocial-noticias.com\/wp\/llega-el-lider-de-la-barredora-a-mexico-luego-de-mas-de-20-horas-de-su-expulsion-de-paraguay\/#primaryimage","url":"https:\/\/laredsocial-noticias.com\/wp\/wp-content\/uploads\/2025\/09\/G1JUbWTWAAAIirt.jpg","contentUrl":"https:\/\/laredsocial-noticias.com\/wp\/wp-content\/uploads\/2025\/09\/G1JUbWTWAAAIirt.jpg","width":680,"height":454},{"@type":"BreadcrumbList","@id":"https:\/\/laredsocial-noticias.com\/wp\/llega-el-lider-de-la-barredora-a-mexico-luego-de-mas-de-20-horas-de-su-expulsion-de-paraguay\/#breadcrumb","itemListElement":[{"@type":"ListItem","position":1,"name":"Portada","item":"https:\/\/laredsocial-noticias.com\/wp\/"},{"@type":"ListItem","position":2,"name":"Llega el l\u00edder de &#8220;La Barredora&#8221; a M\u00e9xico luego de m\u00e1s de 20 horas de su expulsi\u00f3n de Paraguay"}]},{"@type":"WebSite","@id":"https:\/\/laredsocial-noticias.com\/wp\/#website","url":"https:\/\/laredsocial-noticias.com\/wp\/","name":"NOTICIAS","description":"Lo que se ve y se dice en las redes sociales","potentialAction":[{"@type":"SearchAction","target":{"@type":"EntryPoint","urlTemplate":"https:\/\/laredsocial-noticias.com\/wp\/?s={search_term_string}"},"query-input":{"@type":"PropertyValueSpecification","valueRequired":true,"valueName":"search_term_string"}}],"inLanguage":"es"},{"@type":"Person","@id":"https:\/\/laredsocial-noticias.com\/wp\/#\/schema\/person\/0ce78643f2de7aae6f6ef10e8453a6e0","name":"Editor en Jefe","url":"https:\/\/laredsocial-noticias.com\/wp\/author\/jorgeochoa\/"}]}},"_links":{"self":[{"href":"https:\/\/laredsocial-noticias.com\/wp\/wp-json\/wp\/v2\/posts\/255903","targetHints":{"allow":["GET"]}}],"collection":[{"href":"https:\/\/laredsocial-noticias.com\/wp\/wp-json\/wp\/v2\/posts"}],"about":[{"href":"https:\/\/laredsocial-noticias.com\/wp\/wp-json\/wp\/v2\/types\/post"}],"author":[{"embeddable":true,"href":"https:\/\/laredsocial-noticias.com\/wp\/wp-json\/wp\/v2\/users\/1"}],"replies":[{"embeddable":true,"href":"https:\/\/laredsocial-noticias.com\/wp\/wp-json\/wp\/v2\/comments?post=255903"}],"version-history":[{"count":1,"href":"https:\/\/laredsocial-noticias.com\/wp\/wp-json\/wp\/v2\/posts\/255903\/revisions"}],"predecessor-version":[{"id":255904,"href":"https:\/\/laredsocial-noticias.com\/wp\/wp-json\/wp\/v2\/posts\/255903\/revisions\/255904"}],"wp:featuredmedia":[{"embeddable":true,"href":"https:\/\/laredsocial-noticias.com\/wp\/wp-json\/wp\/v2\/media\/255905"}],"wp:attachment":[{"href":"https:\/\/laredsocial-noticias.com\/wp\/wp-json\/wp\/v2\/media?parent=255903"}],"wp:term":[{"taxonomy":"category","embeddable":true,"href":"https:\/\/laredsocial-noticias.com\/wp\/wp-json\/wp\/v2\/categories?post=255903"},{"taxonomy":"post_tag","embeddable":true,"href":"https:\/\/laredsocial-noticias.com\/wp\/wp-json\/wp\/v2\/tags?post=255903"}],"curies":[{"name":"wp","href":"https:\/\/api.w.org\/{rel}","templated":true}]}}