{"id":256917,"date":"2025-10-03T10:20:18","date_gmt":"2025-10-03T16:20:18","guid":{"rendered":"https:\/\/laredsocial-noticias.com\/wp\/?p=256917"},"modified":"2025-10-03T10:20:32","modified_gmt":"2025-10-03T16:20:32","slug":"cierre-gubernamental-en-ee-uu-se-prolongara-hasta-la-proxima-semana","status":"publish","type":"post","link":"https:\/\/laredsocial-noticias.com\/wp\/cierre-gubernamental-en-ee-uu-se-prolongara-hasta-la-proxima-semana\/","title":{"rendered":"Cierre gubernamental en EE.UU. se prolongar\u00e1 hasta la pr\u00f3xima semana"},"content":{"rendered":"<p>El cierre gubernamental en Estados Unidos continuar\u00e1 al menos hasta la pr\u00f3xima semana, pese a que este viernes est\u00e1 prevista una nueva votaci\u00f3n en el Senado, donde la divisi\u00f3n entre dem\u00f3cratas y republicanos persiste sin cambios.<\/p>\n<p>Se trata de la cuarta votaci\u00f3n desde que la C\u00e1mara de Representantes, con mayor\u00eda republicana, aprob\u00f3 un proyecto para extender el presupuesto hasta el 21 de septiembre.<\/p>\n<p>Aunque los republicanos cuentan con 53 de los 100 esca\u00f1os en el Senado, se requieren 60 votos afirmativos para sacar adelante el paquete presupuestario. Los c\u00e1lculos legislativos no anticipan que se logre la mayor\u00eda necesaria.<\/p>\n<p>Agencias federales sin fondos y 750 mil trabajadores afectados<\/p>\n<p>Desde el mi\u00e9rcoles, cuando termin\u00f3 el a\u00f1o fiscal, las agencias federales carecen de fondos y cerca de 750 mil trabajadores est\u00e1n en suspensi\u00f3n de labores.<\/p>\n<p>Este viernes, el Departamento de Trabajo no public\u00f3 el informe mensual de empleo, uno de los principales indicadores de la econom\u00eda estadounidense. Tambi\u00e9n se retrasaron otros reportes oficiales, como las solicitudes de prestaciones por desempleo, lo que limita la disponibilidad de datos econ\u00f3micos para la toma de decisiones gubernamentales y empresariales.<br \/>\nRepublicanos y dem\u00f3cratas enfrentados por presupuesto y subsidios<\/p>\n<p>Los republicanos buscan que los dem\u00f3cratas apoyen una medida provisional, como lo hicieron en 13 ocasiones durante la presidencia de Joe Biden. Presentaron un proyecto de 24 p\u00e1ginas, mientras que los dem\u00f3cratas en el Senado propusieron otro de m\u00e1s de 60 p\u00e1ginas que revierte los recortes en los subsidios de salud p\u00fablica aprobados por el gobierno de Donald Trump en julio.<\/p>\n","protected":false},"excerpt":{"rendered":"<p>El cierre gubernamental en Estados Unidos continuar\u00e1 al menos hasta la pr\u00f3xima semana, pese a que este viernes est\u00e1 prevista&#8230;<\/p>\n","protected":false},"author":1,"featured_media":256919,"comment_status":"open","ping_status":"closed","sticky":false,"template":"","format":"standard","meta":{"footnotes":""},"categories":[101,102],"tags":[],"class_list":["post-256917","post","type-post","status-publish","format-standard","has-post-thumbnail","hentry","category-internacional","category-internacionales"],"yoast_head":"<!-- This site is optimized with the Yoast SEO plugin v26.5 - https:\/\/yoast.com\/wordpress\/plugins\/seo\/ -->\n<title>Cierre gubernamental en EE.UU. se prolongar\u00e1 hasta la pr\u00f3xima semana - NOTICIAS<\/title>\n<meta name=\"robots\" content=\"index, follow, max-snippet:-1, max-image-preview:large, max-video-preview:-1\" \/>\n<link rel=\"canonical\" href=\"https:\/\/laredsocial-noticias.com\/wp\/cierre-gubernamental-en-ee-uu-se-prolongara-hasta-la-proxima-semana\/\" \/>\n<meta property=\"og:locale\" content=\"es_ES\" \/>\n<meta property=\"og:type\" content=\"article\" \/>\n<meta property=\"og:title\" content=\"Cierre gubernamental en EE.UU. se prolongar\u00e1 hasta la pr\u00f3xima semana - NOTICIAS\" \/>\n<meta property=\"og:description\" content=\"El cierre gubernamental en Estados Unidos continuar\u00e1 al menos hasta la pr\u00f3xima semana, pese a que este viernes est\u00e1 prevista...\" \/>\n<meta property=\"og:url\" content=\"https:\/\/laredsocial-noticias.com\/wp\/cierre-gubernamental-en-ee-uu-se-prolongara-hasta-la-proxima-semana\/\" \/>\n<meta property=\"og:site_name\" content=\"NOTICIAS\" \/>\n<meta property=\"article:published_time\" content=\"2025-10-03T16:20:18+00:00\" \/>\n<meta property=\"article:modified_time\" content=\"2025-10-03T16:20:32+00:00\" \/>\n<meta name=\"author\" content=\"Editor en Jefe\" \/>\n<meta name=\"twitter:card\" content=\"summary_large_image\" \/>\n<meta name=\"twitter:label1\" content=\"Escrito por\" \/>\n\t<meta name=\"twitter:data1\" content=\"Editor en Jefe\" \/>\n\t<meta name=\"twitter:label2\" content=\"Tiempo de lectura\" \/>\n\t<meta name=\"twitter:data2\" content=\"1 minuto\" \/>\n<!-- \/ Yoast SEO plugin. -->","yoast_head_json":{"title":"Cierre gubernamental en EE.UU. se prolongar\u00e1 hasta la pr\u00f3xima semana - NOTICIAS","robots":{"index":"index","follow":"follow","max-snippet":"max-snippet:-1","max-image-preview":"max-image-preview:large","max-video-preview":"max-video-preview:-1"},"canonical":"https:\/\/laredsocial-noticias.com\/wp\/cierre-gubernamental-en-ee-uu-se-prolongara-hasta-la-proxima-semana\/","og_locale":"es_ES","og_type":"article","og_title":"Cierre gubernamental en EE.UU. se prolongar\u00e1 hasta la pr\u00f3xima semana - NOTICIAS","og_description":"El cierre gubernamental en Estados Unidos continuar\u00e1 al menos hasta la pr\u00f3xima semana, pese a que este viernes est\u00e1 prevista...","og_url":"https:\/\/laredsocial-noticias.com\/wp\/cierre-gubernamental-en-ee-uu-se-prolongara-hasta-la-proxima-semana\/","og_site_name":"NOTICIAS","article_published_time":"2025-10-03T16:20:18+00:00","article_modified_time":"2025-10-03T16:20:32+00:00","author":"Editor en Jefe","twitter_card":"summary_large_image","twitter_misc":{"Escrito por":"Editor en Jefe","Tiempo de lectura":"1 minuto"},"schema":{"@context":"https:\/\/schema.org","@graph":[{"@type":"WebPage","@id":"https:\/\/laredsocial-noticias.com\/wp\/cierre-gubernamental-en-ee-uu-se-prolongara-hasta-la-proxima-semana\/","url":"https:\/\/laredsocial-noticias.com\/wp\/cierre-gubernamental-en-ee-uu-se-prolongara-hasta-la-proxima-semana\/","name":"Cierre gubernamental en EE.UU. se prolongar\u00e1 hasta la pr\u00f3xima semana - NOTICIAS","isPartOf":{"@id":"https:\/\/laredsocial-noticias.com\/wp\/#website"},"primaryImageOfPage":{"@id":"https:\/\/laredsocial-noticias.com\/wp\/cierre-gubernamental-en-ee-uu-se-prolongara-hasta-la-proxima-semana\/#primaryimage"},"image":{"@id":"https:\/\/laredsocial-noticias.com\/wp\/cierre-gubernamental-en-ee-uu-se-prolongara-hasta-la-proxima-semana\/#primaryimage"},"thumbnailUrl":"https:\/\/laredsocial-noticias.com\/wp\/wp-content\/uploads\/2025\/10\/proyecto-nuevo-2025-10-03t094557.099-094749.jpg","datePublished":"2025-10-03T16:20:18+00:00","dateModified":"2025-10-03T16:20:32+00:00","author":{"@id":"https:\/\/laredsocial-noticias.com\/wp\/#\/schema\/person\/0ce78643f2de7aae6f6ef10e8453a6e0"},"breadcrumb":{"@id":"https:\/\/laredsocial-noticias.com\/wp\/cierre-gubernamental-en-ee-uu-se-prolongara-hasta-la-proxima-semana\/#breadcrumb"},"inLanguage":"es","potentialAction":[{"@type":"ReadAction","target":["https:\/\/laredsocial-noticias.com\/wp\/cierre-gubernamental-en-ee-uu-se-prolongara-hasta-la-proxima-semana\/"]}]},{"@type":"ImageObject","inLanguage":"es","@id":"https:\/\/laredsocial-noticias.com\/wp\/cierre-gubernamental-en-ee-uu-se-prolongara-hasta-la-proxima-semana\/#primaryimage","url":"https:\/\/laredsocial-noticias.com\/wp\/wp-content\/uploads\/2025\/10\/proyecto-nuevo-2025-10-03t094557.099-094749.jpg","contentUrl":"https:\/\/laredsocial-noticias.com\/wp\/wp-content\/uploads\/2025\/10\/proyecto-nuevo-2025-10-03t094557.099-094749.jpg","width":1200,"height":675},{"@type":"BreadcrumbList","@id":"https:\/\/laredsocial-noticias.com\/wp\/cierre-gubernamental-en-ee-uu-se-prolongara-hasta-la-proxima-semana\/#breadcrumb","itemListElement":[{"@type":"ListItem","position":1,"name":"Portada","item":"https:\/\/laredsocial-noticias.com\/wp\/"},{"@type":"ListItem","position":2,"name":"Cierre gubernamental en EE.UU. se prolongar\u00e1 hasta la pr\u00f3xima semana"}]},{"@type":"WebSite","@id":"https:\/\/laredsocial-noticias.com\/wp\/#website","url":"https:\/\/laredsocial-noticias.com\/wp\/","name":"NOTICIAS","description":"Lo que se ve y se dice en las redes sociales","potentialAction":[{"@type":"SearchAction","target":{"@type":"EntryPoint","urlTemplate":"https:\/\/laredsocial-noticias.com\/wp\/?s={search_term_string}"},"query-input":{"@type":"PropertyValueSpecification","valueRequired":true,"valueName":"search_term_string"}}],"inLanguage":"es"},{"@type":"Person","@id":"https:\/\/laredsocial-noticias.com\/wp\/#\/schema\/person\/0ce78643f2de7aae6f6ef10e8453a6e0","name":"Editor en Jefe","url":"https:\/\/laredsocial-noticias.com\/wp\/author\/jorgeochoa\/"}]}},"_links":{"self":[{"href":"https:\/\/laredsocial-noticias.com\/wp\/wp-json\/wp\/v2\/posts\/256917","targetHints":{"allow":["GET"]}}],"collection":[{"href":"https:\/\/laredsocial-noticias.com\/wp\/wp-json\/wp\/v2\/posts"}],"about":[{"href":"https:\/\/laredsocial-noticias.com\/wp\/wp-json\/wp\/v2\/types\/post"}],"author":[{"embeddable":true,"href":"https:\/\/laredsocial-noticias.com\/wp\/wp-json\/wp\/v2\/users\/1"}],"replies":[{"embeddable":true,"href":"https:\/\/laredsocial-noticias.com\/wp\/wp-json\/wp\/v2\/comments?post=256917"}],"version-history":[{"count":1,"href":"https:\/\/laredsocial-noticias.com\/wp\/wp-json\/wp\/v2\/posts\/256917\/revisions"}],"predecessor-version":[{"id":256918,"href":"https:\/\/laredsocial-noticias.com\/wp\/wp-json\/wp\/v2\/posts\/256917\/revisions\/256918"}],"wp:featuredmedia":[{"embeddable":true,"href":"https:\/\/laredsocial-noticias.com\/wp\/wp-json\/wp\/v2\/media\/256919"}],"wp:attachment":[{"href":"https:\/\/laredsocial-noticias.com\/wp\/wp-json\/wp\/v2\/media?parent=256917"}],"wp:term":[{"taxonomy":"category","embeddable":true,"href":"https:\/\/laredsocial-noticias.com\/wp\/wp-json\/wp\/v2\/categories?post=256917"},{"taxonomy":"post_tag","embeddable":true,"href":"https:\/\/laredsocial-noticias.com\/wp\/wp-json\/wp\/v2\/tags?post=256917"}],"curies":[{"name":"wp","href":"https:\/\/api.w.org\/{rel}","templated":true}]}}