{"id":258365,"date":"2025-10-28T07:24:20","date_gmt":"2025-10-28T13:24:20","guid":{"rendered":"https:\/\/laredsocial-noticias.com\/wp\/?p=258365"},"modified":"2025-10-28T07:24:32","modified_gmt":"2025-10-28T13:24:32","slug":"jamaica-en-alerta-huracan-melissa-llega-con-vientos-de-hasta-280-km-h","status":"publish","type":"post","link":"https:\/\/laredsocial-noticias.com\/wp\/jamaica-en-alerta-huracan-melissa-llega-con-vientos-de-hasta-280-km-h\/","title":{"rendered":"Jamaica en alerta: Hurac\u00e1n Melissa llega con vientos de hasta 280 km\/h"},"content":{"rendered":"<p>El hurac\u00e1n Melissa, de categor\u00eda 5, tocar\u00e1 tierra en Jamaica este martes 28 de octubre, con vientos sostenidos de casi 280 kil\u00f3metros por hora, seg\u00fan informaron las autoridades locales. El fen\u00f3meno, considerado \u201cextremadamente potente\u201d, mantiene en alerta m\u00e1xima al pa\u00eds por su fuerza e intensidad.<\/p>\n<p>El primer ministro Andrew Holness detall\u00f3 que el ojo del hurac\u00e1n comenz\u00f3 a desplazarse sobre la isla desde la noche del lunes, provocando lluvias intensas y rachas de viento a\u00fan m\u00e1s fuertes. Las autoridades piden a la poblaci\u00f3n refugiarse y seguir las indicaciones de emergencia ante el riesgo de da\u00f1os severos.<br \/>\nHurac\u00e1n Melissa amenaza con lluvias extremas e inundaciones<\/p>\n<p>Las previsiones meteorol\u00f3gicas apuntan a que Melissa podr\u00eda generar entre 350 y 750 mil\u00edmetros de lluvia por metro cuadrado en las pr\u00f3ximas horas, especialmente en el centro y este de Jamaica. Las autoridades advirtieron sobre la alta probabilidad de inundaciones repentinas y deslizamientos de tierra, adem\u00e1s de oleajes destructivos en la costa sur.<\/p>\n<p>La tormenta se desplaza lentamente, lo que podr\u00eda agravar los efectos en las zonas m\u00e1s vulnerables. Los servicios de emergencia ya se encuentran desplegados para atender posibles contingencias y cortes de energ\u00eda.<\/p>\n<p>Afectaciones tambi\u00e9n en Cuba, Hait\u00ed y Rep\u00fablica Dominicana<\/p>\n<p>El paso del hurac\u00e1n Melissa tambi\u00e9n impactar\u00e1 en las pr\u00f3ximas horas a Cuba, Hait\u00ed y Rep\u00fablica Dominicana, donde se han activado planes de evacuaci\u00f3n preventiva. En la base militar estadounidense de Guant\u00e1namo, un millar de personas del personal no esencial fue evacuado durante el fin de semana.<br \/>\n\u00bfTienes una denuncia o informaci\u00f3n que quieras compartir? Escr\u00edbenos al WhatsApp de Uno TV: +52 55 8056 9131. Tu mensaje puede hacer la diferencia.<\/p>\n<p>El vicealmirante John Hewitt, comandante de la Regi\u00f3n Naval Sureste de Estados Unidos, asegur\u00f3 que se est\u00e1n tomando \u201ctodas las medidas necesarias\u201d para garantizar la seguridad del personal y mantener operativas las instalaciones.<\/p>\n","protected":false},"excerpt":{"rendered":"<p>El hurac\u00e1n Melissa, de categor\u00eda 5, tocar\u00e1 tierra en Jamaica este martes 28 de octubre, con vientos sostenidos de casi&#8230;<\/p>\n","protected":false},"author":1,"featured_media":258367,"comment_status":"open","ping_status":"closed","sticky":false,"template":"","format":"standard","meta":{"footnotes":""},"categories":[102,10716],"tags":[],"class_list":["post-258365","post","type-post","status-publish","format-standard","has-post-thumbnail","hentry","category-internacionales","category-international"],"yoast_head":"<!-- This site is optimized with the Yoast SEO plugin v26.5 - https:\/\/yoast.com\/wordpress\/plugins\/seo\/ -->\n<title>Jamaica en alerta: Hurac\u00e1n Melissa llega con vientos de hasta 280 km\/h - NOTICIAS<\/title>\n<meta name=\"robots\" content=\"index, follow, max-snippet:-1, max-image-preview:large, max-video-preview:-1\" \/>\n<link rel=\"canonical\" href=\"https:\/\/laredsocial-noticias.com\/wp\/jamaica-en-alerta-huracan-melissa-llega-con-vientos-de-hasta-280-km-h\/\" \/>\n<meta property=\"og:locale\" content=\"es_ES\" \/>\n<meta property=\"og:type\" content=\"article\" \/>\n<meta property=\"og:title\" content=\"Jamaica en alerta: Hurac\u00e1n Melissa llega con vientos de hasta 280 km\/h - NOTICIAS\" \/>\n<meta property=\"og:description\" content=\"El hurac\u00e1n Melissa, de categor\u00eda 5, tocar\u00e1 tierra en Jamaica este martes 28 de octubre, con vientos sostenidos de casi...\" \/>\n<meta property=\"og:url\" content=\"https:\/\/laredsocial-noticias.com\/wp\/jamaica-en-alerta-huracan-melissa-llega-con-vientos-de-hasta-280-km-h\/\" \/>\n<meta property=\"og:site_name\" content=\"NOTICIAS\" \/>\n<meta property=\"article:published_time\" content=\"2025-10-28T13:24:20+00:00\" \/>\n<meta property=\"article:modified_time\" content=\"2025-10-28T13:24:32+00:00\" \/>\n<meta name=\"author\" content=\"Editor en Jefe\" \/>\n<meta name=\"twitter:card\" content=\"summary_large_image\" \/>\n<meta name=\"twitter:label1\" content=\"Escrito por\" \/>\n\t<meta name=\"twitter:data1\" content=\"Editor en Jefe\" \/>\n\t<meta name=\"twitter:label2\" content=\"Tiempo de lectura\" \/>\n\t<meta name=\"twitter:data2\" content=\"2 minutos\" \/>\n<!-- \/ Yoast SEO plugin. -->","yoast_head_json":{"title":"Jamaica en alerta: Hurac\u00e1n Melissa llega con vientos de hasta 280 km\/h - NOTICIAS","robots":{"index":"index","follow":"follow","max-snippet":"max-snippet:-1","max-image-preview":"max-image-preview:large","max-video-preview":"max-video-preview:-1"},"canonical":"https:\/\/laredsocial-noticias.com\/wp\/jamaica-en-alerta-huracan-melissa-llega-con-vientos-de-hasta-280-km-h\/","og_locale":"es_ES","og_type":"article","og_title":"Jamaica en alerta: Hurac\u00e1n Melissa llega con vientos de hasta 280 km\/h - NOTICIAS","og_description":"El hurac\u00e1n Melissa, de categor\u00eda 5, tocar\u00e1 tierra en Jamaica este martes 28 de octubre, con vientos sostenidos de casi...","og_url":"https:\/\/laredsocial-noticias.com\/wp\/jamaica-en-alerta-huracan-melissa-llega-con-vientos-de-hasta-280-km-h\/","og_site_name":"NOTICIAS","article_published_time":"2025-10-28T13:24:20+00:00","article_modified_time":"2025-10-28T13:24:32+00:00","author":"Editor en Jefe","twitter_card":"summary_large_image","twitter_misc":{"Escrito por":"Editor en Jefe","Tiempo de lectura":"2 minutos"},"schema":{"@context":"https:\/\/schema.org","@graph":[{"@type":"WebPage","@id":"https:\/\/laredsocial-noticias.com\/wp\/jamaica-en-alerta-huracan-melissa-llega-con-vientos-de-hasta-280-km-h\/","url":"https:\/\/laredsocial-noticias.com\/wp\/jamaica-en-alerta-huracan-melissa-llega-con-vientos-de-hasta-280-km-h\/","name":"Jamaica en alerta: Hurac\u00e1n Melissa llega con vientos de hasta 280 km\/h - NOTICIAS","isPartOf":{"@id":"https:\/\/laredsocial-noticias.com\/wp\/#website"},"primaryImageOfPage":{"@id":"https:\/\/laredsocial-noticias.com\/wp\/jamaica-en-alerta-huracan-melissa-llega-con-vientos-de-hasta-280-km-h\/#primaryimage"},"image":{"@id":"https:\/\/laredsocial-noticias.com\/wp\/jamaica-en-alerta-huracan-melissa-llega-con-vientos-de-hasta-280-km-h\/#primaryimage"},"thumbnailUrl":"https:\/\/laredsocial-noticias.com\/wp\/wp-content\/uploads\/2025\/10\/huracan-reuters-030211.jpg","datePublished":"2025-10-28T13:24:20+00:00","dateModified":"2025-10-28T13:24:32+00:00","author":{"@id":"https:\/\/laredsocial-noticias.com\/wp\/#\/schema\/person\/0ce78643f2de7aae6f6ef10e8453a6e0"},"breadcrumb":{"@id":"https:\/\/laredsocial-noticias.com\/wp\/jamaica-en-alerta-huracan-melissa-llega-con-vientos-de-hasta-280-km-h\/#breadcrumb"},"inLanguage":"es","potentialAction":[{"@type":"ReadAction","target":["https:\/\/laredsocial-noticias.com\/wp\/jamaica-en-alerta-huracan-melissa-llega-con-vientos-de-hasta-280-km-h\/"]}]},{"@type":"ImageObject","inLanguage":"es","@id":"https:\/\/laredsocial-noticias.com\/wp\/jamaica-en-alerta-huracan-melissa-llega-con-vientos-de-hasta-280-km-h\/#primaryimage","url":"https:\/\/laredsocial-noticias.com\/wp\/wp-content\/uploads\/2025\/10\/huracan-reuters-030211.jpg","contentUrl":"https:\/\/laredsocial-noticias.com\/wp\/wp-content\/uploads\/2025\/10\/huracan-reuters-030211.jpg","width":1200,"height":675},{"@type":"BreadcrumbList","@id":"https:\/\/laredsocial-noticias.com\/wp\/jamaica-en-alerta-huracan-melissa-llega-con-vientos-de-hasta-280-km-h\/#breadcrumb","itemListElement":[{"@type":"ListItem","position":1,"name":"Portada","item":"https:\/\/laredsocial-noticias.com\/wp\/"},{"@type":"ListItem","position":2,"name":"Jamaica en alerta: Hurac\u00e1n Melissa llega con vientos de hasta 280 km\/h"}]},{"@type":"WebSite","@id":"https:\/\/laredsocial-noticias.com\/wp\/#website","url":"https:\/\/laredsocial-noticias.com\/wp\/","name":"NOTICIAS","description":"Lo que se ve y se dice en las redes sociales","potentialAction":[{"@type":"SearchAction","target":{"@type":"EntryPoint","urlTemplate":"https:\/\/laredsocial-noticias.com\/wp\/?s={search_term_string}"},"query-input":{"@type":"PropertyValueSpecification","valueRequired":true,"valueName":"search_term_string"}}],"inLanguage":"es"},{"@type":"Person","@id":"https:\/\/laredsocial-noticias.com\/wp\/#\/schema\/person\/0ce78643f2de7aae6f6ef10e8453a6e0","name":"Editor en Jefe","url":"https:\/\/laredsocial-noticias.com\/wp\/author\/jorgeochoa\/"}]}},"_links":{"self":[{"href":"https:\/\/laredsocial-noticias.com\/wp\/wp-json\/wp\/v2\/posts\/258365","targetHints":{"allow":["GET"]}}],"collection":[{"href":"https:\/\/laredsocial-noticias.com\/wp\/wp-json\/wp\/v2\/posts"}],"about":[{"href":"https:\/\/laredsocial-noticias.com\/wp\/wp-json\/wp\/v2\/types\/post"}],"author":[{"embeddable":true,"href":"https:\/\/laredsocial-noticias.com\/wp\/wp-json\/wp\/v2\/users\/1"}],"replies":[{"embeddable":true,"href":"https:\/\/laredsocial-noticias.com\/wp\/wp-json\/wp\/v2\/comments?post=258365"}],"version-history":[{"count":1,"href":"https:\/\/laredsocial-noticias.com\/wp\/wp-json\/wp\/v2\/posts\/258365\/revisions"}],"predecessor-version":[{"id":258366,"href":"https:\/\/laredsocial-noticias.com\/wp\/wp-json\/wp\/v2\/posts\/258365\/revisions\/258366"}],"wp:featuredmedia":[{"embeddable":true,"href":"https:\/\/laredsocial-noticias.com\/wp\/wp-json\/wp\/v2\/media\/258367"}],"wp:attachment":[{"href":"https:\/\/laredsocial-noticias.com\/wp\/wp-json\/wp\/v2\/media?parent=258365"}],"wp:term":[{"taxonomy":"category","embeddable":true,"href":"https:\/\/laredsocial-noticias.com\/wp\/wp-json\/wp\/v2\/categories?post=258365"},{"taxonomy":"post_tag","embeddable":true,"href":"https:\/\/laredsocial-noticias.com\/wp\/wp-json\/wp\/v2\/tags?post=258365"}],"curies":[{"name":"wp","href":"https:\/\/api.w.org\/{rel}","templated":true}]}}