{"id":258639,"date":"2025-11-02T11:33:45","date_gmt":"2025-11-02T17:33:45","guid":{"rendered":"https:\/\/laredsocial-noticias.com\/wp\/?p=258639"},"modified":"2025-11-02T11:33:55","modified_gmt":"2025-11-02T17:33:55","slug":"asesinato-de-carlos-manzo-ocurrio-pese-a-llamados-de-apoyo-a-sheinbaum-y-tras-criticas-a-bedolla","status":"publish","type":"post","link":"https:\/\/laredsocial-noticias.com\/wp\/asesinato-de-carlos-manzo-ocurrio-pese-a-llamados-de-apoyo-a-sheinbaum-y-tras-criticas-a-bedolla\/","title":{"rendered":"Asesinato de Carlos Manzo ocurri\u00f3 pese a llamados de apoyo a Sheinbaum y tras cr\u00edticas a Bedolla"},"content":{"rendered":"<p>El alcalde de Uruapan, Carlos Manzo, fue asesinado este s\u00e1bado en medio de una festividad local y a plena vista de decena de ciudadanos, pese a que envi\u00f3 llamados a la presidenta Claudia Sheinbaum a atender la violencia en la regi\u00f3n.<\/p>\n<p>&#8220;No queremos ser un alcalde m\u00e1s asesinado que se encuentra en la estad\u00edstica&#8221;, dijo el pasado 20 de septiembre.<\/p>\n<p>En un video en sus redes sociales, el edil se dirigi\u00f3 a la mandataria para pedir apoyo en sus operaciones en contra del crimen en la regi\u00f3n luego de que la polic\u00eda municipal de Uruapan fue objeto de una agresi\u00f3n armada.<\/p>\n<p>&#8220;Nuevamente, hago un llamado muy respetuoso, pero en\u00e9rgico y una llamada de alerta, de auxilio al gobierno federal a la doctora Claudia Sheinbaum, al secretario Omar Harfuch, al gobierno del estado, a todas las fuerzas estatales y federales para que asuman responsabilidad, asuman estos operativos&#8221;, dijo en una transmisi\u00f3n difundida en sus redes sociales.<\/p>\n<p>D\u00edas antes, el 16 de septiembre, pidi\u00f3 a Sheinbaum que visitara Uruapan despu\u00e9s de que acudiera a un mitin en Michoac\u00e1n como parte de su gira por el primer informe.<\/p>\n<p>&#8220;Pedimos que venga, no estamos en contra de ella. Lo vuelvo a repetir, yo vot\u00e9 por ella, como muchos votamos por ellas. Pedimos que nos responda al pueblo de Uruapan, que no nos distinga por ser un gobierno independiente, que no nos bloquee, que no se le ocurra recortar las participaciones federales, ni al Estado, ni a la federaci\u00f3n&#8221;, a\u00f1adi\u00f3 en declaraciones a la prensa.<\/p>\n<p>En 2023, antes de convertirse en alcalde, Manzo se lanz\u00f3 en contra del gobernador de Michoac\u00e1n, Alfredo Ram\u00edrez Bedolla, al acusar que la guardia civil extorsionaba en Uruapan.<\/p>\n<p>&#8220;No votamos por eso y qu\u00e9 lamentable que existan muchos que se dicen defender la Cuarta Transformaci\u00f3n, que se dicen defender la transformaci\u00f3n de este pa\u00eds y que sean c\u00f3mplices de tu gobierno corrupto \u2014Bedolla\u2014 hoy tienes a todos los corruptos que criticaste en campa\u00f1a, los tienes trabajando en tu gobierno traicionando los principios del obradorismo que dices defender&#8221;, se\u00f1al\u00f3.<\/p>\n<p>Hace unas dos semanas, Manzo anunci\u00f3 que suspender\u00eda las obras del telef\u00e9rico que se planean para Uruapan ante la falta de garant\u00eda de seguridad por parte del gobierno estatal, de Ram\u00edrez Bedolla y al federal.<\/p>\n","protected":false},"excerpt":{"rendered":"<p>El alcalde de Uruapan, Carlos Manzo, fue asesinado este s\u00e1bado en medio de una festividad local y a plena vista&#8230;<\/p>\n","protected":false},"author":1,"featured_media":258641,"comment_status":"open","ping_status":"closed","sticky":false,"template":"","format":"standard","meta":{"footnotes":""},"categories":[78,1726],"tags":[],"class_list":["post-258639","post","type-post","status-publish","format-standard","has-post-thumbnail","hentry","category-nacional","category-nacionales"],"yoast_head":"<!-- This site is optimized with the Yoast SEO plugin v26.5 - https:\/\/yoast.com\/wordpress\/plugins\/seo\/ -->\n<title>Asesinato de Carlos Manzo ocurri\u00f3 pese a llamados de apoyo a Sheinbaum y tras cr\u00edticas a Bedolla - NOTICIAS<\/title>\n<meta name=\"robots\" content=\"index, follow, max-snippet:-1, max-image-preview:large, max-video-preview:-1\" \/>\n<link rel=\"canonical\" href=\"https:\/\/laredsocial-noticias.com\/wp\/asesinato-de-carlos-manzo-ocurrio-pese-a-llamados-de-apoyo-a-sheinbaum-y-tras-criticas-a-bedolla\/\" \/>\n<meta property=\"og:locale\" content=\"es_ES\" \/>\n<meta property=\"og:type\" content=\"article\" \/>\n<meta property=\"og:title\" content=\"Asesinato de Carlos Manzo ocurri\u00f3 pese a llamados de apoyo a Sheinbaum y tras cr\u00edticas a Bedolla - NOTICIAS\" \/>\n<meta property=\"og:description\" content=\"El alcalde de Uruapan, Carlos Manzo, fue asesinado este s\u00e1bado en medio de una festividad local y a plena vista...\" \/>\n<meta property=\"og:url\" content=\"https:\/\/laredsocial-noticias.com\/wp\/asesinato-de-carlos-manzo-ocurrio-pese-a-llamados-de-apoyo-a-sheinbaum-y-tras-criticas-a-bedolla\/\" \/>\n<meta property=\"og:site_name\" content=\"NOTICIAS\" \/>\n<meta property=\"article:published_time\" content=\"2025-11-02T17:33:45+00:00\" \/>\n<meta property=\"article:modified_time\" content=\"2025-11-02T17:33:55+00:00\" \/>\n<meta name=\"author\" content=\"Editor en Jefe\" \/>\n<meta name=\"twitter:card\" content=\"summary_large_image\" \/>\n<meta name=\"twitter:label1\" content=\"Escrito por\" \/>\n\t<meta name=\"twitter:data1\" content=\"Editor en Jefe\" \/>\n\t<meta name=\"twitter:label2\" content=\"Tiempo de lectura\" \/>\n\t<meta name=\"twitter:data2\" content=\"2 minutos\" \/>\n<!-- \/ Yoast SEO plugin. -->","yoast_head_json":{"title":"Asesinato de Carlos Manzo ocurri\u00f3 pese a llamados de apoyo a Sheinbaum y tras cr\u00edticas a Bedolla - NOTICIAS","robots":{"index":"index","follow":"follow","max-snippet":"max-snippet:-1","max-image-preview":"max-image-preview:large","max-video-preview":"max-video-preview:-1"},"canonical":"https:\/\/laredsocial-noticias.com\/wp\/asesinato-de-carlos-manzo-ocurrio-pese-a-llamados-de-apoyo-a-sheinbaum-y-tras-criticas-a-bedolla\/","og_locale":"es_ES","og_type":"article","og_title":"Asesinato de Carlos Manzo ocurri\u00f3 pese a llamados de apoyo a Sheinbaum y tras cr\u00edticas a Bedolla - NOTICIAS","og_description":"El alcalde de Uruapan, Carlos Manzo, fue asesinado este s\u00e1bado en medio de una festividad local y a plena vista...","og_url":"https:\/\/laredsocial-noticias.com\/wp\/asesinato-de-carlos-manzo-ocurrio-pese-a-llamados-de-apoyo-a-sheinbaum-y-tras-criticas-a-bedolla\/","og_site_name":"NOTICIAS","article_published_time":"2025-11-02T17:33:45+00:00","article_modified_time":"2025-11-02T17:33:55+00:00","author":"Editor en Jefe","twitter_card":"summary_large_image","twitter_misc":{"Escrito por":"Editor en Jefe","Tiempo de lectura":"2 minutos"},"schema":{"@context":"https:\/\/schema.org","@graph":[{"@type":"WebPage","@id":"https:\/\/laredsocial-noticias.com\/wp\/asesinato-de-carlos-manzo-ocurrio-pese-a-llamados-de-apoyo-a-sheinbaum-y-tras-criticas-a-bedolla\/","url":"https:\/\/laredsocial-noticias.com\/wp\/asesinato-de-carlos-manzo-ocurrio-pese-a-llamados-de-apoyo-a-sheinbaum-y-tras-criticas-a-bedolla\/","name":"Asesinato de Carlos Manzo ocurri\u00f3 pese a llamados de apoyo a Sheinbaum y tras cr\u00edticas a Bedolla - NOTICIAS","isPartOf":{"@id":"https:\/\/laredsocial-noticias.com\/wp\/#website"},"primaryImageOfPage":{"@id":"https:\/\/laredsocial-noticias.com\/wp\/asesinato-de-carlos-manzo-ocurrio-pese-a-llamados-de-apoyo-a-sheinbaum-y-tras-criticas-a-bedolla\/#primaryimage"},"image":{"@id":"https:\/\/laredsocial-noticias.com\/wp\/asesinato-de-carlos-manzo-ocurrio-pese-a-llamados-de-apoyo-a-sheinbaum-y-tras-criticas-a-bedolla\/#primaryimage"},"thumbnailUrl":"https:\/\/laredsocial-noticias.com\/wp\/wp-content\/uploads\/2025\/11\/f960x540-129460_203535_5050.jpg","datePublished":"2025-11-02T17:33:45+00:00","dateModified":"2025-11-02T17:33:55+00:00","author":{"@id":"https:\/\/laredsocial-noticias.com\/wp\/#\/schema\/person\/0ce78643f2de7aae6f6ef10e8453a6e0"},"breadcrumb":{"@id":"https:\/\/laredsocial-noticias.com\/wp\/asesinato-de-carlos-manzo-ocurrio-pese-a-llamados-de-apoyo-a-sheinbaum-y-tras-criticas-a-bedolla\/#breadcrumb"},"inLanguage":"es","potentialAction":[{"@type":"ReadAction","target":["https:\/\/laredsocial-noticias.com\/wp\/asesinato-de-carlos-manzo-ocurrio-pese-a-llamados-de-apoyo-a-sheinbaum-y-tras-criticas-a-bedolla\/"]}]},{"@type":"ImageObject","inLanguage":"es","@id":"https:\/\/laredsocial-noticias.com\/wp\/asesinato-de-carlos-manzo-ocurrio-pese-a-llamados-de-apoyo-a-sheinbaum-y-tras-criticas-a-bedolla\/#primaryimage","url":"https:\/\/laredsocial-noticias.com\/wp\/wp-content\/uploads\/2025\/11\/f960x540-129460_203535_5050.jpg","contentUrl":"https:\/\/laredsocial-noticias.com\/wp\/wp-content\/uploads\/2025\/11\/f960x540-129460_203535_5050.jpg","width":960,"height":540},{"@type":"BreadcrumbList","@id":"https:\/\/laredsocial-noticias.com\/wp\/asesinato-de-carlos-manzo-ocurrio-pese-a-llamados-de-apoyo-a-sheinbaum-y-tras-criticas-a-bedolla\/#breadcrumb","itemListElement":[{"@type":"ListItem","position":1,"name":"Portada","item":"https:\/\/laredsocial-noticias.com\/wp\/"},{"@type":"ListItem","position":2,"name":"Asesinato de Carlos Manzo ocurri\u00f3 pese a llamados de apoyo a Sheinbaum y tras cr\u00edticas a Bedolla"}]},{"@type":"WebSite","@id":"https:\/\/laredsocial-noticias.com\/wp\/#website","url":"https:\/\/laredsocial-noticias.com\/wp\/","name":"NOTICIAS","description":"Lo que se ve y se dice en las redes sociales","potentialAction":[{"@type":"SearchAction","target":{"@type":"EntryPoint","urlTemplate":"https:\/\/laredsocial-noticias.com\/wp\/?s={search_term_string}"},"query-input":{"@type":"PropertyValueSpecification","valueRequired":true,"valueName":"search_term_string"}}],"inLanguage":"es"},{"@type":"Person","@id":"https:\/\/laredsocial-noticias.com\/wp\/#\/schema\/person\/0ce78643f2de7aae6f6ef10e8453a6e0","name":"Editor en Jefe","url":"https:\/\/laredsocial-noticias.com\/wp\/author\/jorgeochoa\/"}]}},"_links":{"self":[{"href":"https:\/\/laredsocial-noticias.com\/wp\/wp-json\/wp\/v2\/posts\/258639","targetHints":{"allow":["GET"]}}],"collection":[{"href":"https:\/\/laredsocial-noticias.com\/wp\/wp-json\/wp\/v2\/posts"}],"about":[{"href":"https:\/\/laredsocial-noticias.com\/wp\/wp-json\/wp\/v2\/types\/post"}],"author":[{"embeddable":true,"href":"https:\/\/laredsocial-noticias.com\/wp\/wp-json\/wp\/v2\/users\/1"}],"replies":[{"embeddable":true,"href":"https:\/\/laredsocial-noticias.com\/wp\/wp-json\/wp\/v2\/comments?post=258639"}],"version-history":[{"count":1,"href":"https:\/\/laredsocial-noticias.com\/wp\/wp-json\/wp\/v2\/posts\/258639\/revisions"}],"predecessor-version":[{"id":258640,"href":"https:\/\/laredsocial-noticias.com\/wp\/wp-json\/wp\/v2\/posts\/258639\/revisions\/258640"}],"wp:featuredmedia":[{"embeddable":true,"href":"https:\/\/laredsocial-noticias.com\/wp\/wp-json\/wp\/v2\/media\/258641"}],"wp:attachment":[{"href":"https:\/\/laredsocial-noticias.com\/wp\/wp-json\/wp\/v2\/media?parent=258639"}],"wp:term":[{"taxonomy":"category","embeddable":true,"href":"https:\/\/laredsocial-noticias.com\/wp\/wp-json\/wp\/v2\/categories?post=258639"},{"taxonomy":"post_tag","embeddable":true,"href":"https:\/\/laredsocial-noticias.com\/wp\/wp-json\/wp\/v2\/tags?post=258639"}],"curies":[{"name":"wp","href":"https:\/\/api.w.org\/{rel}","templated":true}]}}