{"id":258667,"date":"2025-11-03T00:01:00","date_gmt":"2025-11-03T06:01:00","guid":{"rendered":"https:\/\/laredsocial-noticias.com\/wp\/?p=258667"},"modified":"2025-11-03T00:04:09","modified_gmt":"2025-11-03T06:04:09","slug":"focus-group-jorge-ramon-rizzo-3","status":"publish","type":"post","link":"https:\/\/laredsocial-noticias.com\/wp\/focus-group-jorge-ramon-rizzo-3\/","title":{"rendered":"Focus Group\/ Jorge Ram\u00f3n Rizzo"},"content":{"rendered":"<h1><strong>Carlos Manzo: Mensaje Claro para Palacio Nacional<\/strong><\/h1>\n<p>Mataron al &#8220;Bukele mexicano&#8221;. De la peor forma se acab\u00f3 una vida que mostr\u00f3 arrojo y valor en tiempos de una vor\u00e1gine estruendosamente violenta por las acciones del crimen organizado.<\/p>\n<p>Las redes sociales estallaron por el dolor. Twitts con una sola palabra dec\u00edan mucho: &#8220;Estremecido&#8221;; o un Chumel Torres escribiendo: &#8220;Bien desesperanzados todos&#8221;; o el mismo Christopher Landau, que tuite\u00f3: &#8220;Que su memoria inspire acciones r\u00e1pidas y efectivas&#8221;.<\/p>\n<p>La muerte de Carlos Manzo es un cruento choque con la realidad. Una realidad que sigue rebasando al Estado Mexicano y sus fuerzas armadas, equipos de investigaci\u00f3n, cuerpos de seguridad y operativos que muestran una estrategia que sigue estando corta para lo que hoy se requiere.<\/p>\n<p>Lo mataron frente a su gente, a su familia, a sus amigos, en un ataque a balazos por la espalda. Cobarde, a todas luces. El sicario ejecut\u00f3 una consigna suicida, porque los polic\u00edas municipales que escoltaban a Manzo lo abatieron de inmediato, aunque cuatro o cinco segundos le bastaron para darle seis balazos al alcalde.<\/p>\n<p>Hoy muchas voces reclaman o reprochan a la presidenta y al secretario de seguridad, por qu\u00e9 no estuvieron a la hora en que Carlos les pidi\u00f3 apoyo. Un amigo del alcalde subi\u00f3 un video la noche misma del magnicidio, en el que hace tronantes se\u00f1alamientos contra las m\u00e1ximas autoridades de M\u00e9xico,\u00a0 &#8220;Muchas veces pidi\u00f3 el apoyo. Muchas veces a esa bola de pinches pol\u00edticos les pidi\u00f3 el apoyo, les dijo que los necesitaba, que los ocupaba y no le hicieron caso. No lo escucharon&#8221;.<\/p>\n<p>Y agreg\u00f3 que no ped\u00eda para si mismo: &#8220;\u00c9l ped\u00eda por justicia, por justicia ante el asesinato de miles de v\u00edctimas, de secuestros, de levantones, de asesinatos que hab\u00eda en Uruapan. \u00c9l sal\u00eda a enfrentar a los delincuentes, hizo detenciones que ni el gobierno las pudo hacer, ni el gobierno federal hizo las detenciones que \u00c9l detuvo a delincuentes de diferentes c\u00e1rteles delictivos. \u00c9l lo hizo. Y eso le cost\u00f3 su vida&#8221;.<\/p>\n<p>Y es que, el homicidio de Carlos Manzo nos debe llevar a remover qu\u00e9 ha pasado con los asesinatos perpetrados en el pa\u00eds durante los \u00faltimos a\u00f1os. Desde el 2018\u00a0y hasta el\u00a029 de septiembre de este a\u00f1o, es decir en los \u00faltimos 7 a\u00f1os se han registrado en M\u00e9xico 2,696 asesinatos, ataques armados, desapariciones y secuestros en contra de personas que se desempe\u00f1aban en el \u00e1mbito pol\u00edtico, gubernamental o de partidos pol\u00edticos, por parte de grupos de la delincuencia organizada.<\/p>\n<p>Solamente en Michoac\u00e1n me referir\u00e9 a 6 homicidios contra igual n\u00famero de alcaldes: En Contepec, Enrique Vel\u00e1zquez Orozco\u00a0(PRI), asesinado en febrero del 2022; en Aguililla, C\u00e9sar Arturo Valencia Caballero\u00a0(PVEM), en marzo del 2022; en Churumuco, Guillermo Torres Rojas\u00a0(PRI), en marzo del 2024; la presidenta de Cotija, Yolanda S\u00e1nchez Figueroa (PAN),\u00a0en junio de 2024; el mun\u00edcipe de Tac\u00e1mbaro, Salvador Bastida Garc\u00eda\u00a0(PT, Morena, Verde), en junio de 2025; y en Tepalcatepec, la presidenta Martha Laura Mendoza Mendoza (Morena), en junio de 2025.<\/p>\n<p>De los seis casos, solamente hay dos casos con detenidos. El primero es el caso del mun\u00edcipe de Tac\u00e1mbaro, Salvador Bastida Garc\u00eda, donde se intervino al autor intelectual, quien result\u00f3 ser un capo apodado &#8220;El Kiko&#8221;, sujeto a proceso actualmente. El otro caso donde hay detenidos es el asesinato de Enrique Vel\u00e1zquez Orozco, presidente de Contepec, donde hay 3 detenidos como autores materiales del homicidio.<\/p>\n<p>Los otros cuatro casos siguen en el limbo. Ya que los homicidios de C\u00e9sar Arturo Valencia, de Aguililla; Guillermo Torres Rojas, de Churumuco; Yolanda S\u00e1nchez Figueroa, de Cotija y Martha Laura Mendoza Mendoza de Tepalcatepec, siguen impunes, sin detenidos ni avances en las investigaciones.<\/p>\n<p>A esos seis asesinatos de presidentes municipales en Michoac\u00e1n, se suma el perpetrado este primero de noviembre en Uruapan, donde lamentablemente Carlos Manzo pasar\u00e1 a formar parte de esas estad\u00edsticas de las que insistentemente habl\u00f3 en discursos, entrevistas y conversaciones.<\/p>\n<p>Mientras tanto, se adelanta que la torpeza de las autoridades continuar\u00e1, porque ayer los cuatroteistas mostraron que ni para dar condolencias son buenos, ya que suponemos que les pasaron mal el acorde\u00f3n y en lugar de lamentar el asesinato de Carlos Manzo, daban condolencias por Carlos Manzano. As\u00ed lo hicieron el influencer del r\u00e9gimen Alberto Mart\u00ednez, la regidora de Tonal\u00e1 Juncal Solano y el diputado federal plurinominal Sergio Mayer, quienes hicieron su penoso papel\u00f3n en las redes sociales.<\/p>\n<p>Nada de lo que se diga le devuelve la vida a Carlos Manzo. Pero hoy tenemos que visibilizar a las otras 2 mil 696 v\u00edctimas pol\u00edticas del crimen organizado. Si no lo hacemos, de nada servir\u00e1 una muerte m\u00e1s, \u00e9ste es el verdadero mensaje que deben entender de una vez por todas en Palacio Nacional.<\/p>\n<p>* Periodista\u00a0\/\u00a0Tlaxcala<\/p>\n","protected":false},"excerpt":{"rendered":"<p>Carlos Manzo: Mensaje Claro para Palacio Nacional Mataron al &#8220;Bukele mexicano&#8221;. De la peor forma se acab\u00f3 una vida que&#8230;<\/p>\n","protected":false},"author":1,"featured_media":257523,"comment_status":"open","ping_status":"closed","sticky":false,"template":"","format":"standard","meta":{"footnotes":""},"categories":[11735,697],"tags":[6686,4959,15333,15334,77],"class_list":["post-258667","post","type-post","status-publish","format-standard","has-post-thumbnail","hentry","category-columnas","category-opinion","tag-analisis-politico","tag-featured","tag-focus-group","tag-jorge-ramon-rizzo","tag-principal"],"yoast_head":"<!-- This site is optimized with the Yoast SEO plugin v26.5 - https:\/\/yoast.com\/wordpress\/plugins\/seo\/ -->\n<title>Focus Group\/ Jorge Ram\u00f3n Rizzo - NOTICIAS<\/title>\n<meta name=\"robots\" content=\"index, follow, max-snippet:-1, max-image-preview:large, max-video-preview:-1\" \/>\n<link rel=\"canonical\" href=\"https:\/\/laredsocial-noticias.com\/wp\/focus-group-jorge-ramon-rizzo-3\/\" \/>\n<meta property=\"og:locale\" content=\"es_ES\" \/>\n<meta property=\"og:type\" content=\"article\" \/>\n<meta property=\"og:title\" content=\"Focus Group\/ Jorge Ram\u00f3n Rizzo - NOTICIAS\" \/>\n<meta property=\"og:description\" content=\"Carlos Manzo: Mensaje Claro para Palacio Nacional Mataron al &#8220;Bukele mexicano&#8221;. De la peor forma se acab\u00f3 una vida que...\" \/>\n<meta property=\"og:url\" content=\"https:\/\/laredsocial-noticias.com\/wp\/focus-group-jorge-ramon-rizzo-3\/\" \/>\n<meta property=\"og:site_name\" content=\"NOTICIAS\" \/>\n<meta property=\"article:published_time\" content=\"2025-11-03T06:01:00+00:00\" \/>\n<meta property=\"article:modified_time\" content=\"2025-11-03T06:04:09+00:00\" \/>\n<meta name=\"author\" content=\"Editor en Jefe\" \/>\n<meta name=\"twitter:card\" content=\"summary_large_image\" \/>\n<meta name=\"twitter:label1\" content=\"Escrito por\" \/>\n\t<meta name=\"twitter:data1\" content=\"Editor en Jefe\" \/>\n\t<meta name=\"twitter:label2\" content=\"Tiempo de lectura\" \/>\n\t<meta name=\"twitter:data2\" content=\"4 minutos\" \/>\n<!-- \/ Yoast SEO plugin. -->","yoast_head_json":{"title":"Focus Group\/ Jorge Ram\u00f3n Rizzo - NOTICIAS","robots":{"index":"index","follow":"follow","max-snippet":"max-snippet:-1","max-image-preview":"max-image-preview:large","max-video-preview":"max-video-preview:-1"},"canonical":"https:\/\/laredsocial-noticias.com\/wp\/focus-group-jorge-ramon-rizzo-3\/","og_locale":"es_ES","og_type":"article","og_title":"Focus Group\/ Jorge Ram\u00f3n Rizzo - NOTICIAS","og_description":"Carlos Manzo: Mensaje Claro para Palacio Nacional Mataron al &#8220;Bukele mexicano&#8221;. De la peor forma se acab\u00f3 una vida que...","og_url":"https:\/\/laredsocial-noticias.com\/wp\/focus-group-jorge-ramon-rizzo-3\/","og_site_name":"NOTICIAS","article_published_time":"2025-11-03T06:01:00+00:00","article_modified_time":"2025-11-03T06:04:09+00:00","author":"Editor en Jefe","twitter_card":"summary_large_image","twitter_misc":{"Escrito por":"Editor en Jefe","Tiempo de lectura":"4 minutos"},"schema":{"@context":"https:\/\/schema.org","@graph":[{"@type":"WebPage","@id":"https:\/\/laredsocial-noticias.com\/wp\/focus-group-jorge-ramon-rizzo-3\/","url":"https:\/\/laredsocial-noticias.com\/wp\/focus-group-jorge-ramon-rizzo-3\/","name":"Focus Group\/ Jorge Ram\u00f3n Rizzo - NOTICIAS","isPartOf":{"@id":"https:\/\/laredsocial-noticias.com\/wp\/#website"},"primaryImageOfPage":{"@id":"https:\/\/laredsocial-noticias.com\/wp\/focus-group-jorge-ramon-rizzo-3\/#primaryimage"},"image":{"@id":"https:\/\/laredsocial-noticias.com\/wp\/focus-group-jorge-ramon-rizzo-3\/#primaryimage"},"thumbnailUrl":"https:\/\/laredsocial-noticias.com\/wp\/wp-content\/uploads\/2025\/10\/Focus.jpg","datePublished":"2025-11-03T06:01:00+00:00","dateModified":"2025-11-03T06:04:09+00:00","author":{"@id":"https:\/\/laredsocial-noticias.com\/wp\/#\/schema\/person\/0ce78643f2de7aae6f6ef10e8453a6e0"},"breadcrumb":{"@id":"https:\/\/laredsocial-noticias.com\/wp\/focus-group-jorge-ramon-rizzo-3\/#breadcrumb"},"inLanguage":"es","potentialAction":[{"@type":"ReadAction","target":["https:\/\/laredsocial-noticias.com\/wp\/focus-group-jorge-ramon-rizzo-3\/"]}]},{"@type":"ImageObject","inLanguage":"es","@id":"https:\/\/laredsocial-noticias.com\/wp\/focus-group-jorge-ramon-rizzo-3\/#primaryimage","url":"https:\/\/laredsocial-noticias.com\/wp\/wp-content\/uploads\/2025\/10\/Focus.jpg","contentUrl":"https:\/\/laredsocial-noticias.com\/wp\/wp-content\/uploads\/2025\/10\/Focus.jpg","width":784,"height":649},{"@type":"BreadcrumbList","@id":"https:\/\/laredsocial-noticias.com\/wp\/focus-group-jorge-ramon-rizzo-3\/#breadcrumb","itemListElement":[{"@type":"ListItem","position":1,"name":"Portada","item":"https:\/\/laredsocial-noticias.com\/wp\/"},{"@type":"ListItem","position":2,"name":"Focus Group\/ Jorge Ram\u00f3n Rizzo"}]},{"@type":"WebSite","@id":"https:\/\/laredsocial-noticias.com\/wp\/#website","url":"https:\/\/laredsocial-noticias.com\/wp\/","name":"NOTICIAS","description":"Lo que se ve y se dice en las redes sociales","potentialAction":[{"@type":"SearchAction","target":{"@type":"EntryPoint","urlTemplate":"https:\/\/laredsocial-noticias.com\/wp\/?s={search_term_string}"},"query-input":{"@type":"PropertyValueSpecification","valueRequired":true,"valueName":"search_term_string"}}],"inLanguage":"es"},{"@type":"Person","@id":"https:\/\/laredsocial-noticias.com\/wp\/#\/schema\/person\/0ce78643f2de7aae6f6ef10e8453a6e0","name":"Editor en Jefe","url":"https:\/\/laredsocial-noticias.com\/wp\/author\/jorgeochoa\/"}]}},"_links":{"self":[{"href":"https:\/\/laredsocial-noticias.com\/wp\/wp-json\/wp\/v2\/posts\/258667","targetHints":{"allow":["GET"]}}],"collection":[{"href":"https:\/\/laredsocial-noticias.com\/wp\/wp-json\/wp\/v2\/posts"}],"about":[{"href":"https:\/\/laredsocial-noticias.com\/wp\/wp-json\/wp\/v2\/types\/post"}],"author":[{"embeddable":true,"href":"https:\/\/laredsocial-noticias.com\/wp\/wp-json\/wp\/v2\/users\/1"}],"replies":[{"embeddable":true,"href":"https:\/\/laredsocial-noticias.com\/wp\/wp-json\/wp\/v2\/comments?post=258667"}],"version-history":[{"count":1,"href":"https:\/\/laredsocial-noticias.com\/wp\/wp-json\/wp\/v2\/posts\/258667\/revisions"}],"predecessor-version":[{"id":258668,"href":"https:\/\/laredsocial-noticias.com\/wp\/wp-json\/wp\/v2\/posts\/258667\/revisions\/258668"}],"wp:featuredmedia":[{"embeddable":true,"href":"https:\/\/laredsocial-noticias.com\/wp\/wp-json\/wp\/v2\/media\/257523"}],"wp:attachment":[{"href":"https:\/\/laredsocial-noticias.com\/wp\/wp-json\/wp\/v2\/media?parent=258667"}],"wp:term":[{"taxonomy":"category","embeddable":true,"href":"https:\/\/laredsocial-noticias.com\/wp\/wp-json\/wp\/v2\/categories?post=258667"},{"taxonomy":"post_tag","embeddable":true,"href":"https:\/\/laredsocial-noticias.com\/wp\/wp-json\/wp\/v2\/tags?post=258667"}],"curies":[{"name":"wp","href":"https:\/\/api.w.org\/{rel}","templated":true}]}}