{"id":259447,"date":"2025-11-15T11:32:22","date_gmt":"2025-11-15T17:32:22","guid":{"rendered":"https:\/\/laredsocial-noticias.com\/wp\/?p=259447"},"modified":"2025-11-15T11:32:32","modified_gmt":"2025-11-15T17:32:32","slug":"cierran-tres-concurridas-estaciones-del-metro-desde-hoy-hasta-nuevo-aviso","status":"publish","type":"post","link":"https:\/\/laredsocial-noticias.com\/wp\/cierran-tres-concurridas-estaciones-del-metro-desde-hoy-hasta-nuevo-aviso\/","title":{"rendered":"Cierran tres concurridas estaciones del Metro desde hoy hasta nuevo aviso"},"content":{"rendered":"<p>El Metro de la Ciudad de M\u00e9xico (CDMX) anunci\u00f3 el cierre de las estaciones Z\u00f3calo\/Tenochtitl\u00e1n, Allende y Bellas Artes de la L\u00ednea 2 y L\u00ednea 8, a partir de la ma\u00f1ana de este s\u00e1bado 15 de noviembre y hasta nuevo aviso.<\/p>\n<p>Fue a trav\u00e9s de la cuenta oficial del Sistema de Transporte Colectivo (STC) en donde se inform\u00f3 sobre el cierre de las tres estaciones, as\u00ed como las alternativas para los usuarios que se trasladan por dichas rutas.<\/p>\n<p>Para dirigirse a la zona centro, los usuarios pueden usar:<\/p>\n<p>Pino Suarez (L\u00ednea 1 y 2)<br \/>\nSan Juan de Letr\u00e1n (L\u00ednea 8)<\/p>\n<p>En tanto, recomendaron planear sus viajes con antelaci\u00f3n, en caso de que vayan a dirigirse a la zona del Z\u00f3calo en la capital del pa\u00eds.<br \/>\n\u00bfHasta cu\u00e1ndo estar\u00e1n cerradas las estaciones del Metro?<\/p>\n<p>El aviso sobre las estaciones del Metro cerradas se dio este s\u00e1bado 15 de noviembre del 2025, a las 6:00 horas de la ma\u00f1ana, y, en la informaci\u00f3n compartida, se\u00f1alaron que, ser\u00e1 &#8216;hasta nuevo aviso&#8217; cuando se reabra el servicio al p\u00fablico.<\/p>\n<p>No obstante, cabe recalcar que este s\u00e1bado se convoc\u00f3 a la marcha de la Generaci\u00f3n Z en la capital del pa\u00eds, que tiene como destino el Z\u00f3calo de la CDMX.<\/p>\n<p>En otras ocasiones que se convoca a marchas de este tipo, es decir, que afecta las calles del centro de la CDMX, el Metro suele cerrar dichas estaciones para tener un mayor control de la afluencia.<\/p>\n<p>El Metro Z\u00f3calo, Allende y Bellas Artes son los que principalmente son afectados cuando se presentan manifestaciones en la Plaza de la Constituci\u00f3n.<\/p>\n<p>Despu\u00e9s de que termina la movilizaci\u00f3n y se hace un operativo de seguridad post-marcha, suelen abrir las estaciones sin ning\u00fan problema, por lo que el cierre solo durar\u00eda unas horas este s\u00e1bado.<\/p>\n<p>Se recomienda estar al pendiente de los avisos del Metro, en su cuenta oficial de X, antes Twitter, para conocer el estatus del servicio.<br \/>\nRuta de la marcha de la Generaci\u00f3n Z<\/p>\n<p>Los convocantes llamaron a concentrarse a las 10:00 horas en el \u00c1ngel de la Independencia, aunque las calles aleda\u00f1as ser\u00e1n cerradas con antelaci\u00f3n.<\/p>\n<p>La ruta que seguir\u00e1 el contingente ser\u00e1 la siguiente:<br \/>\n\u00c1ngel de la Independencia<br \/>\nPaseo de la Reforma hacia el Centro Hist\u00f3rico<br \/>\nAvenida Ju\u00e1rez<br \/>\nEje Central L\u00e1zaro C\u00e1rdenas<br \/>\nAvenida 5 de Mayo<br \/>\nZ\u00f3calo capitalino<\/p>\n<p>Como alternativas viales, para los que no viajan en Metro, se recomienda:<\/p>\n<p>Circuito Interior<br \/>\nAvenida Chapultepec y R\u00edo de la Loza<br \/>\nEje 1 Norte y Eje 1 Oriente<br \/>\nJos\u00e9 Mar\u00eda Izazaga y Fray Servando Teresa de Mie<\/p>\n","protected":false},"excerpt":{"rendered":"<p>El Metro de la Ciudad de M\u00e9xico (CDMX) anunci\u00f3 el cierre de las estaciones Z\u00f3calo\/Tenochtitl\u00e1n, Allende y Bellas Artes de&#8230;<\/p>\n","protected":false},"author":1,"featured_media":259449,"comment_status":"open","ping_status":"closed","sticky":false,"template":"","format":"standard","meta":{"footnotes":""},"categories":[91],"tags":[],"class_list":["post-259447","post","type-post","status-publish","format-standard","has-post-thumbnail","hentry","category-cdmx"],"yoast_head":"<!-- This site is optimized with the Yoast SEO plugin v26.5 - https:\/\/yoast.com\/wordpress\/plugins\/seo\/ -->\n<title>Cierran tres concurridas estaciones del Metro desde hoy hasta nuevo aviso - NOTICIAS<\/title>\n<meta name=\"robots\" content=\"index, follow, max-snippet:-1, max-image-preview:large, max-video-preview:-1\" \/>\n<link rel=\"canonical\" href=\"https:\/\/laredsocial-noticias.com\/wp\/cierran-tres-concurridas-estaciones-del-metro-desde-hoy-hasta-nuevo-aviso\/\" \/>\n<meta property=\"og:locale\" content=\"es_ES\" \/>\n<meta property=\"og:type\" content=\"article\" \/>\n<meta property=\"og:title\" content=\"Cierran tres concurridas estaciones del Metro desde hoy hasta nuevo aviso - NOTICIAS\" \/>\n<meta property=\"og:description\" content=\"El Metro de la Ciudad de M\u00e9xico (CDMX) anunci\u00f3 el cierre de las estaciones Z\u00f3calo\/Tenochtitl\u00e1n, Allende y Bellas Artes de...\" \/>\n<meta property=\"og:url\" content=\"https:\/\/laredsocial-noticias.com\/wp\/cierran-tres-concurridas-estaciones-del-metro-desde-hoy-hasta-nuevo-aviso\/\" \/>\n<meta property=\"og:site_name\" content=\"NOTICIAS\" \/>\n<meta property=\"article:published_time\" content=\"2025-11-15T17:32:22+00:00\" \/>\n<meta property=\"article:modified_time\" content=\"2025-11-15T17:32:32+00:00\" \/>\n<meta property=\"og:image\" content=\"https:\/\/laredsocial-noticias.com\/wp\/wp-content\/uploads\/2025\/11\/3417945.jpg\" \/>\n\t<meta property=\"og:image:width\" content=\"770\" \/>\n\t<meta property=\"og:image:height\" content=\"530\" \/>\n\t<meta property=\"og:image:type\" content=\"image\/jpeg\" \/>\n<meta name=\"author\" content=\"Editor en Jefe\" \/>\n<meta name=\"twitter:card\" content=\"summary_large_image\" \/>\n<meta name=\"twitter:label1\" content=\"Escrito por\" \/>\n\t<meta name=\"twitter:data1\" content=\"Editor en Jefe\" \/>\n\t<meta name=\"twitter:label2\" content=\"Tiempo de lectura\" \/>\n\t<meta name=\"twitter:data2\" content=\"2 minutos\" \/>\n<!-- \/ Yoast SEO plugin. -->","yoast_head_json":{"title":"Cierran tres concurridas estaciones del Metro desde hoy hasta nuevo aviso - NOTICIAS","robots":{"index":"index","follow":"follow","max-snippet":"max-snippet:-1","max-image-preview":"max-image-preview:large","max-video-preview":"max-video-preview:-1"},"canonical":"https:\/\/laredsocial-noticias.com\/wp\/cierran-tres-concurridas-estaciones-del-metro-desde-hoy-hasta-nuevo-aviso\/","og_locale":"es_ES","og_type":"article","og_title":"Cierran tres concurridas estaciones del Metro desde hoy hasta nuevo aviso - NOTICIAS","og_description":"El Metro de la Ciudad de M\u00e9xico (CDMX) anunci\u00f3 el cierre de las estaciones Z\u00f3calo\/Tenochtitl\u00e1n, Allende y Bellas Artes de...","og_url":"https:\/\/laredsocial-noticias.com\/wp\/cierran-tres-concurridas-estaciones-del-metro-desde-hoy-hasta-nuevo-aviso\/","og_site_name":"NOTICIAS","article_published_time":"2025-11-15T17:32:22+00:00","article_modified_time":"2025-11-15T17:32:32+00:00","og_image":[{"width":770,"height":530,"url":"https:\/\/laredsocial-noticias.com\/wp\/wp-content\/uploads\/2025\/11\/3417945.jpg","type":"image\/jpeg"}],"author":"Editor en Jefe","twitter_card":"summary_large_image","twitter_misc":{"Escrito por":"Editor en Jefe","Tiempo de lectura":"2 minutos"},"schema":{"@context":"https:\/\/schema.org","@graph":[{"@type":"WebPage","@id":"https:\/\/laredsocial-noticias.com\/wp\/cierran-tres-concurridas-estaciones-del-metro-desde-hoy-hasta-nuevo-aviso\/","url":"https:\/\/laredsocial-noticias.com\/wp\/cierran-tres-concurridas-estaciones-del-metro-desde-hoy-hasta-nuevo-aviso\/","name":"Cierran tres concurridas estaciones del Metro desde hoy hasta nuevo aviso - NOTICIAS","isPartOf":{"@id":"https:\/\/laredsocial-noticias.com\/wp\/#website"},"primaryImageOfPage":{"@id":"https:\/\/laredsocial-noticias.com\/wp\/cierran-tres-concurridas-estaciones-del-metro-desde-hoy-hasta-nuevo-aviso\/#primaryimage"},"image":{"@id":"https:\/\/laredsocial-noticias.com\/wp\/cierran-tres-concurridas-estaciones-del-metro-desde-hoy-hasta-nuevo-aviso\/#primaryimage"},"thumbnailUrl":"https:\/\/laredsocial-noticias.com\/wp\/wp-content\/uploads\/2025\/11\/3417945.jpg","datePublished":"2025-11-15T17:32:22+00:00","dateModified":"2025-11-15T17:32:32+00:00","author":{"@id":"https:\/\/laredsocial-noticias.com\/wp\/#\/schema\/person\/0ce78643f2de7aae6f6ef10e8453a6e0"},"breadcrumb":{"@id":"https:\/\/laredsocial-noticias.com\/wp\/cierran-tres-concurridas-estaciones-del-metro-desde-hoy-hasta-nuevo-aviso\/#breadcrumb"},"inLanguage":"es","potentialAction":[{"@type":"ReadAction","target":["https:\/\/laredsocial-noticias.com\/wp\/cierran-tres-concurridas-estaciones-del-metro-desde-hoy-hasta-nuevo-aviso\/"]}]},{"@type":"ImageObject","inLanguage":"es","@id":"https:\/\/laredsocial-noticias.com\/wp\/cierran-tres-concurridas-estaciones-del-metro-desde-hoy-hasta-nuevo-aviso\/#primaryimage","url":"https:\/\/laredsocial-noticias.com\/wp\/wp-content\/uploads\/2025\/11\/3417945.jpg","contentUrl":"https:\/\/laredsocial-noticias.com\/wp\/wp-content\/uploads\/2025\/11\/3417945.jpg","width":770,"height":530},{"@type":"BreadcrumbList","@id":"https:\/\/laredsocial-noticias.com\/wp\/cierran-tres-concurridas-estaciones-del-metro-desde-hoy-hasta-nuevo-aviso\/#breadcrumb","itemListElement":[{"@type":"ListItem","position":1,"name":"Portada","item":"https:\/\/laredsocial-noticias.com\/wp\/"},{"@type":"ListItem","position":2,"name":"Cierran tres concurridas estaciones del Metro desde hoy hasta nuevo aviso"}]},{"@type":"WebSite","@id":"https:\/\/laredsocial-noticias.com\/wp\/#website","url":"https:\/\/laredsocial-noticias.com\/wp\/","name":"NOTICIAS","description":"Lo que se ve y se dice en las redes sociales","potentialAction":[{"@type":"SearchAction","target":{"@type":"EntryPoint","urlTemplate":"https:\/\/laredsocial-noticias.com\/wp\/?s={search_term_string}"},"query-input":{"@type":"PropertyValueSpecification","valueRequired":true,"valueName":"search_term_string"}}],"inLanguage":"es"},{"@type":"Person","@id":"https:\/\/laredsocial-noticias.com\/wp\/#\/schema\/person\/0ce78643f2de7aae6f6ef10e8453a6e0","name":"Editor en Jefe","url":"https:\/\/laredsocial-noticias.com\/wp\/author\/jorgeochoa\/"}]}},"_links":{"self":[{"href":"https:\/\/laredsocial-noticias.com\/wp\/wp-json\/wp\/v2\/posts\/259447","targetHints":{"allow":["GET"]}}],"collection":[{"href":"https:\/\/laredsocial-noticias.com\/wp\/wp-json\/wp\/v2\/posts"}],"about":[{"href":"https:\/\/laredsocial-noticias.com\/wp\/wp-json\/wp\/v2\/types\/post"}],"author":[{"embeddable":true,"href":"https:\/\/laredsocial-noticias.com\/wp\/wp-json\/wp\/v2\/users\/1"}],"replies":[{"embeddable":true,"href":"https:\/\/laredsocial-noticias.com\/wp\/wp-json\/wp\/v2\/comments?post=259447"}],"version-history":[{"count":0,"href":"https:\/\/laredsocial-noticias.com\/wp\/wp-json\/wp\/v2\/posts\/259447\/revisions"}],"wp:featuredmedia":[{"embeddable":true,"href":"https:\/\/laredsocial-noticias.com\/wp\/wp-json\/wp\/v2\/media\/259449"}],"wp:attachment":[{"href":"https:\/\/laredsocial-noticias.com\/wp\/wp-json\/wp\/v2\/media?parent=259447"}],"wp:term":[{"taxonomy":"category","embeddable":true,"href":"https:\/\/laredsocial-noticias.com\/wp\/wp-json\/wp\/v2\/categories?post=259447"},{"taxonomy":"post_tag","embeddable":true,"href":"https:\/\/laredsocial-noticias.com\/wp\/wp-json\/wp\/v2\/tags?post=259447"}],"curies":[{"name":"wp","href":"https:\/\/api.w.org\/{rel}","templated":true}]}}