{"id":259712,"date":"2025-11-20T11:38:32","date_gmt":"2025-11-20T17:38:32","guid":{"rendered":"https:\/\/laredsocial-noticias.com\/wp\/?p=259712"},"modified":"2025-11-20T11:38:42","modified_gmt":"2025-11-20T17:38:42","slug":"trump-evoca-la-pena-de-muerte-para-democratas-que-instaron-a-militares-a-la-desobediencia","status":"publish","type":"post","link":"https:\/\/laredsocial-noticias.com\/wp\/trump-evoca-la-pena-de-muerte-para-democratas-que-instaron-a-militares-a-la-desobediencia\/","title":{"rendered":"Trump evoca la pena de muerte para dem\u00f3cratas que instaron a militares a la desobediencia"},"content":{"rendered":"<p data-start=\"147\" data-end=\"569\">El expresidente Donald Trump volvi\u00f3 a encender la pol\u00e9mica al acusar de \u201csedici\u00f3n\u201d a varios congresistas dem\u00f3cratas que cuestionaron la legitimidad de su presidencia en 2016. En declaraciones recientes, Trump afirm\u00f3 que quienes impugnaron su victoria deber\u00edan enfrentar consecuencias legales y mencion\u00f3 incluso la posibilidad de aplicar la pena de muerte en casos de sedici\u00f3n, una postura que ha generado fuertes cr\u00edticas.<\/p>\n<p data-start=\"571\" data-end=\"893\">El exmandatario argumenta que los legisladores dem\u00f3cratas \u201cintentaron desestabilizar al pa\u00eds\u201d al desafiar los resultados electorales hace ocho a\u00f1os, pese a que dicho procedimiento \u2014la objeci\u00f3n al conteo de votos del Colegio Electoral\u2014 est\u00e1 previsto en la ley y ha sido utilizado tanto por dem\u00f3cratas como por republicanos.<\/p>\n<p data-start=\"895\" data-end=\"1218\">La ret\u00f3rica de Trump ocurre en un contexto pol\u00edtico tenso rumbo a 2026, marcado por la polarizaci\u00f3n y por los procesos judiciales que enfrenta. Sus declaraciones reavivaron el debate sobre los l\u00edmites de la libertad de expresi\u00f3n, el uso pol\u00edtico del t\u00e9rmino \u201csedici\u00f3n\u201d y el peligro de criminalizar la oposici\u00f3n legislativa.<\/p>\n<p data-start=\"1220\" data-end=\"1586\">Analistas se\u00f1alan que este tipo de mensajes est\u00e1 dirigido a reforzar su base electoral, mientras que representantes dem\u00f3cratas han acusado al magnate de intentar intimidar a sus adversarios pol\u00edticos. Por ahora, no existe ning\u00fan proceso legal que respalde las afirmaciones de Trump, pero sus palabras han colocado nuevamente el tema en el centro del debate nacional.<\/p>\n","protected":false},"excerpt":{"rendered":"<p>El expresidente Donald Trump volvi\u00f3 a encender la pol\u00e9mica al acusar de \u201csedici\u00f3n\u201d a varios congresistas dem\u00f3cratas que cuestionaron la&#8230;<\/p>\n","protected":false},"author":1,"featured_media":256878,"comment_status":"open","ping_status":"closed","sticky":false,"template":"","format":"standard","meta":{"footnotes":""},"categories":[101,102],"tags":[],"class_list":["post-259712","post","type-post","status-publish","format-standard","has-post-thumbnail","hentry","category-internacional","category-internacionales"],"yoast_head":"<!-- This site is optimized with the Yoast SEO plugin v26.5 - https:\/\/yoast.com\/wordpress\/plugins\/seo\/ -->\n<title>Trump evoca la pena de muerte para dem\u00f3cratas que instaron a militares a la desobediencia - NOTICIAS<\/title>\n<meta name=\"robots\" content=\"index, follow, max-snippet:-1, max-image-preview:large, max-video-preview:-1\" \/>\n<link rel=\"canonical\" href=\"https:\/\/laredsocial-noticias.com\/wp\/trump-evoca-la-pena-de-muerte-para-democratas-que-instaron-a-militares-a-la-desobediencia\/\" \/>\n<meta property=\"og:locale\" content=\"es_ES\" \/>\n<meta property=\"og:type\" content=\"article\" \/>\n<meta property=\"og:title\" content=\"Trump evoca la pena de muerte para dem\u00f3cratas que instaron a militares a la desobediencia - NOTICIAS\" \/>\n<meta property=\"og:description\" content=\"El expresidente Donald Trump volvi\u00f3 a encender la pol\u00e9mica al acusar de \u201csedici\u00f3n\u201d a varios congresistas dem\u00f3cratas que cuestionaron la...\" \/>\n<meta property=\"og:url\" content=\"https:\/\/laredsocial-noticias.com\/wp\/trump-evoca-la-pena-de-muerte-para-democratas-que-instaron-a-militares-a-la-desobediencia\/\" \/>\n<meta property=\"og:site_name\" content=\"NOTICIAS\" \/>\n<meta property=\"article:published_time\" content=\"2025-11-20T17:38:32+00:00\" \/>\n<meta property=\"article:modified_time\" content=\"2025-11-20T17:38:42+00:00\" \/>\n<meta name=\"author\" content=\"Editor en Jefe\" \/>\n<meta name=\"twitter:card\" content=\"summary_large_image\" \/>\n<meta name=\"twitter:label1\" content=\"Escrito por\" \/>\n\t<meta name=\"twitter:data1\" content=\"Editor en Jefe\" \/>\n\t<meta name=\"twitter:label2\" content=\"Tiempo de lectura\" \/>\n\t<meta name=\"twitter:data2\" content=\"1 minuto\" \/>\n<!-- \/ Yoast SEO plugin. -->","yoast_head_json":{"title":"Trump evoca la pena de muerte para dem\u00f3cratas que instaron a militares a la desobediencia - NOTICIAS","robots":{"index":"index","follow":"follow","max-snippet":"max-snippet:-1","max-image-preview":"max-image-preview:large","max-video-preview":"max-video-preview:-1"},"canonical":"https:\/\/laredsocial-noticias.com\/wp\/trump-evoca-la-pena-de-muerte-para-democratas-que-instaron-a-militares-a-la-desobediencia\/","og_locale":"es_ES","og_type":"article","og_title":"Trump evoca la pena de muerte para dem\u00f3cratas que instaron a militares a la desobediencia - NOTICIAS","og_description":"El expresidente Donald Trump volvi\u00f3 a encender la pol\u00e9mica al acusar de \u201csedici\u00f3n\u201d a varios congresistas dem\u00f3cratas que cuestionaron la...","og_url":"https:\/\/laredsocial-noticias.com\/wp\/trump-evoca-la-pena-de-muerte-para-democratas-que-instaron-a-militares-a-la-desobediencia\/","og_site_name":"NOTICIAS","article_published_time":"2025-11-20T17:38:32+00:00","article_modified_time":"2025-11-20T17:38:42+00:00","author":"Editor en Jefe","twitter_card":"summary_large_image","twitter_misc":{"Escrito por":"Editor en Jefe","Tiempo de lectura":"1 minuto"},"schema":{"@context":"https:\/\/schema.org","@graph":[{"@type":"WebPage","@id":"https:\/\/laredsocial-noticias.com\/wp\/trump-evoca-la-pena-de-muerte-para-democratas-que-instaron-a-militares-a-la-desobediencia\/","url":"https:\/\/laredsocial-noticias.com\/wp\/trump-evoca-la-pena-de-muerte-para-democratas-que-instaron-a-militares-a-la-desobediencia\/","name":"Trump evoca la pena de muerte para dem\u00f3cratas que instaron a militares a la desobediencia - NOTICIAS","isPartOf":{"@id":"https:\/\/laredsocial-noticias.com\/wp\/#website"},"primaryImageOfPage":{"@id":"https:\/\/laredsocial-noticias.com\/wp\/trump-evoca-la-pena-de-muerte-para-democratas-que-instaron-a-militares-a-la-desobediencia\/#primaryimage"},"image":{"@id":"https:\/\/laredsocial-noticias.com\/wp\/trump-evoca-la-pena-de-muerte-para-democratas-que-instaron-a-militares-a-la-desobediencia\/#primaryimage"},"thumbnailUrl":"https:\/\/laredsocial-noticias.com\/wp\/wp-content\/uploads\/2025\/10\/reuters-donald-trump7-153328.jpg","datePublished":"2025-11-20T17:38:32+00:00","dateModified":"2025-11-20T17:38:42+00:00","author":{"@id":"https:\/\/laredsocial-noticias.com\/wp\/#\/schema\/person\/0ce78643f2de7aae6f6ef10e8453a6e0"},"breadcrumb":{"@id":"https:\/\/laredsocial-noticias.com\/wp\/trump-evoca-la-pena-de-muerte-para-democratas-que-instaron-a-militares-a-la-desobediencia\/#breadcrumb"},"inLanguage":"es","potentialAction":[{"@type":"ReadAction","target":["https:\/\/laredsocial-noticias.com\/wp\/trump-evoca-la-pena-de-muerte-para-democratas-que-instaron-a-militares-a-la-desobediencia\/"]}]},{"@type":"ImageObject","inLanguage":"es","@id":"https:\/\/laredsocial-noticias.com\/wp\/trump-evoca-la-pena-de-muerte-para-democratas-que-instaron-a-militares-a-la-desobediencia\/#primaryimage","url":"https:\/\/laredsocial-noticias.com\/wp\/wp-content\/uploads\/2025\/10\/reuters-donald-trump7-153328.jpg","contentUrl":"https:\/\/laredsocial-noticias.com\/wp\/wp-content\/uploads\/2025\/10\/reuters-donald-trump7-153328.jpg","width":1200,"height":675},{"@type":"BreadcrumbList","@id":"https:\/\/laredsocial-noticias.com\/wp\/trump-evoca-la-pena-de-muerte-para-democratas-que-instaron-a-militares-a-la-desobediencia\/#breadcrumb","itemListElement":[{"@type":"ListItem","position":1,"name":"Portada","item":"https:\/\/laredsocial-noticias.com\/wp\/"},{"@type":"ListItem","position":2,"name":"Trump evoca la pena de muerte para dem\u00f3cratas que instaron a militares a la desobediencia"}]},{"@type":"WebSite","@id":"https:\/\/laredsocial-noticias.com\/wp\/#website","url":"https:\/\/laredsocial-noticias.com\/wp\/","name":"NOTICIAS","description":"Lo que se ve y se dice en las redes sociales","potentialAction":[{"@type":"SearchAction","target":{"@type":"EntryPoint","urlTemplate":"https:\/\/laredsocial-noticias.com\/wp\/?s={search_term_string}"},"query-input":{"@type":"PropertyValueSpecification","valueRequired":true,"valueName":"search_term_string"}}],"inLanguage":"es"},{"@type":"Person","@id":"https:\/\/laredsocial-noticias.com\/wp\/#\/schema\/person\/0ce78643f2de7aae6f6ef10e8453a6e0","name":"Editor en Jefe","url":"https:\/\/laredsocial-noticias.com\/wp\/author\/jorgeochoa\/"}]}},"_links":{"self":[{"href":"https:\/\/laredsocial-noticias.com\/wp\/wp-json\/wp\/v2\/posts\/259712","targetHints":{"allow":["GET"]}}],"collection":[{"href":"https:\/\/laredsocial-noticias.com\/wp\/wp-json\/wp\/v2\/posts"}],"about":[{"href":"https:\/\/laredsocial-noticias.com\/wp\/wp-json\/wp\/v2\/types\/post"}],"author":[{"embeddable":true,"href":"https:\/\/laredsocial-noticias.com\/wp\/wp-json\/wp\/v2\/users\/1"}],"replies":[{"embeddable":true,"href":"https:\/\/laredsocial-noticias.com\/wp\/wp-json\/wp\/v2\/comments?post=259712"}],"version-history":[{"count":1,"href":"https:\/\/laredsocial-noticias.com\/wp\/wp-json\/wp\/v2\/posts\/259712\/revisions"}],"predecessor-version":[{"id":259713,"href":"https:\/\/laredsocial-noticias.com\/wp\/wp-json\/wp\/v2\/posts\/259712\/revisions\/259713"}],"wp:featuredmedia":[{"embeddable":true,"href":"https:\/\/laredsocial-noticias.com\/wp\/wp-json\/wp\/v2\/media\/256878"}],"wp:attachment":[{"href":"https:\/\/laredsocial-noticias.com\/wp\/wp-json\/wp\/v2\/media?parent=259712"}],"wp:term":[{"taxonomy":"category","embeddable":true,"href":"https:\/\/laredsocial-noticias.com\/wp\/wp-json\/wp\/v2\/categories?post=259712"},{"taxonomy":"post_tag","embeddable":true,"href":"https:\/\/laredsocial-noticias.com\/wp\/wp-json\/wp\/v2\/tags?post=259712"}],"curies":[{"name":"wp","href":"https:\/\/api.w.org\/{rel}","templated":true}]}}