{"id":259764,"date":"2025-11-20T22:59:42","date_gmt":"2025-11-21T04:59:42","guid":{"rendered":"https:\/\/laredsocial-noticias.com\/wp\/?p=259764"},"modified":"2025-11-20T22:59:43","modified_gmt":"2025-11-21T04:59:43","slug":"cjng-metido-en-politica-el-fondo-del-asesinato-de-carlos-manzo","status":"publish","type":"post","link":"https:\/\/laredsocial-noticias.com\/wp\/cjng-metido-en-politica-el-fondo-del-asesinato-de-carlos-manzo\/","title":{"rendered":"CJNG metido en pol\u00edtica, el fondo del asesinato de Carlos Manzo"},"content":{"rendered":"\n<p>Ram\u00f3n \u00c1ngel \u00c1lvarez, El R1, l\u00edder de una c\u00e9lula del C\u00e1rtel Jalisco Nueva Generaci\u00f3n (CJNG), fue el asesino intelectual de Carlos Manzo, alcalde de Uruapan. Era jefe de Jorge Armando &#8216;N&#8217;, El Licenciado, y le dio la orden de matarlo.<\/p>\n\n\n\n<p>As\u00ed lo confirm\u00f3 Omar Garc\u00eda Harfuch, secretario de Seguridad y Protecci\u00f3n Ciudadana en entrevista radiof\u00f3nica. Asegur\u00f3 que existen evidencias en el chat telef\u00f3nico que se us\u00f3 para organizar el crimen.<\/p>\n\n\n\n<p>El R1 fue quien dio la orden de matar tambi\u00e9n a los dos j\u00f3venes que fueron hallados muertos en la carretera Uruapan-Paracho y que est\u00e1n involucrados directamente. Es el siguiente objetivo del gabinete de Seguridad.<\/p>\n\n\n\n<p>Mientras tanto, \u201cEl Licenciado\u201d, es considerado no s\u00f3lo autor intelectual, sino tambi\u00e9n material del crimen por organizar la c\u00e9lula que llev\u00f3 a cabo el homicidio. Jorge Armando &#8216;N&#8217; se encarg\u00f3 de organizar el grupo para matar al alcalde, trazar las rutas de escape y hacer la log\u00edstica sobre la ubicaci\u00f3n en la plaza de cada uno de los involucraos.<\/p>\n","protected":false},"excerpt":{"rendered":"<p>Ram\u00f3n \u00c1ngel \u00c1lvarez, El R1, l\u00edder de una c\u00e9lula del C\u00e1rtel Jalisco Nueva Generaci\u00f3n (CJNG), fue el asesino intelectual de&#8230;<\/p>\n","protected":false},"author":1,"featured_media":258616,"comment_status":"closed","ping_status":"closed","sticky":false,"template":"","format":"standard","meta":{"footnotes":""},"categories":[2423,2379,48],"tags":[15366],"class_list":["post-259764","post","type-post","status-publish","format-standard","has-post-thumbnail","hentry","category-crimen-organizado","category-estados-2","category-narcotrafico","tag-carlos-manzo-rodriguez"],"yoast_head":"<!-- This site is optimized with the Yoast SEO plugin v26.5 - https:\/\/yoast.com\/wordpress\/plugins\/seo\/ -->\n<title>CJNG metido en pol\u00edtica, el fondo del asesinato de Carlos Manzo - NOTICIAS<\/title>\n<meta name=\"robots\" content=\"index, follow, max-snippet:-1, max-image-preview:large, max-video-preview:-1\" \/>\n<link rel=\"canonical\" href=\"https:\/\/laredsocial-noticias.com\/wp\/cjng-metido-en-politica-el-fondo-del-asesinato-de-carlos-manzo\/\" \/>\n<meta property=\"og:locale\" content=\"es_ES\" \/>\n<meta property=\"og:type\" content=\"article\" \/>\n<meta property=\"og:title\" content=\"CJNG metido en pol\u00edtica, el fondo del asesinato de Carlos Manzo - NOTICIAS\" \/>\n<meta property=\"og:description\" content=\"Ram\u00f3n \u00c1ngel \u00c1lvarez, El R1, l\u00edder de una c\u00e9lula del C\u00e1rtel Jalisco Nueva Generaci\u00f3n (CJNG), fue el asesino intelectual de...\" \/>\n<meta property=\"og:url\" content=\"https:\/\/laredsocial-noticias.com\/wp\/cjng-metido-en-politica-el-fondo-del-asesinato-de-carlos-manzo\/\" \/>\n<meta property=\"og:site_name\" content=\"NOTICIAS\" \/>\n<meta property=\"article:published_time\" content=\"2025-11-21T04:59:42+00:00\" \/>\n<meta property=\"article:modified_time\" content=\"2025-11-21T04:59:43+00:00\" \/>\n<meta property=\"og:image\" content=\"https:\/\/laredsocial-noticias.com\/wp\/wp-content\/uploads\/2025\/11\/image.png\" \/>\n\t<meta property=\"og:image:width\" content=\"1200\" \/>\n\t<meta property=\"og:image:height\" content=\"914\" \/>\n\t<meta property=\"og:image:type\" content=\"image\/png\" \/>\n<meta name=\"author\" content=\"Editor en Jefe\" \/>\n<meta name=\"twitter:card\" content=\"summary_large_image\" \/>\n<meta name=\"twitter:label1\" content=\"Escrito por\" \/>\n\t<meta name=\"twitter:data1\" content=\"Editor en Jefe\" \/>\n\t<meta name=\"twitter:label2\" content=\"Tiempo de lectura\" \/>\n\t<meta name=\"twitter:data2\" content=\"1 minuto\" \/>\n<!-- \/ Yoast SEO plugin. -->","yoast_head_json":{"title":"CJNG metido en pol\u00edtica, el fondo del asesinato de Carlos Manzo - NOTICIAS","robots":{"index":"index","follow":"follow","max-snippet":"max-snippet:-1","max-image-preview":"max-image-preview:large","max-video-preview":"max-video-preview:-1"},"canonical":"https:\/\/laredsocial-noticias.com\/wp\/cjng-metido-en-politica-el-fondo-del-asesinato-de-carlos-manzo\/","og_locale":"es_ES","og_type":"article","og_title":"CJNG metido en pol\u00edtica, el fondo del asesinato de Carlos Manzo - NOTICIAS","og_description":"Ram\u00f3n \u00c1ngel \u00c1lvarez, El R1, l\u00edder de una c\u00e9lula del C\u00e1rtel Jalisco Nueva Generaci\u00f3n (CJNG), fue el asesino intelectual de...","og_url":"https:\/\/laredsocial-noticias.com\/wp\/cjng-metido-en-politica-el-fondo-del-asesinato-de-carlos-manzo\/","og_site_name":"NOTICIAS","article_published_time":"2025-11-21T04:59:42+00:00","article_modified_time":"2025-11-21T04:59:43+00:00","og_image":[{"width":1200,"height":914,"url":"https:\/\/laredsocial-noticias.com\/wp\/wp-content\/uploads\/2025\/11\/image.png","type":"image\/png"}],"author":"Editor en Jefe","twitter_card":"summary_large_image","twitter_misc":{"Escrito por":"Editor en Jefe","Tiempo de lectura":"1 minuto"},"schema":{"@context":"https:\/\/schema.org","@graph":[{"@type":"WebPage","@id":"https:\/\/laredsocial-noticias.com\/wp\/cjng-metido-en-politica-el-fondo-del-asesinato-de-carlos-manzo\/","url":"https:\/\/laredsocial-noticias.com\/wp\/cjng-metido-en-politica-el-fondo-del-asesinato-de-carlos-manzo\/","name":"CJNG metido en pol\u00edtica, el fondo del asesinato de Carlos Manzo - NOTICIAS","isPartOf":{"@id":"https:\/\/laredsocial-noticias.com\/wp\/#website"},"primaryImageOfPage":{"@id":"https:\/\/laredsocial-noticias.com\/wp\/cjng-metido-en-politica-el-fondo-del-asesinato-de-carlos-manzo\/#primaryimage"},"image":{"@id":"https:\/\/laredsocial-noticias.com\/wp\/cjng-metido-en-politica-el-fondo-del-asesinato-de-carlos-manzo\/#primaryimage"},"thumbnailUrl":"https:\/\/laredsocial-noticias.com\/wp\/wp-content\/uploads\/2025\/11\/image.png","datePublished":"2025-11-21T04:59:42+00:00","dateModified":"2025-11-21T04:59:43+00:00","author":{"@id":"https:\/\/laredsocial-noticias.com\/wp\/#\/schema\/person\/0ce78643f2de7aae6f6ef10e8453a6e0"},"breadcrumb":{"@id":"https:\/\/laredsocial-noticias.com\/wp\/cjng-metido-en-politica-el-fondo-del-asesinato-de-carlos-manzo\/#breadcrumb"},"inLanguage":"es","potentialAction":[{"@type":"ReadAction","target":["https:\/\/laredsocial-noticias.com\/wp\/cjng-metido-en-politica-el-fondo-del-asesinato-de-carlos-manzo\/"]}]},{"@type":"ImageObject","inLanguage":"es","@id":"https:\/\/laredsocial-noticias.com\/wp\/cjng-metido-en-politica-el-fondo-del-asesinato-de-carlos-manzo\/#primaryimage","url":"https:\/\/laredsocial-noticias.com\/wp\/wp-content\/uploads\/2025\/11\/image.png","contentUrl":"https:\/\/laredsocial-noticias.com\/wp\/wp-content\/uploads\/2025\/11\/image.png","width":1200,"height":914},{"@type":"BreadcrumbList","@id":"https:\/\/laredsocial-noticias.com\/wp\/cjng-metido-en-politica-el-fondo-del-asesinato-de-carlos-manzo\/#breadcrumb","itemListElement":[{"@type":"ListItem","position":1,"name":"Portada","item":"https:\/\/laredsocial-noticias.com\/wp\/"},{"@type":"ListItem","position":2,"name":"CJNG metido en pol\u00edtica, el fondo del asesinato de Carlos Manzo"}]},{"@type":"WebSite","@id":"https:\/\/laredsocial-noticias.com\/wp\/#website","url":"https:\/\/laredsocial-noticias.com\/wp\/","name":"NOTICIAS","description":"Lo que se ve y se dice en las redes sociales","potentialAction":[{"@type":"SearchAction","target":{"@type":"EntryPoint","urlTemplate":"https:\/\/laredsocial-noticias.com\/wp\/?s={search_term_string}"},"query-input":{"@type":"PropertyValueSpecification","valueRequired":true,"valueName":"search_term_string"}}],"inLanguage":"es"},{"@type":"Person","@id":"https:\/\/laredsocial-noticias.com\/wp\/#\/schema\/person\/0ce78643f2de7aae6f6ef10e8453a6e0","name":"Editor en Jefe","url":"https:\/\/laredsocial-noticias.com\/wp\/author\/jorgeochoa\/"}]}},"_links":{"self":[{"href":"https:\/\/laredsocial-noticias.com\/wp\/wp-json\/wp\/v2\/posts\/259764","targetHints":{"allow":["GET"]}}],"collection":[{"href":"https:\/\/laredsocial-noticias.com\/wp\/wp-json\/wp\/v2\/posts"}],"about":[{"href":"https:\/\/laredsocial-noticias.com\/wp\/wp-json\/wp\/v2\/types\/post"}],"author":[{"embeddable":true,"href":"https:\/\/laredsocial-noticias.com\/wp\/wp-json\/wp\/v2\/users\/1"}],"replies":[{"embeddable":true,"href":"https:\/\/laredsocial-noticias.com\/wp\/wp-json\/wp\/v2\/comments?post=259764"}],"version-history":[{"count":1,"href":"https:\/\/laredsocial-noticias.com\/wp\/wp-json\/wp\/v2\/posts\/259764\/revisions"}],"predecessor-version":[{"id":259769,"href":"https:\/\/laredsocial-noticias.com\/wp\/wp-json\/wp\/v2\/posts\/259764\/revisions\/259769"}],"wp:featuredmedia":[{"embeddable":true,"href":"https:\/\/laredsocial-noticias.com\/wp\/wp-json\/wp\/v2\/media\/258616"}],"wp:attachment":[{"href":"https:\/\/laredsocial-noticias.com\/wp\/wp-json\/wp\/v2\/media?parent=259764"}],"wp:term":[{"taxonomy":"category","embeddable":true,"href":"https:\/\/laredsocial-noticias.com\/wp\/wp-json\/wp\/v2\/categories?post=259764"},{"taxonomy":"post_tag","embeddable":true,"href":"https:\/\/laredsocial-noticias.com\/wp\/wp-json\/wp\/v2\/tags?post=259764"}],"curies":[{"name":"wp","href":"https:\/\/api.w.org\/{rel}","templated":true}]}}