{"id":260438,"date":"2025-12-02T22:19:23","date_gmt":"2025-12-03T04:19:23","guid":{"rendered":"https:\/\/laredsocial-noticias.com\/wp\/?p=260438"},"modified":"2025-12-02T22:20:02","modified_gmt":"2025-12-03T04:20:02","slug":"dia-mundial-del-sida-la-situacion-del-vih-en-mexico-y-los-retos-pendientes","status":"publish","type":"post","link":"https:\/\/laredsocial-noticias.com\/wp\/dia-mundial-del-sida-la-situacion-del-vih-en-mexico-y-los-retos-pendientes\/","title":{"rendered":"D\u00eda Mundial del Sida: la situaci\u00f3n del VIH en M\u00e9xico y los retos pendientes"},"content":{"rendered":"<p>Cada 1 de diciembre, el D\u00eda Mundial del Sida sirve como recordatorio de que el VIH sigue siendo un desaf\u00edo de salud p\u00fablica en M\u00e9xico. Aunque se han logrado avances importantes, las cifras nacionales muestran que el virus contin\u00faa presente y que la prevenci\u00f3n, el diagn\u00f3stico oportuno y el acceso equitativo a tratamiento siguen siendo pilares fundamentales.<\/p>\n<p>En M\u00e9xico, se estima que alrededor de 270 mil personas viven con VIH. Durante los \u00faltimos a\u00f1os se ha observado un incremento sostenido en los nuevos diagn\u00f3sticos, especialmente en poblaci\u00f3n joven, lo cual coincide con lo se\u00f1alado por diversos especialistas sobre la persistencia de pr\u00e1cticas sexuales sin protecci\u00f3n, desinformaci\u00f3n y barreras para acceder a pruebas de detecci\u00f3n.<\/p>\n<p>A pesar de los desaf\u00edos, el panorama no es \u00fanicamente negativo. M\u00e9xico cuenta con programas p\u00fablicos que ofrecen pruebas gratuitas, tratamiento sin costo y estrategias comunitarias para aumentar el acceso a la informaci\u00f3n. La evidencia cient\u00edfica confirma que las personas con VIH que reciben tratamiento adecuado pueden vivir una vida plena, con calidad y con expectativas de salud similares a las de cualquier otra persona. El problema ya no es m\u00e9dico: es social, educativo y estructural. Es por ello que Prudence busca formar parte fundamental en el apoyo hacia la salud sexual haciendo sampling, buscando nuevas formas de poder educar e informar a los j\u00f3venes en temas de ETS.<\/p>\n<p>Este 1 de diciembre, el mensaje central es claro: la prevenci\u00f3n sigue siendo indispensable, el diagn\u00f3stico temprano salva vidas y la supresi\u00f3n viral es una herramienta poderosa para reducir nuevas transmisiones. Pero para avanzar realmente, es necesario combatir el estigma, promover educaci\u00f3n sexual integral y garantizar que en todas las regiones del pa\u00eds existan pruebas, atenci\u00f3n y tratamiento accesibles.<\/p>\n<p>Hablar de VIH hoy no es hablar de miedo, sino de responsabilidad p\u00fablica y de derechos. El D\u00eda Mundial del Sida no es un recordatorio del pasado, sino un llamado actual a mirar de frente una realidad que requiere informaci\u00f3n veraz, pol\u00edticas sostenidas y una sociedad dispuesta a abandonar prejuicios.<\/p>\n","protected":false},"excerpt":{"rendered":"<p>Cada 1 de diciembre, el D\u00eda Mundial del Sida sirve como recordatorio de que el VIH sigue siendo un desaf\u00edo&#8230;<\/p>\n","protected":false},"author":1,"featured_media":260440,"comment_status":"open","ping_status":"closed","sticky":false,"template":"","format":"standard","meta":{"footnotes":""},"categories":[78,2849],"tags":[4959,332,77,7161,5487,5475],"class_list":["post-260438","post","type-post","status-publish","format-standard","has-post-thumbnail","hentry","category-nacional","category-salud","tag-featured","tag-mexico","tag-principal","tag-prudence","tag-sida","tag-vih"],"yoast_head":"<!-- This site is optimized with the Yoast SEO plugin v26.5 - https:\/\/yoast.com\/wordpress\/plugins\/seo\/ -->\n<title>D\u00eda Mundial del Sida: la situaci\u00f3n del VIH en M\u00e9xico y los retos pendientes - NOTICIAS<\/title>\n<meta name=\"robots\" content=\"index, follow, max-snippet:-1, max-image-preview:large, max-video-preview:-1\" \/>\n<link rel=\"canonical\" href=\"https:\/\/laredsocial-noticias.com\/wp\/dia-mundial-del-sida-la-situacion-del-vih-en-mexico-y-los-retos-pendientes\/\" \/>\n<meta property=\"og:locale\" content=\"es_ES\" \/>\n<meta property=\"og:type\" content=\"article\" \/>\n<meta property=\"og:title\" content=\"D\u00eda Mundial del Sida: la situaci\u00f3n del VIH en M\u00e9xico y los retos pendientes - NOTICIAS\" \/>\n<meta property=\"og:description\" content=\"Cada 1 de diciembre, el D\u00eda Mundial del Sida sirve como recordatorio de que el VIH sigue siendo un desaf\u00edo...\" \/>\n<meta property=\"og:url\" content=\"https:\/\/laredsocial-noticias.com\/wp\/dia-mundial-del-sida-la-situacion-del-vih-en-mexico-y-los-retos-pendientes\/\" \/>\n<meta property=\"og:site_name\" content=\"NOTICIAS\" \/>\n<meta property=\"article:published_time\" content=\"2025-12-03T04:19:23+00:00\" \/>\n<meta property=\"article:modified_time\" content=\"2025-12-03T04:20:02+00:00\" \/>\n<meta name=\"author\" content=\"Editor en Jefe\" \/>\n<meta name=\"twitter:card\" content=\"summary_large_image\" \/>\n<meta name=\"twitter:label1\" content=\"Escrito por\" \/>\n\t<meta name=\"twitter:data1\" content=\"Editor en Jefe\" \/>\n\t<meta name=\"twitter:label2\" content=\"Tiempo de lectura\" \/>\n\t<meta name=\"twitter:data2\" content=\"2 minutos\" \/>\n<!-- \/ Yoast SEO plugin. -->","yoast_head_json":{"title":"D\u00eda Mundial del Sida: la situaci\u00f3n del VIH en M\u00e9xico y los retos pendientes - NOTICIAS","robots":{"index":"index","follow":"follow","max-snippet":"max-snippet:-1","max-image-preview":"max-image-preview:large","max-video-preview":"max-video-preview:-1"},"canonical":"https:\/\/laredsocial-noticias.com\/wp\/dia-mundial-del-sida-la-situacion-del-vih-en-mexico-y-los-retos-pendientes\/","og_locale":"es_ES","og_type":"article","og_title":"D\u00eda Mundial del Sida: la situaci\u00f3n del VIH en M\u00e9xico y los retos pendientes - NOTICIAS","og_description":"Cada 1 de diciembre, el D\u00eda Mundial del Sida sirve como recordatorio de que el VIH sigue siendo un desaf\u00edo...","og_url":"https:\/\/laredsocial-noticias.com\/wp\/dia-mundial-del-sida-la-situacion-del-vih-en-mexico-y-los-retos-pendientes\/","og_site_name":"NOTICIAS","article_published_time":"2025-12-03T04:19:23+00:00","article_modified_time":"2025-12-03T04:20:02+00:00","author":"Editor en Jefe","twitter_card":"summary_large_image","twitter_misc":{"Escrito por":"Editor en Jefe","Tiempo de lectura":"2 minutos"},"schema":{"@context":"https:\/\/schema.org","@graph":[{"@type":"WebPage","@id":"https:\/\/laredsocial-noticias.com\/wp\/dia-mundial-del-sida-la-situacion-del-vih-en-mexico-y-los-retos-pendientes\/","url":"https:\/\/laredsocial-noticias.com\/wp\/dia-mundial-del-sida-la-situacion-del-vih-en-mexico-y-los-retos-pendientes\/","name":"D\u00eda Mundial del Sida: la situaci\u00f3n del VIH en M\u00e9xico y los retos pendientes - NOTICIAS","isPartOf":{"@id":"https:\/\/laredsocial-noticias.com\/wp\/#website"},"primaryImageOfPage":{"@id":"https:\/\/laredsocial-noticias.com\/wp\/dia-mundial-del-sida-la-situacion-del-vih-en-mexico-y-los-retos-pendientes\/#primaryimage"},"image":{"@id":"https:\/\/laredsocial-noticias.com\/wp\/dia-mundial-del-sida-la-situacion-del-vih-en-mexico-y-los-retos-pendientes\/#primaryimage"},"thumbnailUrl":"https:\/\/laredsocial-noticias.com\/wp\/wp-content\/uploads\/2025\/12\/VIH2.jpg","datePublished":"2025-12-03T04:19:23+00:00","dateModified":"2025-12-03T04:20:02+00:00","author":{"@id":"https:\/\/laredsocial-noticias.com\/wp\/#\/schema\/person\/0ce78643f2de7aae6f6ef10e8453a6e0"},"breadcrumb":{"@id":"https:\/\/laredsocial-noticias.com\/wp\/dia-mundial-del-sida-la-situacion-del-vih-en-mexico-y-los-retos-pendientes\/#breadcrumb"},"inLanguage":"es","potentialAction":[{"@type":"ReadAction","target":["https:\/\/laredsocial-noticias.com\/wp\/dia-mundial-del-sida-la-situacion-del-vih-en-mexico-y-los-retos-pendientes\/"]}]},{"@type":"ImageObject","inLanguage":"es","@id":"https:\/\/laredsocial-noticias.com\/wp\/dia-mundial-del-sida-la-situacion-del-vih-en-mexico-y-los-retos-pendientes\/#primaryimage","url":"https:\/\/laredsocial-noticias.com\/wp\/wp-content\/uploads\/2025\/12\/VIH2.jpg","contentUrl":"https:\/\/laredsocial-noticias.com\/wp\/wp-content\/uploads\/2025\/12\/VIH2.jpg","width":732,"height":384},{"@type":"BreadcrumbList","@id":"https:\/\/laredsocial-noticias.com\/wp\/dia-mundial-del-sida-la-situacion-del-vih-en-mexico-y-los-retos-pendientes\/#breadcrumb","itemListElement":[{"@type":"ListItem","position":1,"name":"Portada","item":"https:\/\/laredsocial-noticias.com\/wp\/"},{"@type":"ListItem","position":2,"name":"D\u00eda Mundial del Sida: la situaci\u00f3n del VIH en M\u00e9xico y los retos pendientes"}]},{"@type":"WebSite","@id":"https:\/\/laredsocial-noticias.com\/wp\/#website","url":"https:\/\/laredsocial-noticias.com\/wp\/","name":"NOTICIAS","description":"Lo que se ve y se dice en las redes sociales","potentialAction":[{"@type":"SearchAction","target":{"@type":"EntryPoint","urlTemplate":"https:\/\/laredsocial-noticias.com\/wp\/?s={search_term_string}"},"query-input":{"@type":"PropertyValueSpecification","valueRequired":true,"valueName":"search_term_string"}}],"inLanguage":"es"},{"@type":"Person","@id":"https:\/\/laredsocial-noticias.com\/wp\/#\/schema\/person\/0ce78643f2de7aae6f6ef10e8453a6e0","name":"Editor en Jefe","url":"https:\/\/laredsocial-noticias.com\/wp\/author\/jorgeochoa\/"}]}},"_links":{"self":[{"href":"https:\/\/laredsocial-noticias.com\/wp\/wp-json\/wp\/v2\/posts\/260438","targetHints":{"allow":["GET"]}}],"collection":[{"href":"https:\/\/laredsocial-noticias.com\/wp\/wp-json\/wp\/v2\/posts"}],"about":[{"href":"https:\/\/laredsocial-noticias.com\/wp\/wp-json\/wp\/v2\/types\/post"}],"author":[{"embeddable":true,"href":"https:\/\/laredsocial-noticias.com\/wp\/wp-json\/wp\/v2\/users\/1"}],"replies":[{"embeddable":true,"href":"https:\/\/laredsocial-noticias.com\/wp\/wp-json\/wp\/v2\/comments?post=260438"}],"version-history":[{"count":1,"href":"https:\/\/laredsocial-noticias.com\/wp\/wp-json\/wp\/v2\/posts\/260438\/revisions"}],"predecessor-version":[{"id":260439,"href":"https:\/\/laredsocial-noticias.com\/wp\/wp-json\/wp\/v2\/posts\/260438\/revisions\/260439"}],"wp:featuredmedia":[{"embeddable":true,"href":"https:\/\/laredsocial-noticias.com\/wp\/wp-json\/wp\/v2\/media\/260440"}],"wp:attachment":[{"href":"https:\/\/laredsocial-noticias.com\/wp\/wp-json\/wp\/v2\/media?parent=260438"}],"wp:term":[{"taxonomy":"category","embeddable":true,"href":"https:\/\/laredsocial-noticias.com\/wp\/wp-json\/wp\/v2\/categories?post=260438"},{"taxonomy":"post_tag","embeddable":true,"href":"https:\/\/laredsocial-noticias.com\/wp\/wp-json\/wp\/v2\/tags?post=260438"}],"curies":[{"name":"wp","href":"https:\/\/api.w.org\/{rel}","templated":true}]}}