{"id":260858,"date":"2025-12-09T17:38:33","date_gmt":"2025-12-09T23:38:33","guid":{"rendered":"https:\/\/laredsocial-noticias.com\/wp\/?p=260858"},"modified":"2025-12-09T17:38:33","modified_gmt":"2025-12-09T23:38:33","slug":"amlo-recibira-12-mdp-por-la-venta-de-libro-en-el-senado","status":"publish","type":"post","link":"https:\/\/laredsocial-noticias.com\/wp\/amlo-recibira-12-mdp-por-la-venta-de-libro-en-el-senado\/","title":{"rendered":"AMLO recibir\u00e1 12 mdp por la venta de libro en el Senado"},"content":{"rendered":"\n<p>El controvertido libro \u201cGrandeza\u201d, de Andr\u00e9s Manuel L\u00f3pez Obrador, tendr\u00e1 ingresos en la C\u00e1mara de Senadores por m\u00e1s de 12 millones de pesos, por la venta de ejemplares que fueron entregados este martes a los miembros de la bancada de Morena.<\/p>\n\n\n\n<p>De acuerdo con informaci\u00f3n de Leticia Robles de la Rosa, de Excelsior, a las oficinas de los 67 senadores de Morena llegaron entre 12 y 13 cajas, con 20 ejemplares cada una, que presuntamente fueron adquiridas por ellos para ser distribuidos.<\/p>\n\n\n\n<p>En total, son cerca de 17 mil 500 ejemplares adquiridos por la bancada del Morena. No se sabe si saldr\u00e1 del presupuesto de su coordinador, Ad\u00e1n Augusto L\u00f3pez Hern\u00e1ndez o de las dietas de cada uno de ellos, lo cual tendr\u00e1 que ser informado a la Auditor\u00eda Superior de la Federaci\u00f3n.<\/p>\n\n\n\n<p>Especialistas e historiadores que lo han revisado, advierten que el ex mandatario lleva a cabo un \u201cRevisionismo hist\u00f3rico con versiones falsas de la historia de M\u00e9xico, en las que trata de negar que hubo sacrificios humanos y pr\u00e1cticas violentas entre los grupos prehisp\u00e1nicos<\/p>\n\n\n\n<p>No es, por tanto, una obra hist\u00f3rica objetiva, sino un texto con una fuerte carga ideol\u00f3gica que busca legitimar la &#8220;Cuarta Transformaci\u00f3n&#8221; y la figura del autor, m\u00e1s que ofrecer un an\u00e1lisis acad\u00e9mico, coinciden en se\u00f1alar polit\u00f3logos e historiadores. Adem\u00e1s, profundiza la polarizaci\u00f3n.<\/p>\n","protected":false},"excerpt":{"rendered":"<p>El controvertido libro \u201cGrandeza\u201d, de Andr\u00e9s Manuel L\u00f3pez Obrador, tendr\u00e1 ingresos en la C\u00e1mara de Senadores por m\u00e1s de 12&#8230;<\/p>\n","protected":false},"author":1,"featured_media":260859,"comment_status":"closed","ping_status":"closed","sticky":false,"template":"","format":"standard","meta":{"footnotes":""},"categories":[14106],"tags":[3369,15456],"class_list":["post-260858","post","type-post","status-publish","format-standard","has-post-thumbnail","hentry","category-senado-de-la-republica","tag-andres-manuel-lopez-obrador","tag-grandeza"],"yoast_head":"<!-- This site is optimized with the Yoast SEO plugin v26.5 - https:\/\/yoast.com\/wordpress\/plugins\/seo\/ -->\n<title>AMLO recibir\u00e1 12 mdp por la venta de libro en el Senado - NOTICIAS<\/title>\n<meta name=\"robots\" content=\"index, follow, max-snippet:-1, max-image-preview:large, max-video-preview:-1\" \/>\n<link rel=\"canonical\" href=\"https:\/\/laredsocial-noticias.com\/wp\/amlo-recibira-12-mdp-por-la-venta-de-libro-en-el-senado\/\" \/>\n<meta property=\"og:locale\" content=\"es_ES\" \/>\n<meta property=\"og:type\" content=\"article\" \/>\n<meta property=\"og:title\" content=\"AMLO recibir\u00e1 12 mdp por la venta de libro en el Senado - NOTICIAS\" \/>\n<meta property=\"og:description\" content=\"El controvertido libro \u201cGrandeza\u201d, de Andr\u00e9s Manuel L\u00f3pez Obrador, tendr\u00e1 ingresos en la C\u00e1mara de Senadores por m\u00e1s de 12...\" \/>\n<meta property=\"og:url\" content=\"https:\/\/laredsocial-noticias.com\/wp\/amlo-recibira-12-mdp-por-la-venta-de-libro-en-el-senado\/\" \/>\n<meta property=\"og:site_name\" content=\"NOTICIAS\" \/>\n<meta property=\"article:published_time\" content=\"2025-12-09T23:38:33+00:00\" \/>\n<meta property=\"og:image\" content=\"https:\/\/laredsocial-noticias.com\/wp\/wp-content\/uploads\/2025\/12\/image-7.png\" \/>\n\t<meta property=\"og:image:width\" content=\"250\" \/>\n\t<meta property=\"og:image:height\" content=\"360\" \/>\n\t<meta property=\"og:image:type\" content=\"image\/png\" \/>\n<meta name=\"author\" content=\"Editor en Jefe\" \/>\n<meta name=\"twitter:card\" content=\"summary_large_image\" \/>\n<meta name=\"twitter:label1\" content=\"Escrito por\" \/>\n\t<meta name=\"twitter:data1\" content=\"Editor en Jefe\" \/>\n\t<meta name=\"twitter:label2\" content=\"Tiempo de lectura\" \/>\n\t<meta name=\"twitter:data2\" content=\"2 minutos\" \/>\n<!-- \/ Yoast SEO plugin. -->","yoast_head_json":{"title":"AMLO recibir\u00e1 12 mdp por la venta de libro en el Senado - NOTICIAS","robots":{"index":"index","follow":"follow","max-snippet":"max-snippet:-1","max-image-preview":"max-image-preview:large","max-video-preview":"max-video-preview:-1"},"canonical":"https:\/\/laredsocial-noticias.com\/wp\/amlo-recibira-12-mdp-por-la-venta-de-libro-en-el-senado\/","og_locale":"es_ES","og_type":"article","og_title":"AMLO recibir\u00e1 12 mdp por la venta de libro en el Senado - NOTICIAS","og_description":"El controvertido libro \u201cGrandeza\u201d, de Andr\u00e9s Manuel L\u00f3pez Obrador, tendr\u00e1 ingresos en la C\u00e1mara de Senadores por m\u00e1s de 12...","og_url":"https:\/\/laredsocial-noticias.com\/wp\/amlo-recibira-12-mdp-por-la-venta-de-libro-en-el-senado\/","og_site_name":"NOTICIAS","article_published_time":"2025-12-09T23:38:33+00:00","og_image":[{"width":250,"height":360,"url":"https:\/\/laredsocial-noticias.com\/wp\/wp-content\/uploads\/2025\/12\/image-7.png","type":"image\/png"}],"author":"Editor en Jefe","twitter_card":"summary_large_image","twitter_misc":{"Escrito por":"Editor en Jefe","Tiempo de lectura":"2 minutos"},"schema":{"@context":"https:\/\/schema.org","@graph":[{"@type":"WebPage","@id":"https:\/\/laredsocial-noticias.com\/wp\/amlo-recibira-12-mdp-por-la-venta-de-libro-en-el-senado\/","url":"https:\/\/laredsocial-noticias.com\/wp\/amlo-recibira-12-mdp-por-la-venta-de-libro-en-el-senado\/","name":"AMLO recibir\u00e1 12 mdp por la venta de libro en el Senado - NOTICIAS","isPartOf":{"@id":"https:\/\/laredsocial-noticias.com\/wp\/#website"},"primaryImageOfPage":{"@id":"https:\/\/laredsocial-noticias.com\/wp\/amlo-recibira-12-mdp-por-la-venta-de-libro-en-el-senado\/#primaryimage"},"image":{"@id":"https:\/\/laredsocial-noticias.com\/wp\/amlo-recibira-12-mdp-por-la-venta-de-libro-en-el-senado\/#primaryimage"},"thumbnailUrl":"https:\/\/laredsocial-noticias.com\/wp\/wp-content\/uploads\/2025\/12\/image-7.png","datePublished":"2025-12-09T23:38:33+00:00","author":{"@id":"https:\/\/laredsocial-noticias.com\/wp\/#\/schema\/person\/0ce78643f2de7aae6f6ef10e8453a6e0"},"breadcrumb":{"@id":"https:\/\/laredsocial-noticias.com\/wp\/amlo-recibira-12-mdp-por-la-venta-de-libro-en-el-senado\/#breadcrumb"},"inLanguage":"es","potentialAction":[{"@type":"ReadAction","target":["https:\/\/laredsocial-noticias.com\/wp\/amlo-recibira-12-mdp-por-la-venta-de-libro-en-el-senado\/"]}]},{"@type":"ImageObject","inLanguage":"es","@id":"https:\/\/laredsocial-noticias.com\/wp\/amlo-recibira-12-mdp-por-la-venta-de-libro-en-el-senado\/#primaryimage","url":"https:\/\/laredsocial-noticias.com\/wp\/wp-content\/uploads\/2025\/12\/image-7.png","contentUrl":"https:\/\/laredsocial-noticias.com\/wp\/wp-content\/uploads\/2025\/12\/image-7.png","width":250,"height":360},{"@type":"BreadcrumbList","@id":"https:\/\/laredsocial-noticias.com\/wp\/amlo-recibira-12-mdp-por-la-venta-de-libro-en-el-senado\/#breadcrumb","itemListElement":[{"@type":"ListItem","position":1,"name":"Portada","item":"https:\/\/laredsocial-noticias.com\/wp\/"},{"@type":"ListItem","position":2,"name":"AMLO recibir\u00e1 12 mdp por la venta de libro en el Senado"}]},{"@type":"WebSite","@id":"https:\/\/laredsocial-noticias.com\/wp\/#website","url":"https:\/\/laredsocial-noticias.com\/wp\/","name":"NOTICIAS","description":"Lo que se ve y se dice en las redes sociales","potentialAction":[{"@type":"SearchAction","target":{"@type":"EntryPoint","urlTemplate":"https:\/\/laredsocial-noticias.com\/wp\/?s={search_term_string}"},"query-input":{"@type":"PropertyValueSpecification","valueRequired":true,"valueName":"search_term_string"}}],"inLanguage":"es"},{"@type":"Person","@id":"https:\/\/laredsocial-noticias.com\/wp\/#\/schema\/person\/0ce78643f2de7aae6f6ef10e8453a6e0","name":"Editor en Jefe","url":"https:\/\/laredsocial-noticias.com\/wp\/author\/jorgeochoa\/"}]}},"_links":{"self":[{"href":"https:\/\/laredsocial-noticias.com\/wp\/wp-json\/wp\/v2\/posts\/260858","targetHints":{"allow":["GET"]}}],"collection":[{"href":"https:\/\/laredsocial-noticias.com\/wp\/wp-json\/wp\/v2\/posts"}],"about":[{"href":"https:\/\/laredsocial-noticias.com\/wp\/wp-json\/wp\/v2\/types\/post"}],"author":[{"embeddable":true,"href":"https:\/\/laredsocial-noticias.com\/wp\/wp-json\/wp\/v2\/users\/1"}],"replies":[{"embeddable":true,"href":"https:\/\/laredsocial-noticias.com\/wp\/wp-json\/wp\/v2\/comments?post=260858"}],"version-history":[{"count":1,"href":"https:\/\/laredsocial-noticias.com\/wp\/wp-json\/wp\/v2\/posts\/260858\/revisions"}],"predecessor-version":[{"id":260860,"href":"https:\/\/laredsocial-noticias.com\/wp\/wp-json\/wp\/v2\/posts\/260858\/revisions\/260860"}],"wp:featuredmedia":[{"embeddable":true,"href":"https:\/\/laredsocial-noticias.com\/wp\/wp-json\/wp\/v2\/media\/260859"}],"wp:attachment":[{"href":"https:\/\/laredsocial-noticias.com\/wp\/wp-json\/wp\/v2\/media?parent=260858"}],"wp:term":[{"taxonomy":"category","embeddable":true,"href":"https:\/\/laredsocial-noticias.com\/wp\/wp-json\/wp\/v2\/categories?post=260858"},{"taxonomy":"post_tag","embeddable":true,"href":"https:\/\/laredsocial-noticias.com\/wp\/wp-json\/wp\/v2\/tags?post=260858"}],"curies":[{"name":"wp","href":"https:\/\/api.w.org\/{rel}","templated":true}]}}