{"id":260943,"date":"2025-12-11T11:55:52","date_gmt":"2025-12-11T17:55:52","guid":{"rendered":"https:\/\/laredsocial-noticias.com\/wp\/?p=260943"},"modified":"2025-12-11T11:56:03","modified_gmt":"2025-12-11T17:56:03","slug":"se-derrumba-una-biblioteca-en-construccion-en-corea-del-sur-reportan-dos-muertos","status":"publish","type":"post","link":"https:\/\/laredsocial-noticias.com\/wp\/se-derrumba-una-biblioteca-en-construccion-en-corea-del-sur-reportan-dos-muertos\/","title":{"rendered":"Se derrumba una biblioteca en construcci\u00f3n en Corea del Sur; reportan dos muertos"},"content":{"rendered":"<p>Medios locales de Corea del Sur reportaron el desplome de una estructura de construcci\u00f3n perteneciente a una biblioteca en la ciudad de Gwangju y hasta el momento se contabilizan dos decesos.<\/p>\n<p>De acuerdo con la informaci\u00f3n, el accidente ocurri\u00f3 aproximadamente a la 1:58 de la tarde, hora local, en la nueva obra de la biblioteca representativa de Gwangju en Chipyeong-dong, Seo-gu. En un principio, cuatro trabajadores quedaron atrapados entre los escombros.<\/p>\n<p>El equipo de rescate coreano logr\u00f3 sacar a dos de ellos muerto. Mientras que, hasta el momento, a\u00fan permanecen atrapados los otros dos.<\/p>\n<p>Los medios reportan que los bomberos creen que el derrumbe se ocasion\u00f3 cuando los trabajadores vertieron el hormig\u00f3n premezclado en el segundo piso; el cuerpo de auxilio investiga el caso como una falla t\u00e9cnica debido a una deficiencia interna en la estructura.<\/p>\n<p>El proyecto est\u00e1 valuado en 51 mil 600 millones de wones (35 millones de d\u00f3lares), se estaba construyendo para cubrir una superficie total de 11 mil 286 metros cuadrados distribuidos en dos plantas sobre el suelo y dos niveles de s\u00f3tano.<\/p>\n<p>Asimismo, los reportes aseguran que estuvo dise\u00f1ada por el arquitecto serbio Brunislav Redic, quien gan\u00f3 un concurso internacional en 2019, citando a fuentes del gobierno metropolitano de la ciudad.<\/p>\n<p>En 2021, las autoridades de Gwangju anunciaron que para las construcciones aplicar\u00edan el m\u00e9todo con el que se usar\u00edan vigas de policarbonato de gran longitud, ese mismo d\u00eda se registr\u00f3 otro desplome y testigos afirmaron que no se hab\u00edan instalado soportes para retener el vertido de hormig\u00f3n.<\/p>\n<p>Seg\u00fan el Ministerio de Trabajo, las zonas afectadas por derrumbes, est\u00e1n sujetas a la Ley de Sanciones por Accidentes Graves, esto quiere decir que en caso de descubrirse alguna negligencia, los responsables podr\u00edan enfrentar consecuencias penales, citan los medios.<\/p>\n","protected":false},"excerpt":{"rendered":"<p>Medios locales de Corea del Sur reportaron el desplome de una estructura de construcci\u00f3n perteneciente a una biblioteca en la&#8230;<\/p>\n","protected":false},"author":1,"featured_media":260945,"comment_status":"open","ping_status":"closed","sticky":false,"template":"","format":"standard","meta":{"footnotes":""},"categories":[101,102],"tags":[],"class_list":["post-260943","post","type-post","status-publish","format-standard","has-post-thumbnail","hentry","category-internacional","category-internacionales"],"yoast_head":"<!-- This site is optimized with the Yoast SEO plugin v26.5 - https:\/\/yoast.com\/wordpress\/plugins\/seo\/ -->\n<title>Se derrumba una biblioteca en construcci\u00f3n en Corea del Sur; reportan dos muertos - NOTICIAS<\/title>\n<meta name=\"robots\" content=\"index, follow, max-snippet:-1, max-image-preview:large, max-video-preview:-1\" \/>\n<link rel=\"canonical\" href=\"https:\/\/laredsocial-noticias.com\/wp\/se-derrumba-una-biblioteca-en-construccion-en-corea-del-sur-reportan-dos-muertos\/\" \/>\n<meta property=\"og:locale\" content=\"es_ES\" \/>\n<meta property=\"og:type\" content=\"article\" \/>\n<meta property=\"og:title\" content=\"Se derrumba una biblioteca en construcci\u00f3n en Corea del Sur; reportan dos muertos - NOTICIAS\" \/>\n<meta property=\"og:description\" content=\"Medios locales de Corea del Sur reportaron el desplome de una estructura de construcci\u00f3n perteneciente a una biblioteca en la...\" \/>\n<meta property=\"og:url\" content=\"https:\/\/laredsocial-noticias.com\/wp\/se-derrumba-una-biblioteca-en-construccion-en-corea-del-sur-reportan-dos-muertos\/\" \/>\n<meta property=\"og:site_name\" content=\"NOTICIAS\" \/>\n<meta property=\"article:published_time\" content=\"2025-12-11T17:55:52+00:00\" \/>\n<meta property=\"article:modified_time\" content=\"2025-12-11T17:56:03+00:00\" \/>\n<meta name=\"author\" content=\"Editor en Jefe\" \/>\n<meta name=\"twitter:card\" content=\"summary_large_image\" \/>\n<meta name=\"twitter:label1\" content=\"Escrito por\" \/>\n\t<meta name=\"twitter:data1\" content=\"Editor en Jefe\" \/>\n\t<meta name=\"twitter:label2\" content=\"Tiempo de lectura\" \/>\n\t<meta name=\"twitter:data2\" content=\"2 minutos\" \/>\n<!-- \/ Yoast SEO plugin. -->","yoast_head_json":{"title":"Se derrumba una biblioteca en construcci\u00f3n en Corea del Sur; reportan dos muertos - NOTICIAS","robots":{"index":"index","follow":"follow","max-snippet":"max-snippet:-1","max-image-preview":"max-image-preview:large","max-video-preview":"max-video-preview:-1"},"canonical":"https:\/\/laredsocial-noticias.com\/wp\/se-derrumba-una-biblioteca-en-construccion-en-corea-del-sur-reportan-dos-muertos\/","og_locale":"es_ES","og_type":"article","og_title":"Se derrumba una biblioteca en construcci\u00f3n en Corea del Sur; reportan dos muertos - NOTICIAS","og_description":"Medios locales de Corea del Sur reportaron el desplome de una estructura de construcci\u00f3n perteneciente a una biblioteca en la...","og_url":"https:\/\/laredsocial-noticias.com\/wp\/se-derrumba-una-biblioteca-en-construccion-en-corea-del-sur-reportan-dos-muertos\/","og_site_name":"NOTICIAS","article_published_time":"2025-12-11T17:55:52+00:00","article_modified_time":"2025-12-11T17:56:03+00:00","author":"Editor en Jefe","twitter_card":"summary_large_image","twitter_misc":{"Escrito por":"Editor en Jefe","Tiempo de lectura":"2 minutos"},"schema":{"@context":"https:\/\/schema.org","@graph":[{"@type":"WebPage","@id":"https:\/\/laredsocial-noticias.com\/wp\/se-derrumba-una-biblioteca-en-construccion-en-corea-del-sur-reportan-dos-muertos\/","url":"https:\/\/laredsocial-noticias.com\/wp\/se-derrumba-una-biblioteca-en-construccion-en-corea-del-sur-reportan-dos-muertos\/","name":"Se derrumba una biblioteca en construcci\u00f3n en Corea del Sur; reportan dos muertos - NOTICIAS","isPartOf":{"@id":"https:\/\/laredsocial-noticias.com\/wp\/#website"},"primaryImageOfPage":{"@id":"https:\/\/laredsocial-noticias.com\/wp\/se-derrumba-una-biblioteca-en-construccion-en-corea-del-sur-reportan-dos-muertos\/#primaryimage"},"image":{"@id":"https:\/\/laredsocial-noticias.com\/wp\/se-derrumba-una-biblioteca-en-construccion-en-corea-del-sur-reportan-dos-muertos\/#primaryimage"},"thumbnailUrl":"https:\/\/laredsocial-noticias.com\/wp\/wp-content\/uploads\/2025\/12\/f960x540-132800_206875_5050.jpg","datePublished":"2025-12-11T17:55:52+00:00","dateModified":"2025-12-11T17:56:03+00:00","author":{"@id":"https:\/\/laredsocial-noticias.com\/wp\/#\/schema\/person\/0ce78643f2de7aae6f6ef10e8453a6e0"},"breadcrumb":{"@id":"https:\/\/laredsocial-noticias.com\/wp\/se-derrumba-una-biblioteca-en-construccion-en-corea-del-sur-reportan-dos-muertos\/#breadcrumb"},"inLanguage":"es","potentialAction":[{"@type":"ReadAction","target":["https:\/\/laredsocial-noticias.com\/wp\/se-derrumba-una-biblioteca-en-construccion-en-corea-del-sur-reportan-dos-muertos\/"]}]},{"@type":"ImageObject","inLanguage":"es","@id":"https:\/\/laredsocial-noticias.com\/wp\/se-derrumba-una-biblioteca-en-construccion-en-corea-del-sur-reportan-dos-muertos\/#primaryimage","url":"https:\/\/laredsocial-noticias.com\/wp\/wp-content\/uploads\/2025\/12\/f960x540-132800_206875_5050.jpg","contentUrl":"https:\/\/laredsocial-noticias.com\/wp\/wp-content\/uploads\/2025\/12\/f960x540-132800_206875_5050.jpg","width":960,"height":540},{"@type":"BreadcrumbList","@id":"https:\/\/laredsocial-noticias.com\/wp\/se-derrumba-una-biblioteca-en-construccion-en-corea-del-sur-reportan-dos-muertos\/#breadcrumb","itemListElement":[{"@type":"ListItem","position":1,"name":"Portada","item":"https:\/\/laredsocial-noticias.com\/wp\/"},{"@type":"ListItem","position":2,"name":"Se derrumba una biblioteca en construcci\u00f3n en Corea del Sur; reportan dos muertos"}]},{"@type":"WebSite","@id":"https:\/\/laredsocial-noticias.com\/wp\/#website","url":"https:\/\/laredsocial-noticias.com\/wp\/","name":"NOTICIAS","description":"Lo que se ve y se dice en las redes sociales","potentialAction":[{"@type":"SearchAction","target":{"@type":"EntryPoint","urlTemplate":"https:\/\/laredsocial-noticias.com\/wp\/?s={search_term_string}"},"query-input":{"@type":"PropertyValueSpecification","valueRequired":true,"valueName":"search_term_string"}}],"inLanguage":"es"},{"@type":"Person","@id":"https:\/\/laredsocial-noticias.com\/wp\/#\/schema\/person\/0ce78643f2de7aae6f6ef10e8453a6e0","name":"Editor en Jefe","url":"https:\/\/laredsocial-noticias.com\/wp\/author\/jorgeochoa\/"}]}},"_links":{"self":[{"href":"https:\/\/laredsocial-noticias.com\/wp\/wp-json\/wp\/v2\/posts\/260943","targetHints":{"allow":["GET"]}}],"collection":[{"href":"https:\/\/laredsocial-noticias.com\/wp\/wp-json\/wp\/v2\/posts"}],"about":[{"href":"https:\/\/laredsocial-noticias.com\/wp\/wp-json\/wp\/v2\/types\/post"}],"author":[{"embeddable":true,"href":"https:\/\/laredsocial-noticias.com\/wp\/wp-json\/wp\/v2\/users\/1"}],"replies":[{"embeddable":true,"href":"https:\/\/laredsocial-noticias.com\/wp\/wp-json\/wp\/v2\/comments?post=260943"}],"version-history":[{"count":1,"href":"https:\/\/laredsocial-noticias.com\/wp\/wp-json\/wp\/v2\/posts\/260943\/revisions"}],"predecessor-version":[{"id":260944,"href":"https:\/\/laredsocial-noticias.com\/wp\/wp-json\/wp\/v2\/posts\/260943\/revisions\/260944"}],"wp:featuredmedia":[{"embeddable":true,"href":"https:\/\/laredsocial-noticias.com\/wp\/wp-json\/wp\/v2\/media\/260945"}],"wp:attachment":[{"href":"https:\/\/laredsocial-noticias.com\/wp\/wp-json\/wp\/v2\/media?parent=260943"}],"wp:term":[{"taxonomy":"category","embeddable":true,"href":"https:\/\/laredsocial-noticias.com\/wp\/wp-json\/wp\/v2\/categories?post=260943"},{"taxonomy":"post_tag","embeddable":true,"href":"https:\/\/laredsocial-noticias.com\/wp\/wp-json\/wp\/v2\/tags?post=260943"}],"curies":[{"name":"wp","href":"https:\/\/api.w.org\/{rel}","templated":true}]}}