{"id":261141,"date":"2025-12-15T13:07:33","date_gmt":"2025-12-15T19:07:33","guid":{"rendered":"https:\/\/laredsocial-noticias.com\/wp\/?p=261141"},"modified":"2025-12-15T13:24:02","modified_gmt":"2025-12-15T19:24:02","slug":"acusan-de-extorsion-a-catem-en-sonora-durango-y-coahuila","status":"publish","type":"post","link":"https:\/\/laredsocial-noticias.com\/wp\/acusan-de-extorsion-a-catem-en-sonora-durango-y-coahuila\/","title":{"rendered":"Acusan de extorsi\u00f3n a CATEM en Sonora, Durango y Coahuila \u00a0"},"content":{"rendered":"\n<p><\/p>\n\n\n\n<p>Empresarios de Sonora, Durango y Coahuila, denunciaron a presuntos l\u00edderes de la Confederaci\u00f3n Aut\u00f3noma de Trabajadores y Empleados de M\u00e9xico (CATEM), de negociar con chantajes, extorsiones, falsificaci\u00f3n de firmas y manipulaci\u00f3n de la reforma laboral para evitar huelgas.<\/p>\n\n\n\n<p>Industriales de distintos sectores productivos de Sonora denunciaron incluso que se trata ya de un \u201c<strong><em>modus<\/em><\/strong> <strong><em>operandi<\/em><\/strong>\u201d, documentado en otras entidades del pa\u00eds, que genera una alerta nacional por el uso fraudulento del nuevo modelo de sindicalismo apoyado por Morena y el r\u00e9gimen de la 4T.<\/p>\n\n\n\n<p>Esto afecta de manera directa la operaci\u00f3n de empresas formales, la estabilidad laboral de cientos de trabajadores y el clima de inversi\u00f3n en la entidad. Las denuncias se\u00f1alan a liderazgos sindicales vinculados a la CATEM en Sonora, sin que las autoridades laborales intervengan.<\/p>\n\n\n\n<p>Particularmente se\u00f1alan a Carolina Lara Moreno, Marisela Parra Mart\u00ednez y Brenda Esquer Palma, por promover solicitudes de constancias de representatividad con firmas presuntamente falsificadas, sin conocimiento ni consentimiento de los trabajadores.<\/p>\n\n\n\n<p>Dichas constancias son utilizadas para exigir la firma de contratos colectivos y emplazar a huelga, generando presi\u00f3n econ\u00f3mica directa sobre las empresas. De acuerdo con los empresarios. Su nombre aparece ligado a denuncias p\u00fablicas por amenazas y acusaciones de extorsi\u00f3n<\/p>\n\n\n\n<p>Al consultar a los trabajadores, las empresas han confirmado que no reconocen a estas lideresas ni han otorgado respaldo sindical alguno.<\/p>\n\n\n\n<p>Marisela Parra Mart\u00ednez se presenta como la verdadera experta en el manejo de un sindicato, al ser quien da la cara frente a los empresarios. Empresarios califican estas pr\u00e1cticas como chantaje y perversi\u00f3n de la reforma laboral vigente desde el 1 de mayo de 2019, dise\u00f1ada para fortalecer la democracia sindical y no para crear mecanismos de presi\u00f3n econ\u00f3mica.<\/p>\n\n\n\n<p>La preocupaci\u00f3n se concentra especialmente en Nogales, un punto estrat\u00e9gico para el comercio exterior y la industria maquiladora, donde cualquier alteraci\u00f3n al entorno laboral impacta cadenas productivas binacionales.<\/p>\n\n\n\n<p>Empresarios advierten que el temor a represalias ha inhibido denuncias p\u00fablicas, pero subrayan que el problema ya alcanz\u00f3 un nivel cr\u00edtico que exige atenci\u00f3n nacional.<\/p>\n\n\n\n<p>Los denunciantes afirman que este patr\u00f3n no es aislado y recuerdan antecedentes similares en Coahuila y Durango, donde \u2014seg\u00fan su dicho\u2014 el mismo m\u00e9todo escal\u00f3 de presiones graduales a conflictos de mayor magnitud. \u201cSonora no es la excepci\u00f3n. Es el mismo libreto: emplazamientos masivos, amenazas veladas y cobros ilegales\u201d, sostienen.<\/p>\n\n\n\n<p>La gravedad del caso se amplifica al comparar antecedentes recientes en La Laguna, donde ganaderos, transportistas y comerciantes denunciaron durante meses extorsiones similares atribuidas a estructuras de la CATEM.<\/p>\n\n\n\n<p>En ese contexto, el Gabinete de Seguridad Federal inform\u00f3 que la Unidad de Inteligencia Financiera (UIF) bloque\u00f3 cuentas bancarias y empresas vinculadas al entorno de \u00c9dgar Rodr\u00edguez, \u201cEl Limones\u201d, l\u00edder sindical se\u00f1alado por v\u00ednculos criminales.<\/p>\n\n\n\n<p>Testimonios an\u00f3nimos describieron cobros obligatorios a ganaderos de 80 centavos a un peso por kilo de ganado vivo, lo que representaba hasta 40 mil pesos por establo en una sola operaci\u00f3n, adem\u00e1s de la exclusi\u00f3n forzada de otros sindicatos en obras p\u00fablicas y privadas.<\/p>\n\n\n\n<p>Para los empresarios de Sonora, el paralelismo es innegable: mismo m\u00e9todo, misma presi\u00f3n, mismas amenazas. \u201cLo que hoy ocurre en Sonora ya pas\u00f3 en Coahuila y Durango. Empieza de manera gradual y escala hasta niveles insostenibles. Sonora no puede esperar a que el da\u00f1o sea irreversible\u201d, advierten.<\/p>\n\n\n\n<p>Ante este panorama, los denunciantes confirman que los casos ya fueron presentados ante autoridades federales y son analizados por despachos jur\u00eddicos especializados.<\/p>\n\n\n\n<p>Asimismo, destacan que el combate a la extorsi\u00f3n es hoy prioridad nacional. El secretario de Seguridad, Omar Garc\u00eda Harfuch, ha informado el reforzamiento de acciones contra este delito, su persecuci\u00f3n de oficio y la creaci\u00f3n de unidades especializadas en las fiscal\u00edas.<\/p>\n\n\n\n<p>En el mismo sentido, durante el Consejo Nacional de Seguridad P\u00fablica, la presidenta Claudia Sheinbaum subray\u00f3 que erradicar la extorsi\u00f3n ser\u00e1 el reto m\u00e1s importante para los gobiernos.<\/p>\n\n\n\n<p>Finalmente, los empresarios hacen un llamado urgente a medios nacionales, autoridades laborales y de seguridad para encender los reflectores sobre Sonora. \u201cDefender la reforma laboral implica impedir que se convierta en un instrumento de extorsi\u00f3n. Proteger la legalidad es proteger el empleo, la inversi\u00f3n y el Estado de derecho\u201d.<\/p>\n\n\n\n<p><\/p>\n\n\n\n<figure class=\"wp-block-embed is-type-wp-embed is-provider-noticias wp-block-embed-noticias\"><div class=\"wp-block-embed__wrapper\">\n<blockquote class=\"wp-embedded-content\" data-secret=\"McLP7lXCYl\"><a href=\"https:\/\/laredsocial-noticias.com\/wp\/asi-extorsionaba-el-limones-a-transportistas-y-productores-del-campo-en-durango\/\">As\u00ed extorsionaba el \u201cLimones\u201d a transportistas y productores del campo en Durango<\/a><\/blockquote><iframe loading=\"lazy\" class=\"wp-embedded-content\" sandbox=\"allow-scripts\" security=\"restricted\" style=\"position: absolute; visibility: hidden;\" title=\"\u00abAs\u00ed extorsionaba el \u201cLimones\u201d a transportistas y productores del campo en Durango\u00bb \u2014 NOTICIAS\" src=\"https:\/\/laredsocial-noticias.com\/wp\/asi-extorsionaba-el-limones-a-transportistas-y-productores-del-campo-en-durango\/embed\/#?secret=ONoEOTl0sG#?secret=McLP7lXCYl\" data-secret=\"McLP7lXCYl\" width=\"600\" height=\"338\" frameborder=\"0\" marginwidth=\"0\" marginheight=\"0\" scrolling=\"no\"><\/iframe>\n<\/div><\/figure>\n","protected":false},"excerpt":{"rendered":"<p>Empresarios de Sonora, Durango y Coahuila, denunciaron a presuntos l\u00edderes de la Confederaci\u00f3n Aut\u00f3noma de Trabajadores y Empleados de M\u00e9xico&#8230;<\/p>\n","protected":false},"author":1,"featured_media":260930,"comment_status":"closed","ping_status":"closed","sticky":false,"template":"","format":"standard","meta":{"footnotes":""},"categories":[2423,19],"tags":[14865,15464],"class_list":["post-261141","post","type-post","status-publish","format-standard","has-post-thumbnail","hentry","category-crimen-organizado","category-laboral","tag-catem","tag-el-limones"],"yoast_head":"<!-- This site is optimized with the Yoast SEO plugin v26.5 - https:\/\/yoast.com\/wordpress\/plugins\/seo\/ -->\n<title>Acusan de extorsi\u00f3n a CATEM en Sonora, Durango y Coahuila \u00a0 - NOTICIAS<\/title>\n<meta name=\"robots\" content=\"index, follow, max-snippet:-1, max-image-preview:large, max-video-preview:-1\" \/>\n<link rel=\"canonical\" href=\"https:\/\/laredsocial-noticias.com\/wp\/acusan-de-extorsion-a-catem-en-sonora-durango-y-coahuila\/\" \/>\n<meta property=\"og:locale\" content=\"es_ES\" \/>\n<meta property=\"og:type\" content=\"article\" \/>\n<meta property=\"og:title\" content=\"Acusan de extorsi\u00f3n a CATEM en Sonora, Durango y Coahuila \u00a0 - NOTICIAS\" \/>\n<meta property=\"og:description\" content=\"Empresarios de Sonora, Durango y Coahuila, denunciaron a presuntos l\u00edderes de la Confederaci\u00f3n Aut\u00f3noma de Trabajadores y Empleados de M\u00e9xico...\" \/>\n<meta property=\"og:url\" content=\"https:\/\/laredsocial-noticias.com\/wp\/acusan-de-extorsion-a-catem-en-sonora-durango-y-coahuila\/\" \/>\n<meta property=\"og:site_name\" content=\"NOTICIAS\" \/>\n<meta property=\"article:published_time\" content=\"2025-12-15T19:07:33+00:00\" \/>\n<meta property=\"article:modified_time\" content=\"2025-12-15T19:24:02+00:00\" \/>\n<meta property=\"og:image\" content=\"https:\/\/laredsocial-noticias.com\/wp\/wp-content\/uploads\/2025\/12\/G75XvfcXUAElo8Y.jpg\" \/>\n\t<meta property=\"og:image:width\" content=\"1600\" \/>\n\t<meta property=\"og:image:height\" content=\"997\" \/>\n\t<meta property=\"og:image:type\" content=\"image\/jpeg\" \/>\n<meta name=\"author\" content=\"Editor en Jefe\" \/>\n<meta name=\"twitter:card\" content=\"summary_large_image\" \/>\n<meta name=\"twitter:label1\" content=\"Escrito por\" \/>\n\t<meta name=\"twitter:data1\" content=\"Editor en Jefe\" \/>\n\t<meta name=\"twitter:label2\" content=\"Tiempo de lectura\" \/>\n\t<meta name=\"twitter:data2\" content=\"4 minutos\" \/>\n<!-- \/ Yoast SEO plugin. -->","yoast_head_json":{"title":"Acusan de extorsi\u00f3n a CATEM en Sonora, Durango y Coahuila \u00a0 - NOTICIAS","robots":{"index":"index","follow":"follow","max-snippet":"max-snippet:-1","max-image-preview":"max-image-preview:large","max-video-preview":"max-video-preview:-1"},"canonical":"https:\/\/laredsocial-noticias.com\/wp\/acusan-de-extorsion-a-catem-en-sonora-durango-y-coahuila\/","og_locale":"es_ES","og_type":"article","og_title":"Acusan de extorsi\u00f3n a CATEM en Sonora, Durango y Coahuila \u00a0 - NOTICIAS","og_description":"Empresarios de Sonora, Durango y Coahuila, denunciaron a presuntos l\u00edderes de la Confederaci\u00f3n Aut\u00f3noma de Trabajadores y Empleados de M\u00e9xico...","og_url":"https:\/\/laredsocial-noticias.com\/wp\/acusan-de-extorsion-a-catem-en-sonora-durango-y-coahuila\/","og_site_name":"NOTICIAS","article_published_time":"2025-12-15T19:07:33+00:00","article_modified_time":"2025-12-15T19:24:02+00:00","og_image":[{"width":1600,"height":997,"url":"https:\/\/laredsocial-noticias.com\/wp\/wp-content\/uploads\/2025\/12\/G75XvfcXUAElo8Y.jpg","type":"image\/jpeg"}],"author":"Editor en Jefe","twitter_card":"summary_large_image","twitter_misc":{"Escrito por":"Editor en Jefe","Tiempo de lectura":"4 minutos"},"schema":{"@context":"https:\/\/schema.org","@graph":[{"@type":"WebPage","@id":"https:\/\/laredsocial-noticias.com\/wp\/acusan-de-extorsion-a-catem-en-sonora-durango-y-coahuila\/","url":"https:\/\/laredsocial-noticias.com\/wp\/acusan-de-extorsion-a-catem-en-sonora-durango-y-coahuila\/","name":"Acusan de extorsi\u00f3n a CATEM en Sonora, Durango y Coahuila \u00a0 - NOTICIAS","isPartOf":{"@id":"https:\/\/laredsocial-noticias.com\/wp\/#website"},"primaryImageOfPage":{"@id":"https:\/\/laredsocial-noticias.com\/wp\/acusan-de-extorsion-a-catem-en-sonora-durango-y-coahuila\/#primaryimage"},"image":{"@id":"https:\/\/laredsocial-noticias.com\/wp\/acusan-de-extorsion-a-catem-en-sonora-durango-y-coahuila\/#primaryimage"},"thumbnailUrl":"https:\/\/laredsocial-noticias.com\/wp\/wp-content\/uploads\/2025\/12\/G75XvfcXUAElo8Y.jpg","datePublished":"2025-12-15T19:07:33+00:00","dateModified":"2025-12-15T19:24:02+00:00","author":{"@id":"https:\/\/laredsocial-noticias.com\/wp\/#\/schema\/person\/0ce78643f2de7aae6f6ef10e8453a6e0"},"breadcrumb":{"@id":"https:\/\/laredsocial-noticias.com\/wp\/acusan-de-extorsion-a-catem-en-sonora-durango-y-coahuila\/#breadcrumb"},"inLanguage":"es","potentialAction":[{"@type":"ReadAction","target":["https:\/\/laredsocial-noticias.com\/wp\/acusan-de-extorsion-a-catem-en-sonora-durango-y-coahuila\/"]}]},{"@type":"ImageObject","inLanguage":"es","@id":"https:\/\/laredsocial-noticias.com\/wp\/acusan-de-extorsion-a-catem-en-sonora-durango-y-coahuila\/#primaryimage","url":"https:\/\/laredsocial-noticias.com\/wp\/wp-content\/uploads\/2025\/12\/G75XvfcXUAElo8Y.jpg","contentUrl":"https:\/\/laredsocial-noticias.com\/wp\/wp-content\/uploads\/2025\/12\/G75XvfcXUAElo8Y.jpg","width":1600,"height":997},{"@type":"BreadcrumbList","@id":"https:\/\/laredsocial-noticias.com\/wp\/acusan-de-extorsion-a-catem-en-sonora-durango-y-coahuila\/#breadcrumb","itemListElement":[{"@type":"ListItem","position":1,"name":"Portada","item":"https:\/\/laredsocial-noticias.com\/wp\/"},{"@type":"ListItem","position":2,"name":"Acusan de extorsi\u00f3n a CATEM en Sonora, Durango y Coahuila \u00a0"}]},{"@type":"WebSite","@id":"https:\/\/laredsocial-noticias.com\/wp\/#website","url":"https:\/\/laredsocial-noticias.com\/wp\/","name":"NOTICIAS","description":"Lo que se ve y se dice en las redes sociales","potentialAction":[{"@type":"SearchAction","target":{"@type":"EntryPoint","urlTemplate":"https:\/\/laredsocial-noticias.com\/wp\/?s={search_term_string}"},"query-input":{"@type":"PropertyValueSpecification","valueRequired":true,"valueName":"search_term_string"}}],"inLanguage":"es"},{"@type":"Person","@id":"https:\/\/laredsocial-noticias.com\/wp\/#\/schema\/person\/0ce78643f2de7aae6f6ef10e8453a6e0","name":"Editor en Jefe","url":"https:\/\/laredsocial-noticias.com\/wp\/author\/jorgeochoa\/"}]}},"_links":{"self":[{"href":"https:\/\/laredsocial-noticias.com\/wp\/wp-json\/wp\/v2\/posts\/261141","targetHints":{"allow":["GET"]}}],"collection":[{"href":"https:\/\/laredsocial-noticias.com\/wp\/wp-json\/wp\/v2\/posts"}],"about":[{"href":"https:\/\/laredsocial-noticias.com\/wp\/wp-json\/wp\/v2\/types\/post"}],"author":[{"embeddable":true,"href":"https:\/\/laredsocial-noticias.com\/wp\/wp-json\/wp\/v2\/users\/1"}],"replies":[{"embeddable":true,"href":"https:\/\/laredsocial-noticias.com\/wp\/wp-json\/wp\/v2\/comments?post=261141"}],"version-history":[{"count":2,"href":"https:\/\/laredsocial-noticias.com\/wp\/wp-json\/wp\/v2\/posts\/261141\/revisions"}],"predecessor-version":[{"id":261151,"href":"https:\/\/laredsocial-noticias.com\/wp\/wp-json\/wp\/v2\/posts\/261141\/revisions\/261151"}],"wp:featuredmedia":[{"embeddable":true,"href":"https:\/\/laredsocial-noticias.com\/wp\/wp-json\/wp\/v2\/media\/260930"}],"wp:attachment":[{"href":"https:\/\/laredsocial-noticias.com\/wp\/wp-json\/wp\/v2\/media?parent=261141"}],"wp:term":[{"taxonomy":"category","embeddable":true,"href":"https:\/\/laredsocial-noticias.com\/wp\/wp-json\/wp\/v2\/categories?post=261141"},{"taxonomy":"post_tag","embeddable":true,"href":"https:\/\/laredsocial-noticias.com\/wp\/wp-json\/wp\/v2\/tags?post=261141"}],"curies":[{"name":"wp","href":"https:\/\/api.w.org\/{rel}","templated":true}]}}