{"id":261437,"date":"2025-12-21T11:47:41","date_gmt":"2025-12-21T17:47:41","guid":{"rendered":"https:\/\/laredsocial-noticias.com\/wp\/?p=261437"},"modified":"2025-12-21T11:47:52","modified_gmt":"2025-12-21T17:47:52","slug":"trump-destina-170-mil-mdd-a-ice-y-patrulla-fronteriza-contra-migracion","status":"publish","type":"post","link":"https:\/\/laredsocial-noticias.com\/wp\/trump-destina-170-mil-mdd-a-ice-y-patrulla-fronteriza-contra-migracion\/","title":{"rendered":"Trump destina 170 mil mdd a ICE y Patrulla Fronteriza contra migraci\u00f3n"},"content":{"rendered":"<p>El presidente de Estados Unidos, Donald Trump, se alista para implementar en 2026 una de las pol\u00edticas migratorias m\u00e1s agresivas en la historia reciente del pa\u00eds, respaldada por miles de millones de d\u00f3lares en nuevos fondos federales, que permitir\u00e1n ampliar redadas, centros de detenci\u00f3n y deportaciones, incluso en lugares de trabajo clave para la econom\u00eda, a pesar del creciente rechazo social y pol\u00edtico rumbo a las elecciones de mitad de mandato del pr\u00f3ximo a\u00f1o.<\/p>\n<p>Desde su regreso a la Casa Blanca, Trump ha desplegado agentes federales de inmigraci\u00f3n en las principales ciudades estadounidenses, donde han recorrido barrios residenciales y protagonizado enfrentamientos con comunidades locales. Aunque en 2025 se realizaron algunas redadas de alto perfil, el gobierno evit\u00f3 en gran medida intervenir en granjas, f\u00e1bricas y empresas estrat\u00e9gicas, sectores que dependen hist\u00f3ricamente de mano de obra inmigrante sin estatus legal.<\/p>\n<p>Presupuesto hist\u00f3rico al ICE y la Patrulla Fronteriza<\/p>\n<p>El panorama cambiar\u00e1 de forma radical tras la aprobaci\u00f3n, en julio, de un paquete de gasto masivo por parte del Congreso controlado por los republicanos, que asigna 170 mil millones de d\u00f3lares adicionales al Servicio de Inmigraci\u00f3n y Control de Aduanas (ICE) y a la Patrulla Fronteriza hasta septiembre de 2029.<\/p>\n<p>Presupuesto hist\u00f3rico al ICE y la Patrulla Fronteriza<\/p>\n<p>El panorama cambiar\u00e1 de forma radical tras la aprobaci\u00f3n, en julio, de un paquete de gasto masivo por parte del Congreso controlado por los republicanos, que asigna 170 mil millones de d\u00f3lares adicionales al Servicio de Inmigraci\u00f3n y Control de Aduanas (ICE) y a la Patrulla Fronteriza hasta septiembre de 2029.<\/p>\n<p>Redadas, detenciones y tensi\u00f3n en comunidades inmigrantes<\/p>\n<p>El malestar p\u00fablico se ha intensificado por la presencia de agentes federales enmascarados, el uso de gases lacrim\u00f3genos en zonas residenciales y la detenci\u00f3n de ciudadanos estadounidenses durante operativos migratorios.<\/p>\n<p>En varias ciudades, negocios cerraron temporalmente para evitar redadas o por la ausencia de clientes. Familias vulnerables dejaron de enviar a sus hijos a la escuela y algunos ciudadanos comenzaron a portar pasaportes como medida preventiva, en un ambiente de temor generalizado.<\/p>\n<p>Las cifras de deportaci\u00f3n seguir\u00e1n en aumento, advierte la Casa Blanca<\/p>\n<p>Adem\u00e1s del endurecimiento operativo, Trump retir\u00f3 el estatus legal temporal a cientos de miles de inmigrantes haitianos, venezolanos y afganos, ampliando dr\u00e1sticamente el universo de personas susceptibles de deportaci\u00f3n.<\/p>\n","protected":false},"excerpt":{"rendered":"<p>El presidente de Estados Unidos, Donald Trump, se alista para implementar en 2026 una de las pol\u00edticas migratorias m\u00e1s agresivas&#8230;<\/p>\n","protected":false},"author":1,"featured_media":261439,"comment_status":"open","ping_status":"closed","sticky":false,"template":"","format":"standard","meta":{"footnotes":""},"categories":[101,102],"tags":[],"class_list":["post-261437","post","type-post","status-publish","format-standard","has-post-thumbnail","hentry","category-internacional","category-internacionales"],"yoast_head":"<!-- This site is optimized with the Yoast SEO plugin v26.5 - https:\/\/yoast.com\/wordpress\/plugins\/seo\/ -->\n<title>Trump destina 170 mil mdd a ICE y Patrulla Fronteriza contra migraci\u00f3n - NOTICIAS<\/title>\n<meta name=\"robots\" content=\"index, follow, max-snippet:-1, max-image-preview:large, max-video-preview:-1\" \/>\n<link rel=\"canonical\" href=\"https:\/\/laredsocial-noticias.com\/wp\/trump-destina-170-mil-mdd-a-ice-y-patrulla-fronteriza-contra-migracion\/\" \/>\n<meta property=\"og:locale\" content=\"es_ES\" \/>\n<meta property=\"og:type\" content=\"article\" \/>\n<meta property=\"og:title\" content=\"Trump destina 170 mil mdd a ICE y Patrulla Fronteriza contra migraci\u00f3n - NOTICIAS\" \/>\n<meta property=\"og:description\" content=\"El presidente de Estados Unidos, Donald Trump, se alista para implementar en 2026 una de las pol\u00edticas migratorias m\u00e1s agresivas...\" \/>\n<meta property=\"og:url\" content=\"https:\/\/laredsocial-noticias.com\/wp\/trump-destina-170-mil-mdd-a-ice-y-patrulla-fronteriza-contra-migracion\/\" \/>\n<meta property=\"og:site_name\" content=\"NOTICIAS\" \/>\n<meta property=\"article:published_time\" content=\"2025-12-21T17:47:41+00:00\" \/>\n<meta property=\"article:modified_time\" content=\"2025-12-21T17:47:52+00:00\" \/>\n<meta name=\"author\" content=\"Editor en Jefe\" \/>\n<meta name=\"twitter:card\" content=\"summary_large_image\" \/>\n<meta name=\"twitter:label1\" content=\"Escrito por\" \/>\n\t<meta name=\"twitter:data1\" content=\"Editor en Jefe\" \/>\n\t<meta name=\"twitter:label2\" content=\"Tiempo de lectura\" \/>\n\t<meta name=\"twitter:data2\" content=\"2 minutos\" \/>\n<!-- \/ Yoast SEO plugin. -->","yoast_head_json":{"title":"Trump destina 170 mil mdd a ICE y Patrulla Fronteriza contra migraci\u00f3n - NOTICIAS","robots":{"index":"index","follow":"follow","max-snippet":"max-snippet:-1","max-image-preview":"max-image-preview:large","max-video-preview":"max-video-preview:-1"},"canonical":"https:\/\/laredsocial-noticias.com\/wp\/trump-destina-170-mil-mdd-a-ice-y-patrulla-fronteriza-contra-migracion\/","og_locale":"es_ES","og_type":"article","og_title":"Trump destina 170 mil mdd a ICE y Patrulla Fronteriza contra migraci\u00f3n - NOTICIAS","og_description":"El presidente de Estados Unidos, Donald Trump, se alista para implementar en 2026 una de las pol\u00edticas migratorias m\u00e1s agresivas...","og_url":"https:\/\/laredsocial-noticias.com\/wp\/trump-destina-170-mil-mdd-a-ice-y-patrulla-fronteriza-contra-migracion\/","og_site_name":"NOTICIAS","article_published_time":"2025-12-21T17:47:41+00:00","article_modified_time":"2025-12-21T17:47:52+00:00","author":"Editor en Jefe","twitter_card":"summary_large_image","twitter_misc":{"Escrito por":"Editor en Jefe","Tiempo de lectura":"2 minutos"},"schema":{"@context":"https:\/\/schema.org","@graph":[{"@type":"WebPage","@id":"https:\/\/laredsocial-noticias.com\/wp\/trump-destina-170-mil-mdd-a-ice-y-patrulla-fronteriza-contra-migracion\/","url":"https:\/\/laredsocial-noticias.com\/wp\/trump-destina-170-mil-mdd-a-ice-y-patrulla-fronteriza-contra-migracion\/","name":"Trump destina 170 mil mdd a ICE y Patrulla Fronteriza contra migraci\u00f3n - NOTICIAS","isPartOf":{"@id":"https:\/\/laredsocial-noticias.com\/wp\/#website"},"primaryImageOfPage":{"@id":"https:\/\/laredsocial-noticias.com\/wp\/trump-destina-170-mil-mdd-a-ice-y-patrulla-fronteriza-contra-migracion\/#primaryimage"},"image":{"@id":"https:\/\/laredsocial-noticias.com\/wp\/trump-destina-170-mil-mdd-a-ice-y-patrulla-fronteriza-contra-migracion\/#primaryimage"},"thumbnailUrl":"https:\/\/laredsocial-noticias.com\/wp\/wp-content\/uploads\/2025\/12\/6948033981681.jpeg","datePublished":"2025-12-21T17:47:41+00:00","dateModified":"2025-12-21T17:47:52+00:00","author":{"@id":"https:\/\/laredsocial-noticias.com\/wp\/#\/schema\/person\/0ce78643f2de7aae6f6ef10e8453a6e0"},"breadcrumb":{"@id":"https:\/\/laredsocial-noticias.com\/wp\/trump-destina-170-mil-mdd-a-ice-y-patrulla-fronteriza-contra-migracion\/#breadcrumb"},"inLanguage":"es","potentialAction":[{"@type":"ReadAction","target":["https:\/\/laredsocial-noticias.com\/wp\/trump-destina-170-mil-mdd-a-ice-y-patrulla-fronteriza-contra-migracion\/"]}]},{"@type":"ImageObject","inLanguage":"es","@id":"https:\/\/laredsocial-noticias.com\/wp\/trump-destina-170-mil-mdd-a-ice-y-patrulla-fronteriza-contra-migracion\/#primaryimage","url":"https:\/\/laredsocial-noticias.com\/wp\/wp-content\/uploads\/2025\/12\/6948033981681.jpeg","contentUrl":"https:\/\/laredsocial-noticias.com\/wp\/wp-content\/uploads\/2025\/12\/6948033981681.jpeg","width":813,"height":542},{"@type":"BreadcrumbList","@id":"https:\/\/laredsocial-noticias.com\/wp\/trump-destina-170-mil-mdd-a-ice-y-patrulla-fronteriza-contra-migracion\/#breadcrumb","itemListElement":[{"@type":"ListItem","position":1,"name":"Portada","item":"https:\/\/laredsocial-noticias.com\/wp\/"},{"@type":"ListItem","position":2,"name":"Trump destina 170 mil mdd a ICE y Patrulla Fronteriza contra migraci\u00f3n"}]},{"@type":"WebSite","@id":"https:\/\/laredsocial-noticias.com\/wp\/#website","url":"https:\/\/laredsocial-noticias.com\/wp\/","name":"NOTICIAS","description":"Lo que se ve y se dice en las redes sociales","potentialAction":[{"@type":"SearchAction","target":{"@type":"EntryPoint","urlTemplate":"https:\/\/laredsocial-noticias.com\/wp\/?s={search_term_string}"},"query-input":{"@type":"PropertyValueSpecification","valueRequired":true,"valueName":"search_term_string"}}],"inLanguage":"es"},{"@type":"Person","@id":"https:\/\/laredsocial-noticias.com\/wp\/#\/schema\/person\/0ce78643f2de7aae6f6ef10e8453a6e0","name":"Editor en Jefe","url":"https:\/\/laredsocial-noticias.com\/wp\/author\/jorgeochoa\/"}]}},"_links":{"self":[{"href":"https:\/\/laredsocial-noticias.com\/wp\/wp-json\/wp\/v2\/posts\/261437","targetHints":{"allow":["GET"]}}],"collection":[{"href":"https:\/\/laredsocial-noticias.com\/wp\/wp-json\/wp\/v2\/posts"}],"about":[{"href":"https:\/\/laredsocial-noticias.com\/wp\/wp-json\/wp\/v2\/types\/post"}],"author":[{"embeddable":true,"href":"https:\/\/laredsocial-noticias.com\/wp\/wp-json\/wp\/v2\/users\/1"}],"replies":[{"embeddable":true,"href":"https:\/\/laredsocial-noticias.com\/wp\/wp-json\/wp\/v2\/comments?post=261437"}],"version-history":[{"count":1,"href":"https:\/\/laredsocial-noticias.com\/wp\/wp-json\/wp\/v2\/posts\/261437\/revisions"}],"predecessor-version":[{"id":261438,"href":"https:\/\/laredsocial-noticias.com\/wp\/wp-json\/wp\/v2\/posts\/261437\/revisions\/261438"}],"wp:featuredmedia":[{"embeddable":true,"href":"https:\/\/laredsocial-noticias.com\/wp\/wp-json\/wp\/v2\/media\/261439"}],"wp:attachment":[{"href":"https:\/\/laredsocial-noticias.com\/wp\/wp-json\/wp\/v2\/media?parent=261437"}],"wp:term":[{"taxonomy":"category","embeddable":true,"href":"https:\/\/laredsocial-noticias.com\/wp\/wp-json\/wp\/v2\/categories?post=261437"},{"taxonomy":"post_tag","embeddable":true,"href":"https:\/\/laredsocial-noticias.com\/wp\/wp-json\/wp\/v2\/tags?post=261437"}],"curies":[{"name":"wp","href":"https:\/\/api.w.org\/{rel}","templated":true}]}}