{"id":261789,"date":"2025-12-28T18:00:43","date_gmt":"2025-12-29T00:00:43","guid":{"rendered":"https:\/\/laredsocial-noticias.com\/wp\/?p=261789"},"modified":"2025-12-29T11:08:40","modified_gmt":"2025-12-29T17:08:40","slug":"semar-reporta-incidente-ferroviario-en-tren-del-corredor-interoceanico-en-oaxaca","status":"publish","type":"post","link":"https:\/\/laredsocial-noticias.com\/wp\/semar-reporta-incidente-ferroviario-en-tren-del-corredor-interoceanico-en-oaxaca\/","title":{"rendered":"Semar reporta incidente ferroviario en Tren del Corredor Interoce\u00e1nico en Oaxaca"},"content":{"rendered":"<p>Este domingo 28 de diciembre de 2025, la Secretar\u00eda de Marina (Semar) inform\u00f3 sobre un incidente ferroviario en el Corredor Interoce\u00e1nico del Istmo de Tehuantepec, a la altura de Nizanda, poblado zapoteca perteneciente al estado de Oaxaca.<\/p>\n<p>Al respecto la dependencia federal indic\u00f3 que el evento tuvo lugar en la L\u00ednea Z, involucrando a dos locomotoras y cuatro vagones de pasajeros, en los que viajaban 241 personas y nueve miembros de la tripulaci\u00f3n.<\/p>\n<p>De acuerdo al comunicado emitido en sus redes sociales, la Semar detall\u00f3 que la m\u00e1quina principal sufri\u00f3 un descarrilamiento, lo que oblig\u00f3 a detener la marcha y activar los protocolos de emergencia correspondientes.<\/p>\n<p>Seg\u00fan el texto, desde el primer momento se brind\u00f3 atenci\u00f3n inmediata a las personas usuarias, mientras se manten\u00eda coordinaci\u00f3n con las autoridades locales para garantizar la seguridad de los pasajeros y realizar el levantamiento de informaci\u00f3n t\u00e9cnica y operativa.<\/p>\n<p>La marina precis\u00f3 que la prioridad es atender a los afectados y mantener informada a la poblaci\u00f3n con responsabilidad y transparencia, por lo que hizo un llamado a estar atentos s\u00f3lo de canales oficiales.<\/p>\n<p>De igual forma, se\u00f1al\u00f3 que conforme se cuente con datos confirmados y completos, se ampliar\u00e1 la informaci\u00f3n. Ahora bien sin explicar bien lo sucedido se habla de un descarrilamiento, el cual ocurre en un contexto en el que el Corredor Interoce\u00e1nico busca consolidarse como un proyecto estrat\u00e9gico para el desarrollo del sur de M\u00e9xico, conectando el Golfo de M\u00e9xico con el Pac\u00edfico mediante infraestructura ferroviaria y portuaria.<\/p>\n<p>Segundo accidente en menos de 10 d\u00edas<\/p>\n<p>Previo a este incidente, el Tren Interoce\u00e1nico previamente tuvo otro evento el pasado 20 de diciembre de 2025, cuando un tren de pasajeros colision\u00f3 con un tr\u00e1iler en el estado de Chiapas.<\/p>\n<p>De acuerdo con los reportes oficiales, el evento se registr\u00f3 alrededor de las 09:55 horas, en un cruce ferroviario ubicado en la comunidad de Cardona, municipio de Pichucalco.<\/p>\n<p>El tr\u00e1iler se atraves\u00f3 al paso del Tren Interoce\u00e1nico que cubr\u00eda la ruta Coatzacoalcos\u2013Pakal N\u00e1, provocando un fuerte impacto; a bordo viajaban 148 personas, quienes, junto con la tripulaci\u00f3n, resultaron ilesas, aunque la locomotora principal present\u00f3 da\u00f1os visibles.<\/p>\n<p>Tras el accidente, se activ\u00f3 un protocolo de atenci\u00f3n para garantizar el traslado seguro de los pasajeros, mediante el env\u00edo de otra unidad ferroviaria y autobuses de apoyo.<\/p>\n<p>Autoridades reiteraron que no hubo personas lesionadas, pero el incidente volvi\u00f3 a colocar bajo la lupa los riesgos en cruces a nivel, especialmente tras un nuevo accidente del Tren Interoce\u00e1nico registrado d\u00edas despu\u00e9s en Oaxaca, ahora con m\u00e1s de 200 personas a bordo.<\/p>\n","protected":false},"excerpt":{"rendered":"<p>Este domingo 28 de diciembre de 2025, la Secretar\u00eda de Marina (Semar) inform\u00f3 sobre un incidente ferroviario en el Corredor&#8230;<\/p>\n","protected":false},"author":1,"featured_media":261791,"comment_status":"open","ping_status":"closed","sticky":false,"template":"","format":"standard","meta":{"footnotes":""},"categories":[78,1726],"tags":[],"class_list":["post-261789","post","type-post","status-publish","format-standard","has-post-thumbnail","hentry","category-nacional","category-nacionales"],"yoast_head":"<!-- This site is optimized with the Yoast SEO plugin v26.5 - https:\/\/yoast.com\/wordpress\/plugins\/seo\/ -->\n<title>Semar reporta incidente ferroviario en Tren del Corredor Interoce\u00e1nico en Oaxaca - NOTICIAS<\/title>\n<meta name=\"robots\" content=\"index, follow, max-snippet:-1, max-image-preview:large, max-video-preview:-1\" \/>\n<link rel=\"canonical\" href=\"https:\/\/laredsocial-noticias.com\/wp\/semar-reporta-incidente-ferroviario-en-tren-del-corredor-interoceanico-en-oaxaca\/\" \/>\n<meta property=\"og:locale\" content=\"es_ES\" \/>\n<meta property=\"og:type\" content=\"article\" \/>\n<meta property=\"og:title\" content=\"Semar reporta incidente ferroviario en Tren del Corredor Interoce\u00e1nico en Oaxaca - NOTICIAS\" \/>\n<meta property=\"og:description\" content=\"Este domingo 28 de diciembre de 2025, la Secretar\u00eda de Marina (Semar) inform\u00f3 sobre un incidente ferroviario en el Corredor...\" \/>\n<meta property=\"og:url\" content=\"https:\/\/laredsocial-noticias.com\/wp\/semar-reporta-incidente-ferroviario-en-tren-del-corredor-interoceanico-en-oaxaca\/\" \/>\n<meta property=\"og:site_name\" content=\"NOTICIAS\" \/>\n<meta property=\"article:published_time\" content=\"2025-12-29T00:00:43+00:00\" \/>\n<meta property=\"article:modified_time\" content=\"2025-12-29T17:08:40+00:00\" \/>\n<meta name=\"author\" content=\"Editor en Jefe\" \/>\n<meta name=\"twitter:card\" content=\"summary_large_image\" \/>\n<meta name=\"twitter:label1\" content=\"Escrito por\" \/>\n\t<meta name=\"twitter:data1\" content=\"Editor en Jefe\" \/>\n\t<meta name=\"twitter:label2\" content=\"Tiempo de lectura\" \/>\n\t<meta name=\"twitter:data2\" content=\"2 minutos\" \/>\n<!-- \/ Yoast SEO plugin. -->","yoast_head_json":{"title":"Semar reporta incidente ferroviario en Tren del Corredor Interoce\u00e1nico en Oaxaca - NOTICIAS","robots":{"index":"index","follow":"follow","max-snippet":"max-snippet:-1","max-image-preview":"max-image-preview:large","max-video-preview":"max-video-preview:-1"},"canonical":"https:\/\/laredsocial-noticias.com\/wp\/semar-reporta-incidente-ferroviario-en-tren-del-corredor-interoceanico-en-oaxaca\/","og_locale":"es_ES","og_type":"article","og_title":"Semar reporta incidente ferroviario en Tren del Corredor Interoce\u00e1nico en Oaxaca - NOTICIAS","og_description":"Este domingo 28 de diciembre de 2025, la Secretar\u00eda de Marina (Semar) inform\u00f3 sobre un incidente ferroviario en el Corredor...","og_url":"https:\/\/laredsocial-noticias.com\/wp\/semar-reporta-incidente-ferroviario-en-tren-del-corredor-interoceanico-en-oaxaca\/","og_site_name":"NOTICIAS","article_published_time":"2025-12-29T00:00:43+00:00","article_modified_time":"2025-12-29T17:08:40+00:00","author":"Editor en Jefe","twitter_card":"summary_large_image","twitter_misc":{"Escrito por":"Editor en Jefe","Tiempo de lectura":"2 minutos"},"schema":{"@context":"https:\/\/schema.org","@graph":[{"@type":"WebPage","@id":"https:\/\/laredsocial-noticias.com\/wp\/semar-reporta-incidente-ferroviario-en-tren-del-corredor-interoceanico-en-oaxaca\/","url":"https:\/\/laredsocial-noticias.com\/wp\/semar-reporta-incidente-ferroviario-en-tren-del-corredor-interoceanico-en-oaxaca\/","name":"Semar reporta incidente ferroviario en Tren del Corredor Interoce\u00e1nico en Oaxaca - NOTICIAS","isPartOf":{"@id":"https:\/\/laredsocial-noticias.com\/wp\/#website"},"primaryImageOfPage":{"@id":"https:\/\/laredsocial-noticias.com\/wp\/semar-reporta-incidente-ferroviario-en-tren-del-corredor-interoceanico-en-oaxaca\/#primaryimage"},"image":{"@id":"https:\/\/laredsocial-noticias.com\/wp\/semar-reporta-incidente-ferroviario-en-tren-del-corredor-interoceanico-en-oaxaca\/#primaryimage"},"thumbnailUrl":"https:\/\/laredsocial-noticias.com\/wp\/wp-content\/uploads\/2025\/12\/6951742f4ecc8.jpeg","datePublished":"2025-12-29T00:00:43+00:00","dateModified":"2025-12-29T17:08:40+00:00","author":{"@id":"https:\/\/laredsocial-noticias.com\/wp\/#\/schema\/person\/0ce78643f2de7aae6f6ef10e8453a6e0"},"breadcrumb":{"@id":"https:\/\/laredsocial-noticias.com\/wp\/semar-reporta-incidente-ferroviario-en-tren-del-corredor-interoceanico-en-oaxaca\/#breadcrumb"},"inLanguage":"es","potentialAction":[{"@type":"ReadAction","target":["https:\/\/laredsocial-noticias.com\/wp\/semar-reporta-incidente-ferroviario-en-tren-del-corredor-interoceanico-en-oaxaca\/"]}]},{"@type":"ImageObject","inLanguage":"es","@id":"https:\/\/laredsocial-noticias.com\/wp\/semar-reporta-incidente-ferroviario-en-tren-del-corredor-interoceanico-en-oaxaca\/#primaryimage","url":"https:\/\/laredsocial-noticias.com\/wp\/wp-content\/uploads\/2025\/12\/6951742f4ecc8.jpeg","contentUrl":"https:\/\/laredsocial-noticias.com\/wp\/wp-content\/uploads\/2025\/12\/6951742f4ecc8.jpeg","width":813,"height":542},{"@type":"BreadcrumbList","@id":"https:\/\/laredsocial-noticias.com\/wp\/semar-reporta-incidente-ferroviario-en-tren-del-corredor-interoceanico-en-oaxaca\/#breadcrumb","itemListElement":[{"@type":"ListItem","position":1,"name":"Portada","item":"https:\/\/laredsocial-noticias.com\/wp\/"},{"@type":"ListItem","position":2,"name":"Semar reporta incidente ferroviario en Tren del Corredor Interoce\u00e1nico en Oaxaca"}]},{"@type":"WebSite","@id":"https:\/\/laredsocial-noticias.com\/wp\/#website","url":"https:\/\/laredsocial-noticias.com\/wp\/","name":"NOTICIAS","description":"Lo que se ve y se dice en las redes sociales","potentialAction":[{"@type":"SearchAction","target":{"@type":"EntryPoint","urlTemplate":"https:\/\/laredsocial-noticias.com\/wp\/?s={search_term_string}"},"query-input":{"@type":"PropertyValueSpecification","valueRequired":true,"valueName":"search_term_string"}}],"inLanguage":"es"},{"@type":"Person","@id":"https:\/\/laredsocial-noticias.com\/wp\/#\/schema\/person\/0ce78643f2de7aae6f6ef10e8453a6e0","name":"Editor en Jefe","url":"https:\/\/laredsocial-noticias.com\/wp\/author\/jorgeochoa\/"}]}},"_links":{"self":[{"href":"https:\/\/laredsocial-noticias.com\/wp\/wp-json\/wp\/v2\/posts\/261789","targetHints":{"allow":["GET"]}}],"collection":[{"href":"https:\/\/laredsocial-noticias.com\/wp\/wp-json\/wp\/v2\/posts"}],"about":[{"href":"https:\/\/laredsocial-noticias.com\/wp\/wp-json\/wp\/v2\/types\/post"}],"author":[{"embeddable":true,"href":"https:\/\/laredsocial-noticias.com\/wp\/wp-json\/wp\/v2\/users\/1"}],"replies":[{"embeddable":true,"href":"https:\/\/laredsocial-noticias.com\/wp\/wp-json\/wp\/v2\/comments?post=261789"}],"version-history":[{"count":1,"href":"https:\/\/laredsocial-noticias.com\/wp\/wp-json\/wp\/v2\/posts\/261789\/revisions"}],"predecessor-version":[{"id":261790,"href":"https:\/\/laredsocial-noticias.com\/wp\/wp-json\/wp\/v2\/posts\/261789\/revisions\/261790"}],"wp:featuredmedia":[{"embeddable":true,"href":"https:\/\/laredsocial-noticias.com\/wp\/wp-json\/wp\/v2\/media\/261791"}],"wp:attachment":[{"href":"https:\/\/laredsocial-noticias.com\/wp\/wp-json\/wp\/v2\/media?parent=261789"}],"wp:term":[{"taxonomy":"category","embeddable":true,"href":"https:\/\/laredsocial-noticias.com\/wp\/wp-json\/wp\/v2\/categories?post=261789"},{"taxonomy":"post_tag","embeddable":true,"href":"https:\/\/laredsocial-noticias.com\/wp\/wp-json\/wp\/v2\/tags?post=261789"}],"curies":[{"name":"wp","href":"https:\/\/api.w.org\/{rel}","templated":true}]}}