{"id":261917,"date":"2025-12-31T13:42:29","date_gmt":"2025-12-31T19:42:29","guid":{"rendered":"https:\/\/laredsocial-noticias.com\/wp\/?p=261917"},"modified":"2025-12-31T13:42:52","modified_gmt":"2025-12-31T19:42:52","slug":"se-enciende-la-alerta-detectan-primer-caso-de-gusano-barrenador-en-tamaulipas","status":"publish","type":"post","link":"https:\/\/laredsocial-noticias.com\/wp\/se-enciende-la-alerta-detectan-primer-caso-de-gusano-barrenador-en-tamaulipas\/","title":{"rendered":"Se enciende la alerta! Detectan primer caso de gusano barrenador en Tamaulipas"},"content":{"rendered":"<p>El Departamento de Agricultura de Estados Unidos (USDA), confirm\u00f3 el primer caso de gusano barrenador del ganado en Tamaulipas, con lo que en total suman 14 estados de la Rep\u00fablica Mexicana afectados por esta plaga de la que estaba libre M\u00e9xico desde 1991, ya que no se hab\u00edan registrado casos.<\/p>\n<p>El primer caso de gusano barrenador en Tamaulipas se detect\u00f3 en un becerro de seis d\u00edas de nacido, con lesi\u00f3n umbilical, en zona de pastoreo y sin ganado en tr\u00e1nsito. De esta forma, se registra el caso activo m\u00e1s al norte en M\u00e9xico, aproximadamente a 317 kil\u00f3metros al sur de McAllen, Texas.<\/p>\n<p>El Departamento de Agricultura de Estados Unidos iniciar\u00e1 la liberaci\u00f3n de moscas est\u00e9riles y la evaluaci\u00f3n de medidas a aplicar para contener el brote de gusano barrenador del ganado en Tamaulipas.<\/p>\n<p>De acuerdo con el Grupo Consultor de Mercados Agr\u00edcolas (GCMA), al tratarse de un estado exportador, el caso podr\u00eda impactar la reapertura y condiciones de exportaci\u00f3n de ganado en pie, actividad que ha sido intermitente desde que se descubri\u00f3 el nuevo brote de la plaga el 21 de noviembre de 2024.<\/p>\n<p>Datos de la Confederaci\u00f3n Nacional de Organizaciones Ganaderas (CNOG), establecen que las p\u00e9rdidas econ\u00f3micas acumuladas por el cierre de la frontera de Estados Unidos a los becerros en pie procedentes de M\u00e9xico, equivalen a m\u00e1s de 15 mil millones de pesos.<\/p>\n<p>En poco m\u00e1s de un a\u00f1o, se dejaron de percibir 12 mil millones de pesos, porque un mill\u00f3n de cabezas de ganado no se pudieron exportar a Estados Unidos y tres mil millones de pesos m\u00e1s se gastaron en la log\u00edstica de transporte y tratamientos e inspecciones para cumplir con el Dispositivo Nacional de Emergencia de Sanidad Animal.<\/p>\n<p>M\u00e9xico cierra el a\u00f1o con 699 casos de gusano barrenador<\/p>\n<p>El a\u00f1o 2025 cierra con 699 casos activos de gusano barrenador del ganado en 11 estados de la Rep\u00fablica Mexicana:<\/p>\n<p>Oaxaca, con 168.<br \/>\nVeracruz, con 147.<br \/>\nYucat\u00e1n, con 137.<br \/>\nChiapas, con 130.<br \/>\nGuerrero, con 37.<br \/>\nQuintana Roo, con 28.<br \/>\nCampeche, con 19.<br \/>\nTabasco, con 17.<br \/>\nPuebla, con 11.<br \/>\nMichoac\u00e1n, con 1.<br \/>\nTamaulipas, con 1.<\/p>\n<p>&nbsp;<\/p>\n","protected":false},"excerpt":{"rendered":"<p>El Departamento de Agricultura de Estados Unidos (USDA), confirm\u00f3 el primer caso de gusano barrenador del ganado en Tamaulipas, con&#8230;<\/p>\n","protected":false},"author":1,"featured_media":261919,"comment_status":"open","ping_status":"closed","sticky":false,"template":"","format":"standard","meta":{"footnotes":""},"categories":[6026],"tags":[],"class_list":["post-261917","post","type-post","status-publish","format-standard","has-post-thumbnail","hentry","category-portada"],"yoast_head":"<!-- This site is optimized with the Yoast SEO plugin v26.5 - https:\/\/yoast.com\/wordpress\/plugins\/seo\/ -->\n<title>Se enciende la alerta! Detectan primer caso de gusano barrenador en Tamaulipas - NOTICIAS<\/title>\n<meta name=\"robots\" content=\"index, follow, max-snippet:-1, max-image-preview:large, max-video-preview:-1\" \/>\n<link rel=\"canonical\" href=\"https:\/\/laredsocial-noticias.com\/wp\/se-enciende-la-alerta-detectan-primer-caso-de-gusano-barrenador-en-tamaulipas\/\" \/>\n<meta property=\"og:locale\" content=\"es_ES\" \/>\n<meta property=\"og:type\" content=\"article\" \/>\n<meta property=\"og:title\" content=\"Se enciende la alerta! Detectan primer caso de gusano barrenador en Tamaulipas - NOTICIAS\" \/>\n<meta property=\"og:description\" content=\"El Departamento de Agricultura de Estados Unidos (USDA), confirm\u00f3 el primer caso de gusano barrenador del ganado en Tamaulipas, con...\" \/>\n<meta property=\"og:url\" content=\"https:\/\/laredsocial-noticias.com\/wp\/se-enciende-la-alerta-detectan-primer-caso-de-gusano-barrenador-en-tamaulipas\/\" \/>\n<meta property=\"og:site_name\" content=\"NOTICIAS\" \/>\n<meta property=\"article:published_time\" content=\"2025-12-31T19:42:29+00:00\" \/>\n<meta property=\"article:modified_time\" content=\"2025-12-31T19:42:52+00:00\" \/>\n<meta name=\"author\" content=\"Editor en Jefe\" \/>\n<meta name=\"twitter:card\" content=\"summary_large_image\" \/>\n<meta name=\"twitter:label1\" content=\"Escrito por\" \/>\n\t<meta name=\"twitter:data1\" content=\"Editor en Jefe\" \/>\n\t<meta name=\"twitter:label2\" content=\"Tiempo de lectura\" \/>\n\t<meta name=\"twitter:data2\" content=\"2 minutos\" \/>\n<!-- \/ Yoast SEO plugin. -->","yoast_head_json":{"title":"Se enciende la alerta! Detectan primer caso de gusano barrenador en Tamaulipas - NOTICIAS","robots":{"index":"index","follow":"follow","max-snippet":"max-snippet:-1","max-image-preview":"max-image-preview:large","max-video-preview":"max-video-preview:-1"},"canonical":"https:\/\/laredsocial-noticias.com\/wp\/se-enciende-la-alerta-detectan-primer-caso-de-gusano-barrenador-en-tamaulipas\/","og_locale":"es_ES","og_type":"article","og_title":"Se enciende la alerta! Detectan primer caso de gusano barrenador en Tamaulipas - NOTICIAS","og_description":"El Departamento de Agricultura de Estados Unidos (USDA), confirm\u00f3 el primer caso de gusano barrenador del ganado en Tamaulipas, con...","og_url":"https:\/\/laredsocial-noticias.com\/wp\/se-enciende-la-alerta-detectan-primer-caso-de-gusano-barrenador-en-tamaulipas\/","og_site_name":"NOTICIAS","article_published_time":"2025-12-31T19:42:29+00:00","article_modified_time":"2025-12-31T19:42:52+00:00","author":"Editor en Jefe","twitter_card":"summary_large_image","twitter_misc":{"Escrito por":"Editor en Jefe","Tiempo de lectura":"2 minutos"},"schema":{"@context":"https:\/\/schema.org","@graph":[{"@type":"WebPage","@id":"https:\/\/laredsocial-noticias.com\/wp\/se-enciende-la-alerta-detectan-primer-caso-de-gusano-barrenador-en-tamaulipas\/","url":"https:\/\/laredsocial-noticias.com\/wp\/se-enciende-la-alerta-detectan-primer-caso-de-gusano-barrenador-en-tamaulipas\/","name":"Se enciende la alerta! Detectan primer caso de gusano barrenador en Tamaulipas - NOTICIAS","isPartOf":{"@id":"https:\/\/laredsocial-noticias.com\/wp\/#website"},"primaryImageOfPage":{"@id":"https:\/\/laredsocial-noticias.com\/wp\/se-enciende-la-alerta-detectan-primer-caso-de-gusano-barrenador-en-tamaulipas\/#primaryimage"},"image":{"@id":"https:\/\/laredsocial-noticias.com\/wp\/se-enciende-la-alerta-detectan-primer-caso-de-gusano-barrenador-en-tamaulipas\/#primaryimage"},"thumbnailUrl":"https:\/\/laredsocial-noticias.com\/wp\/wp-content\/uploads\/2025\/12\/695560f7de49c.jpeg","datePublished":"2025-12-31T19:42:29+00:00","dateModified":"2025-12-31T19:42:52+00:00","author":{"@id":"https:\/\/laredsocial-noticias.com\/wp\/#\/schema\/person\/0ce78643f2de7aae6f6ef10e8453a6e0"},"breadcrumb":{"@id":"https:\/\/laredsocial-noticias.com\/wp\/se-enciende-la-alerta-detectan-primer-caso-de-gusano-barrenador-en-tamaulipas\/#breadcrumb"},"inLanguage":"es","potentialAction":[{"@type":"ReadAction","target":["https:\/\/laredsocial-noticias.com\/wp\/se-enciende-la-alerta-detectan-primer-caso-de-gusano-barrenador-en-tamaulipas\/"]}]},{"@type":"ImageObject","inLanguage":"es","@id":"https:\/\/laredsocial-noticias.com\/wp\/se-enciende-la-alerta-detectan-primer-caso-de-gusano-barrenador-en-tamaulipas\/#primaryimage","url":"https:\/\/laredsocial-noticias.com\/wp\/wp-content\/uploads\/2025\/12\/695560f7de49c.jpeg","contentUrl":"https:\/\/laredsocial-noticias.com\/wp\/wp-content\/uploads\/2025\/12\/695560f7de49c.jpeg","width":800,"height":450},{"@type":"BreadcrumbList","@id":"https:\/\/laredsocial-noticias.com\/wp\/se-enciende-la-alerta-detectan-primer-caso-de-gusano-barrenador-en-tamaulipas\/#breadcrumb","itemListElement":[{"@type":"ListItem","position":1,"name":"Portada","item":"https:\/\/laredsocial-noticias.com\/wp\/"},{"@type":"ListItem","position":2,"name":"Se enciende la alerta! Detectan primer caso de gusano barrenador en Tamaulipas"}]},{"@type":"WebSite","@id":"https:\/\/laredsocial-noticias.com\/wp\/#website","url":"https:\/\/laredsocial-noticias.com\/wp\/","name":"NOTICIAS","description":"Lo que se ve y se dice en las redes sociales","potentialAction":[{"@type":"SearchAction","target":{"@type":"EntryPoint","urlTemplate":"https:\/\/laredsocial-noticias.com\/wp\/?s={search_term_string}"},"query-input":{"@type":"PropertyValueSpecification","valueRequired":true,"valueName":"search_term_string"}}],"inLanguage":"es"},{"@type":"Person","@id":"https:\/\/laredsocial-noticias.com\/wp\/#\/schema\/person\/0ce78643f2de7aae6f6ef10e8453a6e0","name":"Editor en Jefe","url":"https:\/\/laredsocial-noticias.com\/wp\/author\/jorgeochoa\/"}]}},"_links":{"self":[{"href":"https:\/\/laredsocial-noticias.com\/wp\/wp-json\/wp\/v2\/posts\/261917","targetHints":{"allow":["GET"]}}],"collection":[{"href":"https:\/\/laredsocial-noticias.com\/wp\/wp-json\/wp\/v2\/posts"}],"about":[{"href":"https:\/\/laredsocial-noticias.com\/wp\/wp-json\/wp\/v2\/types\/post"}],"author":[{"embeddable":true,"href":"https:\/\/laredsocial-noticias.com\/wp\/wp-json\/wp\/v2\/users\/1"}],"replies":[{"embeddable":true,"href":"https:\/\/laredsocial-noticias.com\/wp\/wp-json\/wp\/v2\/comments?post=261917"}],"version-history":[{"count":1,"href":"https:\/\/laredsocial-noticias.com\/wp\/wp-json\/wp\/v2\/posts\/261917\/revisions"}],"predecessor-version":[{"id":261918,"href":"https:\/\/laredsocial-noticias.com\/wp\/wp-json\/wp\/v2\/posts\/261917\/revisions\/261918"}],"wp:featuredmedia":[{"embeddable":true,"href":"https:\/\/laredsocial-noticias.com\/wp\/wp-json\/wp\/v2\/media\/261919"}],"wp:attachment":[{"href":"https:\/\/laredsocial-noticias.com\/wp\/wp-json\/wp\/v2\/media?parent=261917"}],"wp:term":[{"taxonomy":"category","embeddable":true,"href":"https:\/\/laredsocial-noticias.com\/wp\/wp-json\/wp\/v2\/categories?post=261917"},{"taxonomy":"post_tag","embeddable":true,"href":"https:\/\/laredsocial-noticias.com\/wp\/wp-json\/wp\/v2\/tags?post=261917"}],"curies":[{"name":"wp","href":"https:\/\/api.w.org\/{rel}","templated":true}]}}