{"id":262165,"date":"2026-01-05T10:16:48","date_gmt":"2026-01-05T16:16:48","guid":{"rendered":"https:\/\/laredsocial-noticias.com\/wp\/?p=262165"},"modified":"2026-01-05T10:17:10","modified_gmt":"2026-01-05T16:17:10","slug":"sheinbaum-converso-con-petro-y-pedro-sanchez-tras-la-captura-de-maduro-no-contempla-llamar-a-trump","status":"publish","type":"post","link":"https:\/\/laredsocial-noticias.com\/wp\/sheinbaum-converso-con-petro-y-pedro-sanchez-tras-la-captura-de-maduro-no-contempla-llamar-a-trump\/","title":{"rendered":"Sheinbaum convers\u00f3 con Petro y Pedro S\u00e1nchez tras la captura de Maduro; no contempla llamar a Trump"},"content":{"rendered":"<p>La presidenta Claudia Sheinbaum inform\u00f3 este lunes que el s\u00e1bado pasado convers\u00f3 con sus hom\u00f3logos en Colombia, Gustavo Petro, y de Espa\u00f1a, Pedro S\u00e1nchez, ante el ataque de Estados Unidos contra Venezuela.<\/p>\n<p>La mandataria afirm\u00f3 en su conferencia matutina que a partir de estas pl\u00e1ticas surgi\u00f3 el posicionamiento conjunto con estos pa\u00edses por la captura de Maduro, en el que rechazaron las acciones militares de Estados Unidos.<\/p>\n<p>Sin embargo, la mandataria se\u00f1al\u00f3 que, por el momento, no tiene contemplada alguna llamada con el estadounidense Donald Trump para abordar el tema.<\/p>\n<p>Tambi\u00e9n, la mexicana indic\u00f3 que no ha sostenido comunicaci\u00f3n con Delcy Rodr\u00edguez, presidenta interina de Venezuela; &#8220;vamos a ver, tambi\u00e9n depende de ellos&#8221;, dijo tras la pregunta de la prensa sobre si la buscar\u00e1.<\/p>\n<p>De acuerdo con Sheinbaum, Pedro S\u00e1nchez fue quien la busc\u00f3\u00a0para conversar por los acontecimientos en Venezuela, le manifest\u00f3 su solidaridad con Latinoam\u00e9rica y tienen prevista una nueva llamada pr\u00f3ximamente, pero no precis\u00f3 la fecha.<\/p>\n<p>La presidenta se\u00f1al\u00f3 que M\u00e9xico mantiene sus relaciones con Espa\u00f1a y evadi\u00f3 a la prensa cuando le pregunt\u00f3 si podr\u00eda darse una &#8220;vuelta de hoja&#8221; en el tema del perd\u00f3n que se ha solicitado por la Conquista; &#8220;eso ya lo veremos m\u00e1s adelante&#8221;, contest\u00f3.<\/p>\n<p>Adem\u00e1s, Sheinbaum se\u00f1al\u00f3 que no mantiene comunicaci\u00f3n directa con el expresidente Andr\u00e9s Manuel L\u00f3pez Obrador ante el tema y tampoco tiene &#8220;pensado&#8221; sostener una llamada pr\u00f3ximamente.<\/p>\n<p>Este lunes, la presidenta comenz\u00f3 su conferencia en Palacio Nacional leyendo un posicionamiento de su gobierno en el que pide respetar la soberan\u00eda y autodeterminaci\u00f3n de los pueblos.<\/p>\n","protected":false},"excerpt":{"rendered":"<p>La presidenta Claudia Sheinbaum inform\u00f3 este lunes que el s\u00e1bado pasado convers\u00f3 con sus hom\u00f3logos en Colombia, Gustavo Petro, y&#8230;<\/p>\n","protected":false},"author":1,"featured_media":262167,"comment_status":"open","ping_status":"closed","sticky":false,"template":"","format":"standard","meta":{"footnotes":""},"categories":[78,1726,73],"tags":[],"class_list":["post-262165","post","type-post","status-publish","format-standard","has-post-thumbnail","hentry","category-nacional","category-nacionales","category-principal"],"yoast_head":"<!-- This site is optimized with the Yoast SEO plugin v26.5 - https:\/\/yoast.com\/wordpress\/plugins\/seo\/ -->\n<title>Sheinbaum convers\u00f3 con Petro y Pedro S\u00e1nchez tras la captura de Maduro; no contempla llamar a Trump - NOTICIAS<\/title>\n<meta name=\"robots\" content=\"index, follow, max-snippet:-1, max-image-preview:large, max-video-preview:-1\" \/>\n<link rel=\"canonical\" href=\"https:\/\/laredsocial-noticias.com\/wp\/sheinbaum-converso-con-petro-y-pedro-sanchez-tras-la-captura-de-maduro-no-contempla-llamar-a-trump\/\" \/>\n<meta property=\"og:locale\" content=\"es_ES\" \/>\n<meta property=\"og:type\" content=\"article\" \/>\n<meta property=\"og:title\" content=\"Sheinbaum convers\u00f3 con Petro y Pedro S\u00e1nchez tras la captura de Maduro; no contempla llamar a Trump - NOTICIAS\" \/>\n<meta property=\"og:description\" content=\"La presidenta Claudia Sheinbaum inform\u00f3 este lunes que el s\u00e1bado pasado convers\u00f3 con sus hom\u00f3logos en Colombia, Gustavo Petro, y...\" \/>\n<meta property=\"og:url\" content=\"https:\/\/laredsocial-noticias.com\/wp\/sheinbaum-converso-con-petro-y-pedro-sanchez-tras-la-captura-de-maduro-no-contempla-llamar-a-trump\/\" \/>\n<meta property=\"og:site_name\" content=\"NOTICIAS\" \/>\n<meta property=\"article:published_time\" content=\"2026-01-05T16:16:48+00:00\" \/>\n<meta property=\"article:modified_time\" content=\"2026-01-05T16:17:10+00:00\" \/>\n<meta name=\"author\" content=\"Editor en Jefe\" \/>\n<meta name=\"twitter:card\" content=\"summary_large_image\" \/>\n<meta name=\"twitter:label1\" content=\"Escrito por\" \/>\n\t<meta name=\"twitter:data1\" content=\"Editor en Jefe\" \/>\n\t<meta name=\"twitter:label2\" content=\"Tiempo de lectura\" \/>\n\t<meta name=\"twitter:data2\" content=\"1 minuto\" \/>\n<!-- \/ Yoast SEO plugin. -->","yoast_head_json":{"title":"Sheinbaum convers\u00f3 con Petro y Pedro S\u00e1nchez tras la captura de Maduro; no contempla llamar a Trump - NOTICIAS","robots":{"index":"index","follow":"follow","max-snippet":"max-snippet:-1","max-image-preview":"max-image-preview:large","max-video-preview":"max-video-preview:-1"},"canonical":"https:\/\/laredsocial-noticias.com\/wp\/sheinbaum-converso-con-petro-y-pedro-sanchez-tras-la-captura-de-maduro-no-contempla-llamar-a-trump\/","og_locale":"es_ES","og_type":"article","og_title":"Sheinbaum convers\u00f3 con Petro y Pedro S\u00e1nchez tras la captura de Maduro; no contempla llamar a Trump - NOTICIAS","og_description":"La presidenta Claudia Sheinbaum inform\u00f3 este lunes que el s\u00e1bado pasado convers\u00f3 con sus hom\u00f3logos en Colombia, Gustavo Petro, y...","og_url":"https:\/\/laredsocial-noticias.com\/wp\/sheinbaum-converso-con-petro-y-pedro-sanchez-tras-la-captura-de-maduro-no-contempla-llamar-a-trump\/","og_site_name":"NOTICIAS","article_published_time":"2026-01-05T16:16:48+00:00","article_modified_time":"2026-01-05T16:17:10+00:00","author":"Editor en Jefe","twitter_card":"summary_large_image","twitter_misc":{"Escrito por":"Editor en Jefe","Tiempo de lectura":"1 minuto"},"schema":{"@context":"https:\/\/schema.org","@graph":[{"@type":"WebPage","@id":"https:\/\/laredsocial-noticias.com\/wp\/sheinbaum-converso-con-petro-y-pedro-sanchez-tras-la-captura-de-maduro-no-contempla-llamar-a-trump\/","url":"https:\/\/laredsocial-noticias.com\/wp\/sheinbaum-converso-con-petro-y-pedro-sanchez-tras-la-captura-de-maduro-no-contempla-llamar-a-trump\/","name":"Sheinbaum convers\u00f3 con Petro y Pedro S\u00e1nchez tras la captura de Maduro; no contempla llamar a Trump - NOTICIAS","isPartOf":{"@id":"https:\/\/laredsocial-noticias.com\/wp\/#website"},"primaryImageOfPage":{"@id":"https:\/\/laredsocial-noticias.com\/wp\/sheinbaum-converso-con-petro-y-pedro-sanchez-tras-la-captura-de-maduro-no-contempla-llamar-a-trump\/#primaryimage"},"image":{"@id":"https:\/\/laredsocial-noticias.com\/wp\/sheinbaum-converso-con-petro-y-pedro-sanchez-tras-la-captura-de-maduro-no-contempla-llamar-a-trump\/#primaryimage"},"thumbnailUrl":"https:\/\/laredsocial-noticias.com\/wp\/wp-content\/uploads\/2026\/01\/f960x540-135636_209711_5050.jpg","datePublished":"2026-01-05T16:16:48+00:00","dateModified":"2026-01-05T16:17:10+00:00","author":{"@id":"https:\/\/laredsocial-noticias.com\/wp\/#\/schema\/person\/0ce78643f2de7aae6f6ef10e8453a6e0"},"breadcrumb":{"@id":"https:\/\/laredsocial-noticias.com\/wp\/sheinbaum-converso-con-petro-y-pedro-sanchez-tras-la-captura-de-maduro-no-contempla-llamar-a-trump\/#breadcrumb"},"inLanguage":"es","potentialAction":[{"@type":"ReadAction","target":["https:\/\/laredsocial-noticias.com\/wp\/sheinbaum-converso-con-petro-y-pedro-sanchez-tras-la-captura-de-maduro-no-contempla-llamar-a-trump\/"]}]},{"@type":"ImageObject","inLanguage":"es","@id":"https:\/\/laredsocial-noticias.com\/wp\/sheinbaum-converso-con-petro-y-pedro-sanchez-tras-la-captura-de-maduro-no-contempla-llamar-a-trump\/#primaryimage","url":"https:\/\/laredsocial-noticias.com\/wp\/wp-content\/uploads\/2026\/01\/f960x540-135636_209711_5050.jpg","contentUrl":"https:\/\/laredsocial-noticias.com\/wp\/wp-content\/uploads\/2026\/01\/f960x540-135636_209711_5050.jpg","width":960,"height":540},{"@type":"BreadcrumbList","@id":"https:\/\/laredsocial-noticias.com\/wp\/sheinbaum-converso-con-petro-y-pedro-sanchez-tras-la-captura-de-maduro-no-contempla-llamar-a-trump\/#breadcrumb","itemListElement":[{"@type":"ListItem","position":1,"name":"Portada","item":"https:\/\/laredsocial-noticias.com\/wp\/"},{"@type":"ListItem","position":2,"name":"Sheinbaum convers\u00f3 con Petro y Pedro S\u00e1nchez tras la captura de Maduro; no contempla llamar a Trump"}]},{"@type":"WebSite","@id":"https:\/\/laredsocial-noticias.com\/wp\/#website","url":"https:\/\/laredsocial-noticias.com\/wp\/","name":"NOTICIAS","description":"Lo que se ve y se dice en las redes sociales","potentialAction":[{"@type":"SearchAction","target":{"@type":"EntryPoint","urlTemplate":"https:\/\/laredsocial-noticias.com\/wp\/?s={search_term_string}"},"query-input":{"@type":"PropertyValueSpecification","valueRequired":true,"valueName":"search_term_string"}}],"inLanguage":"es"},{"@type":"Person","@id":"https:\/\/laredsocial-noticias.com\/wp\/#\/schema\/person\/0ce78643f2de7aae6f6ef10e8453a6e0","name":"Editor en Jefe","url":"https:\/\/laredsocial-noticias.com\/wp\/author\/jorgeochoa\/"}]}},"_links":{"self":[{"href":"https:\/\/laredsocial-noticias.com\/wp\/wp-json\/wp\/v2\/posts\/262165","targetHints":{"allow":["GET"]}}],"collection":[{"href":"https:\/\/laredsocial-noticias.com\/wp\/wp-json\/wp\/v2\/posts"}],"about":[{"href":"https:\/\/laredsocial-noticias.com\/wp\/wp-json\/wp\/v2\/types\/post"}],"author":[{"embeddable":true,"href":"https:\/\/laredsocial-noticias.com\/wp\/wp-json\/wp\/v2\/users\/1"}],"replies":[{"embeddable":true,"href":"https:\/\/laredsocial-noticias.com\/wp\/wp-json\/wp\/v2\/comments?post=262165"}],"version-history":[{"count":1,"href":"https:\/\/laredsocial-noticias.com\/wp\/wp-json\/wp\/v2\/posts\/262165\/revisions"}],"predecessor-version":[{"id":262166,"href":"https:\/\/laredsocial-noticias.com\/wp\/wp-json\/wp\/v2\/posts\/262165\/revisions\/262166"}],"wp:featuredmedia":[{"embeddable":true,"href":"https:\/\/laredsocial-noticias.com\/wp\/wp-json\/wp\/v2\/media\/262167"}],"wp:attachment":[{"href":"https:\/\/laredsocial-noticias.com\/wp\/wp-json\/wp\/v2\/media?parent=262165"}],"wp:term":[{"taxonomy":"category","embeddable":true,"href":"https:\/\/laredsocial-noticias.com\/wp\/wp-json\/wp\/v2\/categories?post=262165"},{"taxonomy":"post_tag","embeddable":true,"href":"https:\/\/laredsocial-noticias.com\/wp\/wp-json\/wp\/v2\/tags?post=262165"}],"curies":[{"name":"wp","href":"https:\/\/api.w.org\/{rel}","templated":true}]}}