{"id":262222,"date":"2026-01-06T13:42:39","date_gmt":"2026-01-06T19:42:39","guid":{"rendered":"https:\/\/laredsocial-noticias.com\/wp\/?p=262222"},"modified":"2026-01-06T13:43:03","modified_gmt":"2026-01-06T19:43:03","slug":"claudia-sheinbaum-pide-a-eu-un-juicio-justo-para-nicolas-maduro","status":"publish","type":"post","link":"https:\/\/laredsocial-noticias.com\/wp\/claudia-sheinbaum-pide-a-eu-un-juicio-justo-para-nicolas-maduro\/","title":{"rendered":"Claudia Sheinbaum pide a EU un juicio justo para Nicol\u00e1s Maduro"},"content":{"rendered":"<p>Desde Palacio Nacional, en su conferencia de prensa matutina, la Presidenta de la Rep\u00fablica, Claudia Sheinbaum, volvi\u00f3 a criticar la intervenci\u00f3n de Estados Unidos en Venezuela y los cargos que se le imputan por narcotr\u00e1fico y terrorismo.<br \/>\nEn este caso ya detenido el Presidente Maduro, lo que uno pide es un juicio justo siempre, eso es lo que hay que pedir, para todos y en cualquier circunstancia, y en este en particular tiene que haber celeridad y justicia&#8221;, solicit\u00f3.<\/p>\n<p>La Presidenta de M\u00e9xico, Claudia Sheinbaum pidi\u00f3 a Estados Unidos un juicio justo para Nicol\u00e1s Maduro.<\/p>\n<p>La Jefa del Ejecutivo resalt\u00f3 que M\u00e9xico no puede estar de acuerdo nunca con que un pa\u00eds se lleve por la fuerza a un Mandatario, incluso, si fuera culpable.<br \/>\nEs algo muy valioso que tenemos los mexicanos, nuestra pol\u00edtica exterior. Nosotros no podemos estar de acuerdo nunca con que un pa\u00eds invada a otro, fuera adem\u00e1s de la Carta de las Naciones Unidas, incluso si fuera culpable de lo que se le acusa que todav\u00eda est\u00e1 por verse. En el caso de Maduro, esta es la pol\u00edtica exterior de M\u00e9xico\u201d, sostuvo.<\/p>\n<p>La Presidenta de la Rep\u00fablica, Claudia Sheinbaum, destac\u00f3 que el pa\u00eds ha tenido \u201cuna pol\u00edtica exterior ejemplar\u201d. Sin embargo, se\u00f1al\u00f3 que durante las administraciones de los exPresidentes del PAN, Vicente Fox y Felipe Calder\u00f3n disminuy\u00f3.<\/p>\n<p>Problemas tuvieron que resolverse de manera gratuita<\/p>\n<p>Sheinbaum Pardo reiter\u00f3 que los problemas en Venezuela tuvieron que resolverse de manera pac\u00edfica, interna y que para eso existe la ONU, para mediar las controversias sin llegar a la intervenci\u00f3n extranjera.<\/p>\n<p>La no intervenci\u00f3n esto es un valor enorme de la pol\u00edtica exterior mexicana y un orgullo de M\u00e9xico defiende porque est\u00e1 en la Constituci\u00f3n y la presidenta debe hacerlo, que es una obligaci\u00f3n constitucional, adem\u00e1s de la convicci\u00f3n, la no intervenci\u00f3n, la soluci\u00f3n pac\u00edfica de controversias, la proscripci\u00f3n de la amenaza o el uso de la fuerza en las relaciones internacionales\u201d, consider\u00f3.<\/p>\n<p>La pr\u00f3xima audiencia de Maduro ser\u00e1 el 17 de marzo para presentar su defensa.Foto: AFP.<br \/>\n\u201cSoy inocente\u201d, afirma Maduro<\/p>\n<p>El lunes, ante el juez Alvin Hellerstein, Nicol\u00e1s afirm\u00f3 que sigue siendo el presidente de Venezuela y dijo que, hasta el momento en que le leyeron los cargos en su contra, desconoc\u00eda de qu\u00e9 se le acusaba.<br \/>\nSoy inocente de todo lo mencionado aqu\u00ed. No soy culpable\u201d, asever\u00f3.<\/p>\n<p>El acta de inculpaci\u00f3n incluye tambi\u00e9n al hijo del depuesto mandatario, Nicol\u00e1s Maduro Guerra, conocido como Nicolasito; al ministro venezolano del Interior, Diosdado Cabello, y al l\u00edder pr\u00f3fugo del Tren de Aragua, H\u00e9ctor Rusthenford Guerrero Flores, alias Ni\u00f1o Guerrero.<\/p>\n<p>A Nicol\u00e1s Maduro lo representa el abogado Barry Pollack, quien fue el defensor legal del fundador de WikiLeaks, Julian Assange, mientras que su esposa, Cilia Flores, contrat\u00f3 los servicios del abogado Mark Donnelly, un experto con sede en Texas.<\/p>\n<p>La pr\u00f3xima audiencia fue fijada para el pr\u00f3ximo 17 de marzo. Mientras tanto, ambos permanecer\u00e1n detenidos en Nueva York.<\/p>\n","protected":false},"excerpt":{"rendered":"<p>Desde Palacio Nacional, en su conferencia de prensa matutina, la Presidenta de la Rep\u00fablica, Claudia Sheinbaum, volvi\u00f3 a criticar la&#8230;<\/p>\n","protected":false},"author":1,"featured_media":262224,"comment_status":"open","ping_status":"closed","sticky":false,"template":"","format":"standard","meta":{"footnotes":""},"categories":[78,1726,6026],"tags":[],"class_list":["post-262222","post","type-post","status-publish","format-standard","has-post-thumbnail","hentry","category-nacional","category-nacionales","category-portada"],"yoast_head":"<!-- This site is optimized with the Yoast SEO plugin v26.5 - https:\/\/yoast.com\/wordpress\/plugins\/seo\/ -->\n<title>Claudia Sheinbaum pide a EU un juicio justo para Nicol\u00e1s Maduro - NOTICIAS<\/title>\n<meta name=\"robots\" content=\"index, follow, max-snippet:-1, max-image-preview:large, max-video-preview:-1\" \/>\n<link rel=\"canonical\" href=\"https:\/\/laredsocial-noticias.com\/wp\/claudia-sheinbaum-pide-a-eu-un-juicio-justo-para-nicolas-maduro\/\" \/>\n<meta property=\"og:locale\" content=\"es_ES\" \/>\n<meta property=\"og:type\" content=\"article\" \/>\n<meta property=\"og:title\" content=\"Claudia Sheinbaum pide a EU un juicio justo para Nicol\u00e1s Maduro - NOTICIAS\" \/>\n<meta property=\"og:description\" content=\"Desde Palacio Nacional, en su conferencia de prensa matutina, la Presidenta de la Rep\u00fablica, Claudia Sheinbaum, volvi\u00f3 a criticar la...\" \/>\n<meta property=\"og:url\" content=\"https:\/\/laredsocial-noticias.com\/wp\/claudia-sheinbaum-pide-a-eu-un-juicio-justo-para-nicolas-maduro\/\" \/>\n<meta property=\"og:site_name\" content=\"NOTICIAS\" \/>\n<meta property=\"article:published_time\" content=\"2026-01-06T19:42:39+00:00\" \/>\n<meta property=\"article:modified_time\" content=\"2026-01-06T19:43:03+00:00\" \/>\n<meta name=\"author\" content=\"Editor en Jefe\" \/>\n<meta name=\"twitter:card\" content=\"summary_large_image\" \/>\n<meta name=\"twitter:label1\" content=\"Escrito por\" \/>\n\t<meta name=\"twitter:data1\" content=\"Editor en Jefe\" \/>\n\t<meta name=\"twitter:label2\" content=\"Tiempo de lectura\" \/>\n\t<meta name=\"twitter:data2\" content=\"3 minutos\" \/>\n<!-- \/ Yoast SEO plugin. -->","yoast_head_json":{"title":"Claudia Sheinbaum pide a EU un juicio justo para Nicol\u00e1s Maduro - NOTICIAS","robots":{"index":"index","follow":"follow","max-snippet":"max-snippet:-1","max-image-preview":"max-image-preview:large","max-video-preview":"max-video-preview:-1"},"canonical":"https:\/\/laredsocial-noticias.com\/wp\/claudia-sheinbaum-pide-a-eu-un-juicio-justo-para-nicolas-maduro\/","og_locale":"es_ES","og_type":"article","og_title":"Claudia Sheinbaum pide a EU un juicio justo para Nicol\u00e1s Maduro - NOTICIAS","og_description":"Desde Palacio Nacional, en su conferencia de prensa matutina, la Presidenta de la Rep\u00fablica, Claudia Sheinbaum, volvi\u00f3 a criticar la...","og_url":"https:\/\/laredsocial-noticias.com\/wp\/claudia-sheinbaum-pide-a-eu-un-juicio-justo-para-nicolas-maduro\/","og_site_name":"NOTICIAS","article_published_time":"2026-01-06T19:42:39+00:00","article_modified_time":"2026-01-06T19:43:03+00:00","author":"Editor en Jefe","twitter_card":"summary_large_image","twitter_misc":{"Escrito por":"Editor en Jefe","Tiempo de lectura":"3 minutos"},"schema":{"@context":"https:\/\/schema.org","@graph":[{"@type":"WebPage","@id":"https:\/\/laredsocial-noticias.com\/wp\/claudia-sheinbaum-pide-a-eu-un-juicio-justo-para-nicolas-maduro\/","url":"https:\/\/laredsocial-noticias.com\/wp\/claudia-sheinbaum-pide-a-eu-un-juicio-justo-para-nicolas-maduro\/","name":"Claudia Sheinbaum pide a EU un juicio justo para Nicol\u00e1s Maduro - NOTICIAS","isPartOf":{"@id":"https:\/\/laredsocial-noticias.com\/wp\/#website"},"primaryImageOfPage":{"@id":"https:\/\/laredsocial-noticias.com\/wp\/claudia-sheinbaum-pide-a-eu-un-juicio-justo-para-nicolas-maduro\/#primaryimage"},"image":{"@id":"https:\/\/laredsocial-noticias.com\/wp\/claudia-sheinbaum-pide-a-eu-un-juicio-justo-para-nicolas-maduro\/#primaryimage"},"thumbnailUrl":"https:\/\/laredsocial-noticias.com\/wp\/wp-content\/uploads\/2026\/01\/695d414cd6104.jpeg","datePublished":"2026-01-06T19:42:39+00:00","dateModified":"2026-01-06T19:43:03+00:00","author":{"@id":"https:\/\/laredsocial-noticias.com\/wp\/#\/schema\/person\/0ce78643f2de7aae6f6ef10e8453a6e0"},"breadcrumb":{"@id":"https:\/\/laredsocial-noticias.com\/wp\/claudia-sheinbaum-pide-a-eu-un-juicio-justo-para-nicolas-maduro\/#breadcrumb"},"inLanguage":"es","potentialAction":[{"@type":"ReadAction","target":["https:\/\/laredsocial-noticias.com\/wp\/claudia-sheinbaum-pide-a-eu-un-juicio-justo-para-nicolas-maduro\/"]}]},{"@type":"ImageObject","inLanguage":"es","@id":"https:\/\/laredsocial-noticias.com\/wp\/claudia-sheinbaum-pide-a-eu-un-juicio-justo-para-nicolas-maduro\/#primaryimage","url":"https:\/\/laredsocial-noticias.com\/wp\/wp-content\/uploads\/2026\/01\/695d414cd6104.jpeg","contentUrl":"https:\/\/laredsocial-noticias.com\/wp\/wp-content\/uploads\/2026\/01\/695d414cd6104.jpeg","width":813,"height":542},{"@type":"BreadcrumbList","@id":"https:\/\/laredsocial-noticias.com\/wp\/claudia-sheinbaum-pide-a-eu-un-juicio-justo-para-nicolas-maduro\/#breadcrumb","itemListElement":[{"@type":"ListItem","position":1,"name":"Portada","item":"https:\/\/laredsocial-noticias.com\/wp\/"},{"@type":"ListItem","position":2,"name":"Claudia Sheinbaum pide a EU un juicio justo para Nicol\u00e1s Maduro"}]},{"@type":"WebSite","@id":"https:\/\/laredsocial-noticias.com\/wp\/#website","url":"https:\/\/laredsocial-noticias.com\/wp\/","name":"NOTICIAS","description":"Lo que se ve y se dice en las redes sociales","potentialAction":[{"@type":"SearchAction","target":{"@type":"EntryPoint","urlTemplate":"https:\/\/laredsocial-noticias.com\/wp\/?s={search_term_string}"},"query-input":{"@type":"PropertyValueSpecification","valueRequired":true,"valueName":"search_term_string"}}],"inLanguage":"es"},{"@type":"Person","@id":"https:\/\/laredsocial-noticias.com\/wp\/#\/schema\/person\/0ce78643f2de7aae6f6ef10e8453a6e0","name":"Editor en Jefe","url":"https:\/\/laredsocial-noticias.com\/wp\/author\/jorgeochoa\/"}]}},"_links":{"self":[{"href":"https:\/\/laredsocial-noticias.com\/wp\/wp-json\/wp\/v2\/posts\/262222","targetHints":{"allow":["GET"]}}],"collection":[{"href":"https:\/\/laredsocial-noticias.com\/wp\/wp-json\/wp\/v2\/posts"}],"about":[{"href":"https:\/\/laredsocial-noticias.com\/wp\/wp-json\/wp\/v2\/types\/post"}],"author":[{"embeddable":true,"href":"https:\/\/laredsocial-noticias.com\/wp\/wp-json\/wp\/v2\/users\/1"}],"replies":[{"embeddable":true,"href":"https:\/\/laredsocial-noticias.com\/wp\/wp-json\/wp\/v2\/comments?post=262222"}],"version-history":[{"count":1,"href":"https:\/\/laredsocial-noticias.com\/wp\/wp-json\/wp\/v2\/posts\/262222\/revisions"}],"predecessor-version":[{"id":262223,"href":"https:\/\/laredsocial-noticias.com\/wp\/wp-json\/wp\/v2\/posts\/262222\/revisions\/262223"}],"wp:featuredmedia":[{"embeddable":true,"href":"https:\/\/laredsocial-noticias.com\/wp\/wp-json\/wp\/v2\/media\/262224"}],"wp:attachment":[{"href":"https:\/\/laredsocial-noticias.com\/wp\/wp-json\/wp\/v2\/media?parent=262222"}],"wp:term":[{"taxonomy":"category","embeddable":true,"href":"https:\/\/laredsocial-noticias.com\/wp\/wp-json\/wp\/v2\/categories?post=262222"},{"taxonomy":"post_tag","embeddable":true,"href":"https:\/\/laredsocial-noticias.com\/wp\/wp-json\/wp\/v2\/tags?post=262222"}],"curies":[{"name":"wp","href":"https:\/\/api.w.org\/{rel}","templated":true}]}}