{"id":262678,"date":"2026-01-13T19:14:18","date_gmt":"2026-01-14T01:14:18","guid":{"rendered":"https:\/\/laredsocial-noticias.com\/wp\/?p=262678"},"modified":"2026-01-13T19:14:48","modified_gmt":"2026-01-14T01:14:48","slug":"tatuaje-vivo-lleva-su-historia-del-barrio-al-lunario-con-un-concierto-que-celebra-dos-decadas-de-rock-urbano","status":"publish","type":"post","link":"https:\/\/laredsocial-noticias.com\/wp\/tatuaje-vivo-lleva-su-historia-del-barrio-al-lunario-con-un-concierto-que-celebra-dos-decadas-de-rock-urbano\/","title":{"rendered":"Tatuaje Vivo lleva su historia del barrio al Lunario con un concierto que celebra dos d\u00e9cadas de rock urbano"},"content":{"rendered":"<p><i>*Tatuaje Vivo se presentar\u00e1 este s\u00e1bado 24 de enero en el Lunario del Auditorio Nacional<\/i><\/p>\n<p><i>* Los boletos est\u00e1n a la venta en el Sistema Ticketmaster y en taquillas del inmueble<\/i><\/p>\n<p>La tarde de este martes, el rock urbano mexicano volvi\u00f3 a encontrar un punto de reuni\u00f3n simb\u00f3lico durante la rueda de prensa de <b>Tatuaje Vivo<\/b>, realizada a prop\u00f3sito de su pr\u00f3xima presentaci\u00f3n en el <b>Lunario del Auditorio Nacional<\/b>. En un ambiente de cercan\u00eda, memoria compartida y convicci\u00f3n rockera, la banda dej\u00f3 claro que el concierto programado para este s\u00e1bado 24 de enero no ser\u00e1 una fecha m\u00e1s, sino la consolidaci\u00f3n de una historia que lleva m\u00e1s de dos d\u00e9cadas escribi\u00e9ndose desde el barrio hacia escenarios emblem\u00e1ticos. Los boletos est\u00e1n a la venta en el Sistema Ticketmaster y en taquillas del inmueble.<\/p>\n<p>Omar Castro, l\u00edder, fundador y voz de la agrupaci\u00f3n, tom\u00f3 la palabra para subrayar el sentido profundo de esta nueva etapa. \u201cEste disco y este concierto resumen muchos a\u00f1os de tocar, de resistir y de creer en el rock como una forma de vida. <i>Del Barrio a la Luna<\/i> no es una met\u00e1fora: es lo que nos ha pasado como banda, crecer sin olvidar de d\u00f3nde venimos\u201d, expres\u00f3, dejando ver que el Lunario representa un punto de madurez art\u00edstica y emocional para Tatuaje Vivo. Castro remarc\u00f3 que el show est\u00e1 concebido como un recorrido por su historia, pero tambi\u00e9n como una declaraci\u00f3n de presente dentro del rock nacional.<img loading=\"lazy\" decoding=\"async\" class=\"aligncenter size-full wp-image-16190\" src=\"https:\/\/laredsocial-noticias.com\/wp\/wp-content\/uploads\/2026\/01\/TATUAJE-VIVO-LUNARIO-ENERO-2026-CARTEL.jpeg\" alt=\"\" width=\"838\" height=\"1280\" \/><\/p>\n<p>En la mesa tambi\u00e9n particip\u00f3 Alejandra Serrano, guitarrista l\u00edder, quien habl\u00f3 del sonido y del esp\u00edritu que define este nuevo material. \u201cHay una energ\u00eda distinta, m\u00e1s consciente, pero igual de visceral. Seguimos siendo una banda de calle, de escenario, de sudor, solo que ahora tocamos con la experiencia que dan los a\u00f1os\u201d, coment\u00f3. Serrano destac\u00f3 que el concierto del 24 de enero ser\u00e1 un di\u00e1logo directo con el p\u00fablico que ha acompa\u00f1ado a la banda desde finales de los noventa, cuando comenzaron a forjar su identidad en los m\u00e1rgenes del circuito comercial.<\/p>\n<p>La noche en el Lunario estar\u00e1 acompa\u00f1ada por una constelaci\u00f3n de invitados que refuerzan el car\u00e1cter comunitario del proyecto. Sobre el escenario se sumar\u00e1n figuras fundamentales del rock urbano y alternativo como <b>Gato Rockabilly<\/b>, <b>Duan Marie<\/b> de Anabanta, <b>Pedro Sandoval<\/b>, <b>El Sapo<\/b> de Destino Perdido, <b>Julio \u00c1ngeles<\/b> de Diez de Ceniza y, de manera especial, la banda <b>Concreto<\/b>, cuya presencia suma peso hist\u00f3rico y complicidad generacional a la velada.<\/p>\n<p>Con <i>Del Barrio a la Luna<\/i>, Tatuaje Vivo sintetiza una trayectoria iniciada en 1999, marcada por la autogesti\u00f3n, la carretera y una mezcla sonora que ha sabido integrar rhythm &amp; blues, hard rock, heavy rock, reggae y balada rock sin perder un eje narrativo profundamente urbano. El disco funciona como un espejo de esa evoluci\u00f3n y como una reafirmaci\u00f3n de su lugar dentro del rock hecho en M\u00e9xico, un g\u00e9nero que se mantiene vivo gracias a bandas que han sabido sostener su identidad frente al paso del tiempo.<\/p>\n<p>El concierto del s\u00e1bado 24 de enero de 2026 arrancar\u00e1 a las ocho de la noche y los boletos se encuentran disponibles a trav\u00e9s del sistema Ticketmaster y en las taquillas del inmueble. Todo apunta a que el Lunario ser\u00e1 testigo de una noche de guitarras encendidas, memoria colectiva y celebraci\u00f3n genuina, en la que Tatuaje Vivo no solo repasar\u00e1 su historia, sino que abrir\u00e1 un nuevo cap\u00edtulo para el rock urbano nacional, con la convicci\u00f3n intacta y la mirada puesta, como ellos mismos lo dicen, del barrio a la luna.<\/p>\n","protected":false},"excerpt":{"rendered":"<p>*Tatuaje Vivo se presentar\u00e1 este s\u00e1bado 24 de enero en el Lunario del Auditorio Nacional * Los boletos est\u00e1n a&#8230;<\/p>\n","protected":false},"author":1,"featured_media":262680,"comment_status":"open","ping_status":"closed","sticky":false,"template":"","format":"standard","meta":{"footnotes":""},"categories":[10720,2778],"tags":[],"class_list":["post-262678","post","type-post","status-publish","format-standard","has-post-thumbnail","hentry","category-entretenimiento","category-espectaculos"],"yoast_head":"<!-- This site is optimized with the Yoast SEO plugin v26.5 - https:\/\/yoast.com\/wordpress\/plugins\/seo\/ -->\n<title>Tatuaje Vivo lleva su historia del barrio al Lunario con un concierto que celebra dos d\u00e9cadas de rock urbano - NOTICIAS<\/title>\n<meta name=\"robots\" content=\"index, follow, max-snippet:-1, max-image-preview:large, max-video-preview:-1\" \/>\n<link rel=\"canonical\" href=\"https:\/\/laredsocial-noticias.com\/wp\/tatuaje-vivo-lleva-su-historia-del-barrio-al-lunario-con-un-concierto-que-celebra-dos-decadas-de-rock-urbano\/\" \/>\n<meta property=\"og:locale\" content=\"es_ES\" \/>\n<meta property=\"og:type\" content=\"article\" \/>\n<meta property=\"og:title\" content=\"Tatuaje Vivo lleva su historia del barrio al Lunario con un concierto que celebra dos d\u00e9cadas de rock urbano - NOTICIAS\" \/>\n<meta property=\"og:description\" content=\"*Tatuaje Vivo se presentar\u00e1 este s\u00e1bado 24 de enero en el Lunario del Auditorio Nacional * Los boletos est\u00e1n a...\" \/>\n<meta property=\"og:url\" content=\"https:\/\/laredsocial-noticias.com\/wp\/tatuaje-vivo-lleva-su-historia-del-barrio-al-lunario-con-un-concierto-que-celebra-dos-decadas-de-rock-urbano\/\" \/>\n<meta property=\"og:site_name\" content=\"NOTICIAS\" \/>\n<meta property=\"article:published_time\" content=\"2026-01-14T01:14:18+00:00\" \/>\n<meta property=\"article:modified_time\" content=\"2026-01-14T01:14:48+00:00\" \/>\n<meta name=\"author\" content=\"Editor en Jefe\" \/>\n<meta name=\"twitter:card\" content=\"summary_large_image\" \/>\n<meta name=\"twitter:label1\" content=\"Escrito por\" \/>\n\t<meta name=\"twitter:data1\" content=\"Editor en Jefe\" \/>\n\t<meta name=\"twitter:label2\" content=\"Tiempo de lectura\" \/>\n\t<meta name=\"twitter:data2\" content=\"3 minutos\" \/>\n<!-- \/ Yoast SEO plugin. -->","yoast_head_json":{"title":"Tatuaje Vivo lleva su historia del barrio al Lunario con un concierto que celebra dos d\u00e9cadas de rock urbano - NOTICIAS","robots":{"index":"index","follow":"follow","max-snippet":"max-snippet:-1","max-image-preview":"max-image-preview:large","max-video-preview":"max-video-preview:-1"},"canonical":"https:\/\/laredsocial-noticias.com\/wp\/tatuaje-vivo-lleva-su-historia-del-barrio-al-lunario-con-un-concierto-que-celebra-dos-decadas-de-rock-urbano\/","og_locale":"es_ES","og_type":"article","og_title":"Tatuaje Vivo lleva su historia del barrio al Lunario con un concierto que celebra dos d\u00e9cadas de rock urbano - NOTICIAS","og_description":"*Tatuaje Vivo se presentar\u00e1 este s\u00e1bado 24 de enero en el Lunario del Auditorio Nacional * Los boletos est\u00e1n a...","og_url":"https:\/\/laredsocial-noticias.com\/wp\/tatuaje-vivo-lleva-su-historia-del-barrio-al-lunario-con-un-concierto-que-celebra-dos-decadas-de-rock-urbano\/","og_site_name":"NOTICIAS","article_published_time":"2026-01-14T01:14:18+00:00","article_modified_time":"2026-01-14T01:14:48+00:00","author":"Editor en Jefe","twitter_card":"summary_large_image","twitter_misc":{"Escrito por":"Editor en Jefe","Tiempo de lectura":"3 minutos"},"schema":{"@context":"https:\/\/schema.org","@graph":[{"@type":"WebPage","@id":"https:\/\/laredsocial-noticias.com\/wp\/tatuaje-vivo-lleva-su-historia-del-barrio-al-lunario-con-un-concierto-que-celebra-dos-decadas-de-rock-urbano\/","url":"https:\/\/laredsocial-noticias.com\/wp\/tatuaje-vivo-lleva-su-historia-del-barrio-al-lunario-con-un-concierto-que-celebra-dos-decadas-de-rock-urbano\/","name":"Tatuaje Vivo lleva su historia del barrio al Lunario con un concierto que celebra dos d\u00e9cadas de rock urbano - NOTICIAS","isPartOf":{"@id":"https:\/\/laredsocial-noticias.com\/wp\/#website"},"primaryImageOfPage":{"@id":"https:\/\/laredsocial-noticias.com\/wp\/tatuaje-vivo-lleva-su-historia-del-barrio-al-lunario-con-un-concierto-que-celebra-dos-decadas-de-rock-urbano\/#primaryimage"},"image":{"@id":"https:\/\/laredsocial-noticias.com\/wp\/tatuaje-vivo-lleva-su-historia-del-barrio-al-lunario-con-un-concierto-que-celebra-dos-decadas-de-rock-urbano\/#primaryimage"},"thumbnailUrl":"https:\/\/laredsocial-noticias.com\/wp\/wp-content\/uploads\/2026\/01\/TATUAJE-VIVO-2026-RDP-FOTO1.jpeg","datePublished":"2026-01-14T01:14:18+00:00","dateModified":"2026-01-14T01:14:48+00:00","author":{"@id":"https:\/\/laredsocial-noticias.com\/wp\/#\/schema\/person\/0ce78643f2de7aae6f6ef10e8453a6e0"},"breadcrumb":{"@id":"https:\/\/laredsocial-noticias.com\/wp\/tatuaje-vivo-lleva-su-historia-del-barrio-al-lunario-con-un-concierto-que-celebra-dos-decadas-de-rock-urbano\/#breadcrumb"},"inLanguage":"es","potentialAction":[{"@type":"ReadAction","target":["https:\/\/laredsocial-noticias.com\/wp\/tatuaje-vivo-lleva-su-historia-del-barrio-al-lunario-con-un-concierto-que-celebra-dos-decadas-de-rock-urbano\/"]}]},{"@type":"ImageObject","inLanguage":"es","@id":"https:\/\/laredsocial-noticias.com\/wp\/tatuaje-vivo-lleva-su-historia-del-barrio-al-lunario-con-un-concierto-que-celebra-dos-decadas-de-rock-urbano\/#primaryimage","url":"https:\/\/laredsocial-noticias.com\/wp\/wp-content\/uploads\/2026\/01\/TATUAJE-VIVO-2026-RDP-FOTO1.jpeg","contentUrl":"https:\/\/laredsocial-noticias.com\/wp\/wp-content\/uploads\/2026\/01\/TATUAJE-VIVO-2026-RDP-FOTO1.jpeg","width":1156,"height":651},{"@type":"BreadcrumbList","@id":"https:\/\/laredsocial-noticias.com\/wp\/tatuaje-vivo-lleva-su-historia-del-barrio-al-lunario-con-un-concierto-que-celebra-dos-decadas-de-rock-urbano\/#breadcrumb","itemListElement":[{"@type":"ListItem","position":1,"name":"Portada","item":"https:\/\/laredsocial-noticias.com\/wp\/"},{"@type":"ListItem","position":2,"name":"Tatuaje Vivo lleva su historia del barrio al Lunario con un concierto que celebra dos d\u00e9cadas de rock urbano"}]},{"@type":"WebSite","@id":"https:\/\/laredsocial-noticias.com\/wp\/#website","url":"https:\/\/laredsocial-noticias.com\/wp\/","name":"NOTICIAS","description":"Lo que se ve y se dice en las redes sociales","potentialAction":[{"@type":"SearchAction","target":{"@type":"EntryPoint","urlTemplate":"https:\/\/laredsocial-noticias.com\/wp\/?s={search_term_string}"},"query-input":{"@type":"PropertyValueSpecification","valueRequired":true,"valueName":"search_term_string"}}],"inLanguage":"es"},{"@type":"Person","@id":"https:\/\/laredsocial-noticias.com\/wp\/#\/schema\/person\/0ce78643f2de7aae6f6ef10e8453a6e0","name":"Editor en Jefe","url":"https:\/\/laredsocial-noticias.com\/wp\/author\/jorgeochoa\/"}]}},"_links":{"self":[{"href":"https:\/\/laredsocial-noticias.com\/wp\/wp-json\/wp\/v2\/posts\/262678","targetHints":{"allow":["GET"]}}],"collection":[{"href":"https:\/\/laredsocial-noticias.com\/wp\/wp-json\/wp\/v2\/posts"}],"about":[{"href":"https:\/\/laredsocial-noticias.com\/wp\/wp-json\/wp\/v2\/types\/post"}],"author":[{"embeddable":true,"href":"https:\/\/laredsocial-noticias.com\/wp\/wp-json\/wp\/v2\/users\/1"}],"replies":[{"embeddable":true,"href":"https:\/\/laredsocial-noticias.com\/wp\/wp-json\/wp\/v2\/comments?post=262678"}],"version-history":[{"count":1,"href":"https:\/\/laredsocial-noticias.com\/wp\/wp-json\/wp\/v2\/posts\/262678\/revisions"}],"predecessor-version":[{"id":262679,"href":"https:\/\/laredsocial-noticias.com\/wp\/wp-json\/wp\/v2\/posts\/262678\/revisions\/262679"}],"wp:featuredmedia":[{"embeddable":true,"href":"https:\/\/laredsocial-noticias.com\/wp\/wp-json\/wp\/v2\/media\/262680"}],"wp:attachment":[{"href":"https:\/\/laredsocial-noticias.com\/wp\/wp-json\/wp\/v2\/media?parent=262678"}],"wp:term":[{"taxonomy":"category","embeddable":true,"href":"https:\/\/laredsocial-noticias.com\/wp\/wp-json\/wp\/v2\/categories?post=262678"},{"taxonomy":"post_tag","embeddable":true,"href":"https:\/\/laredsocial-noticias.com\/wp\/wp-json\/wp\/v2\/tags?post=262678"}],"curies":[{"name":"wp","href":"https:\/\/api.w.org\/{rel}","templated":true}]}}