{"id":262858,"date":"2026-01-17T12:24:52","date_gmt":"2026-01-17T18:24:52","guid":{"rendered":"https:\/\/laredsocial-noticias.com\/wp\/?p=262858"},"modified":"2026-01-17T12:25:14","modified_gmt":"2026-01-17T18:25:14","slug":"jamenei-defiende-que-el-gobierno-irani-debe-romperle-la-espalda-a-los-sediciosos","status":"publish","type":"post","link":"https:\/\/laredsocial-noticias.com\/wp\/jamenei-defiende-que-el-gobierno-irani-debe-romperle-la-espalda-a-los-sediciosos\/","title":{"rendered":"Jamenei defiende que el gobierno iran\u00ed debe &#8220;romperle la espalda a los sediciosos&#8221;"},"content":{"rendered":"<p>El l\u00edder supremo iran\u00ed, Al\u00ed Jamenei, defendi\u00f3 este s\u00e1bado que las autoridades &#8220;tienen la obligaci\u00f3n de romperle la espalda a los sediciosos&#8221; y culp\u00f3 al presidente estadunidense Donald Trump de los muertos en la represi\u00f3n de la reciente ola de protestas.<\/p>\n<p>&#8220;No pretendemos llevar al pa\u00eds a la guerra, pero no perdonaremos a los criminales dom\u00e9sticos (&#8230;) como tampoco perdonaremos a los criminales internacionales, peores que los criminales dom\u00e9sticos&#8221;, dijo a una masa de simpatizantes reunidos con motivo de una festividad religiosa. &#8220;La naci\u00f3n iran\u00ed debe romperle la espalda a los sediciosos, de la misma forma que quebr\u00f3 la sedici\u00f3n&#8221;, apostill\u00f3.<br \/>\nthumb<br \/>\nCiudadanos iran\u00edes residentes en Grecia sostienen banderas de Ir\u00e1n anteriores a la revoluci\u00f3n de 1979, con los emblemas del le\u00f3n y el sol, durante una manifestaci\u00f3n en apoyo del pueblo iran\u00ed frente a la Embajada de Ir\u00e1n en Atenas el 16 de enero de 2026.AFP<\/p>\n<p>Desde el 28 de diciembre, Ir\u00e1n se vio sacudido por una ola de protestas, que comenzaron entre comerciantes disgustados con la crisis econ\u00f3mica en el pa\u00eds, y pronto derivaron en una movilizaci\u00f3n contra el r\u00e9gimen teocr\u00e1tico vigente desde la revoluci\u00f3n de 1979.<\/p>\n<p>Las autoridades iran\u00edes, que califican las protestas de &#8220;terroristas&#8221; y acusan a Estados Unidos de instigarlas, desataron una campa\u00f1a de represi\u00f3n que seg\u00fan la oeneg\u00e9 Iran Human Rights (IHR), con sede en Noruega, dej\u00f3 al menos 3 mil 428 muertos. El gobierno cort\u00f3 adem\u00e1s internet desde el 8 de enero.<\/p>\n<p>Jamenei aprovech\u00f3 su alocuci\u00f3n para cargar contra Trump, quien hab\u00eda amenazado con atacar a Ir\u00e1n si el r\u00e9gimen comenzaba a ejecutar a algunos de los manifestantes detenidos.<\/p>\n<p>&#8220;Consideramos al presidente estadounidense culpable de los muertos, los da\u00f1os y las acusaciones formuladas contra la naci\u00f3n iran\u00ed&#8221;, dijo el ayatol\u00e1, en el poder desde 1989. &#8220;Todo esto fue una conspiraci\u00f3n estadounidense&#8221;, a\u00f1adi\u00f3, y dijo que &#8220;el objetivo de Estados Unidos es comerse a Ir\u00e1n (&#8230;) el objetivo es someter a Ir\u00e1n a nivel militar, pol\u00edtico y econ\u00f3mico&#8221;.<\/p>\n","protected":false},"excerpt":{"rendered":"<p>El l\u00edder supremo iran\u00ed, Al\u00ed Jamenei, defendi\u00f3 este s\u00e1bado que las autoridades &#8220;tienen la obligaci\u00f3n de romperle la espalda a&#8230;<\/p>\n","protected":false},"author":1,"featured_media":262860,"comment_status":"open","ping_status":"closed","sticky":false,"template":"","format":"standard","meta":{"footnotes":""},"categories":[101,102,6026],"tags":[],"class_list":["post-262858","post","type-post","status-publish","format-standard","has-post-thumbnail","hentry","category-internacional","category-internacionales","category-portada"],"yoast_head":"<!-- This site is optimized with the Yoast SEO plugin v26.5 - https:\/\/yoast.com\/wordpress\/plugins\/seo\/ -->\n<title>Jamenei defiende que el gobierno iran\u00ed debe &quot;romperle la espalda a los sediciosos&quot; - NOTICIAS<\/title>\n<meta name=\"robots\" content=\"index, follow, max-snippet:-1, max-image-preview:large, max-video-preview:-1\" \/>\n<link rel=\"canonical\" href=\"https:\/\/laredsocial-noticias.com\/wp\/jamenei-defiende-que-el-gobierno-irani-debe-romperle-la-espalda-a-los-sediciosos\/\" \/>\n<meta property=\"og:locale\" content=\"es_ES\" \/>\n<meta property=\"og:type\" content=\"article\" \/>\n<meta property=\"og:title\" content=\"Jamenei defiende que el gobierno iran\u00ed debe &quot;romperle la espalda a los sediciosos&quot; - NOTICIAS\" \/>\n<meta property=\"og:description\" content=\"El l\u00edder supremo iran\u00ed, Al\u00ed Jamenei, defendi\u00f3 este s\u00e1bado que las autoridades &#8220;tienen la obligaci\u00f3n de romperle la espalda a...\" \/>\n<meta property=\"og:url\" content=\"https:\/\/laredsocial-noticias.com\/wp\/jamenei-defiende-que-el-gobierno-irani-debe-romperle-la-espalda-a-los-sediciosos\/\" \/>\n<meta property=\"og:site_name\" content=\"NOTICIAS\" \/>\n<meta property=\"article:published_time\" content=\"2026-01-17T18:24:52+00:00\" \/>\n<meta property=\"article:modified_time\" content=\"2026-01-17T18:25:14+00:00\" \/>\n<meta name=\"author\" content=\"Editor en Jefe\" \/>\n<meta name=\"twitter:card\" content=\"summary_large_image\" \/>\n<meta name=\"twitter:label1\" content=\"Escrito por\" \/>\n\t<meta name=\"twitter:data1\" content=\"Editor en Jefe\" \/>\n\t<meta name=\"twitter:label2\" content=\"Tiempo de lectura\" \/>\n\t<meta name=\"twitter:data2\" content=\"2 minutos\" \/>\n<!-- \/ Yoast SEO plugin. -->","yoast_head_json":{"title":"Jamenei defiende que el gobierno iran\u00ed debe \"romperle la espalda a los sediciosos\" - NOTICIAS","robots":{"index":"index","follow":"follow","max-snippet":"max-snippet:-1","max-image-preview":"max-image-preview:large","max-video-preview":"max-video-preview:-1"},"canonical":"https:\/\/laredsocial-noticias.com\/wp\/jamenei-defiende-que-el-gobierno-irani-debe-romperle-la-espalda-a-los-sediciosos\/","og_locale":"es_ES","og_type":"article","og_title":"Jamenei defiende que el gobierno iran\u00ed debe \"romperle la espalda a los sediciosos\" - NOTICIAS","og_description":"El l\u00edder supremo iran\u00ed, Al\u00ed Jamenei, defendi\u00f3 este s\u00e1bado que las autoridades &#8220;tienen la obligaci\u00f3n de romperle la espalda a...","og_url":"https:\/\/laredsocial-noticias.com\/wp\/jamenei-defiende-que-el-gobierno-irani-debe-romperle-la-espalda-a-los-sediciosos\/","og_site_name":"NOTICIAS","article_published_time":"2026-01-17T18:24:52+00:00","article_modified_time":"2026-01-17T18:25:14+00:00","author":"Editor en Jefe","twitter_card":"summary_large_image","twitter_misc":{"Escrito por":"Editor en Jefe","Tiempo de lectura":"2 minutos"},"schema":{"@context":"https:\/\/schema.org","@graph":[{"@type":"WebPage","@id":"https:\/\/laredsocial-noticias.com\/wp\/jamenei-defiende-que-el-gobierno-irani-debe-romperle-la-espalda-a-los-sediciosos\/","url":"https:\/\/laredsocial-noticias.com\/wp\/jamenei-defiende-que-el-gobierno-irani-debe-romperle-la-espalda-a-los-sediciosos\/","name":"Jamenei defiende que el gobierno iran\u00ed debe \"romperle la espalda a los sediciosos\" - NOTICIAS","isPartOf":{"@id":"https:\/\/laredsocial-noticias.com\/wp\/#website"},"primaryImageOfPage":{"@id":"https:\/\/laredsocial-noticias.com\/wp\/jamenei-defiende-que-el-gobierno-irani-debe-romperle-la-espalda-a-los-sediciosos\/#primaryimage"},"image":{"@id":"https:\/\/laredsocial-noticias.com\/wp\/jamenei-defiende-que-el-gobierno-irani-debe-romperle-la-espalda-a-los-sediciosos\/#primaryimage"},"thumbnailUrl":"https:\/\/laredsocial-noticias.com\/wp\/wp-content\/uploads\/2026\/01\/696b9b0d64246.jpeg","datePublished":"2026-01-17T18:24:52+00:00","dateModified":"2026-01-17T18:25:14+00:00","author":{"@id":"https:\/\/laredsocial-noticias.com\/wp\/#\/schema\/person\/0ce78643f2de7aae6f6ef10e8453a6e0"},"breadcrumb":{"@id":"https:\/\/laredsocial-noticias.com\/wp\/jamenei-defiende-que-el-gobierno-irani-debe-romperle-la-espalda-a-los-sediciosos\/#breadcrumb"},"inLanguage":"es","potentialAction":[{"@type":"ReadAction","target":["https:\/\/laredsocial-noticias.com\/wp\/jamenei-defiende-que-el-gobierno-irani-debe-romperle-la-espalda-a-los-sediciosos\/"]}]},{"@type":"ImageObject","inLanguage":"es","@id":"https:\/\/laredsocial-noticias.com\/wp\/jamenei-defiende-que-el-gobierno-irani-debe-romperle-la-espalda-a-los-sediciosos\/#primaryimage","url":"https:\/\/laredsocial-noticias.com\/wp\/wp-content\/uploads\/2026\/01\/696b9b0d64246.jpeg","contentUrl":"https:\/\/laredsocial-noticias.com\/wp\/wp-content\/uploads\/2026\/01\/696b9b0d64246.jpeg","width":813,"height":542},{"@type":"BreadcrumbList","@id":"https:\/\/laredsocial-noticias.com\/wp\/jamenei-defiende-que-el-gobierno-irani-debe-romperle-la-espalda-a-los-sediciosos\/#breadcrumb","itemListElement":[{"@type":"ListItem","position":1,"name":"Portada","item":"https:\/\/laredsocial-noticias.com\/wp\/"},{"@type":"ListItem","position":2,"name":"Jamenei defiende que el gobierno iran\u00ed debe &#8220;romperle la espalda a los sediciosos&#8221;"}]},{"@type":"WebSite","@id":"https:\/\/laredsocial-noticias.com\/wp\/#website","url":"https:\/\/laredsocial-noticias.com\/wp\/","name":"NOTICIAS","description":"Lo que se ve y se dice en las redes sociales","potentialAction":[{"@type":"SearchAction","target":{"@type":"EntryPoint","urlTemplate":"https:\/\/laredsocial-noticias.com\/wp\/?s={search_term_string}"},"query-input":{"@type":"PropertyValueSpecification","valueRequired":true,"valueName":"search_term_string"}}],"inLanguage":"es"},{"@type":"Person","@id":"https:\/\/laredsocial-noticias.com\/wp\/#\/schema\/person\/0ce78643f2de7aae6f6ef10e8453a6e0","name":"Editor en Jefe","url":"https:\/\/laredsocial-noticias.com\/wp\/author\/jorgeochoa\/"}]}},"_links":{"self":[{"href":"https:\/\/laredsocial-noticias.com\/wp\/wp-json\/wp\/v2\/posts\/262858","targetHints":{"allow":["GET"]}}],"collection":[{"href":"https:\/\/laredsocial-noticias.com\/wp\/wp-json\/wp\/v2\/posts"}],"about":[{"href":"https:\/\/laredsocial-noticias.com\/wp\/wp-json\/wp\/v2\/types\/post"}],"author":[{"embeddable":true,"href":"https:\/\/laredsocial-noticias.com\/wp\/wp-json\/wp\/v2\/users\/1"}],"replies":[{"embeddable":true,"href":"https:\/\/laredsocial-noticias.com\/wp\/wp-json\/wp\/v2\/comments?post=262858"}],"version-history":[{"count":1,"href":"https:\/\/laredsocial-noticias.com\/wp\/wp-json\/wp\/v2\/posts\/262858\/revisions"}],"predecessor-version":[{"id":262859,"href":"https:\/\/laredsocial-noticias.com\/wp\/wp-json\/wp\/v2\/posts\/262858\/revisions\/262859"}],"wp:featuredmedia":[{"embeddable":true,"href":"https:\/\/laredsocial-noticias.com\/wp\/wp-json\/wp\/v2\/media\/262860"}],"wp:attachment":[{"href":"https:\/\/laredsocial-noticias.com\/wp\/wp-json\/wp\/v2\/media?parent=262858"}],"wp:term":[{"taxonomy":"category","embeddable":true,"href":"https:\/\/laredsocial-noticias.com\/wp\/wp-json\/wp\/v2\/categories?post=262858"},{"taxonomy":"post_tag","embeddable":true,"href":"https:\/\/laredsocial-noticias.com\/wp\/wp-json\/wp\/v2\/tags?post=262858"}],"curies":[{"name":"wp","href":"https:\/\/api.w.org\/{rel}","templated":true}]}}