{"id":262950,"date":"2026-01-19T07:26:36","date_gmt":"2026-01-19T13:26:36","guid":{"rendered":"https:\/\/laredsocial-noticias.com\/wp\/?p=262950"},"modified":"2026-01-19T07:27:08","modified_gmt":"2026-01-19T13:27:08","slug":"los-angeles-negros-llegan-al-metropolitan-con-su-gira-grandes-exitos","status":"publish","type":"post","link":"https:\/\/laredsocial-noticias.com\/wp\/los-angeles-negros-llegan-al-metropolitan-con-su-gira-grandes-exitos\/","title":{"rendered":"Los \u00c1ngeles Negros llegan al Metropolitan con su gira \u201cGrandes \u00c9xitos\u201d"},"content":{"rendered":"<p><i>*Se presentar\u00e1n este <b>domingo 1 de marzo<\/b> en el <b>Teatro Metrop\u00f3litan<\/b> a partir de las <b>6 de la tarde<\/b><\/i><\/p>\n<p><i>*Los boletos para este concierto ya se encuentran disponibles a trav\u00e9s del sistema Ticketmaster, as\u00ed como en las taquillas del inmueble<\/i><\/p>\n<p>Los <b>\u00c1ngeles Negros<\/b> volver\u00e1n a encontrarse con el p\u00fablico capitalino este <b>domingo 1 de marzo<\/b>, cuando se presenten en el <b>Teatro Metrop\u00f3litan<\/b> a partir de las <b>6 de la tarde<\/b>, en una cita que promete convertirse en una velada profundamente emotiva y cargada de memoria musical. Los boletos para este concierto ya se encuentran disponibles a trav\u00e9s del sistema <b>Ticketmaster<\/b>, as\u00ed como en las <b>taquillas del inmueble<\/b>, lo que permite asegurar con anticipaci\u00f3n el acceso a una noche marcada por la nostalgia y el romanticismo que han definido a la agrupaci\u00f3n durante m\u00e1s de cinco d\u00e9cadas.<\/p>\n<p>La presentaci\u00f3n forma parte de la gira <b>\u201cGrandes \u00c9xitos\u201d<\/b>, un recorrido que garantiza un repaso exhaustivo por las canciones que han acompa\u00f1ado generaciones enteras y que han convertido a Los \u00c1ngeles Negros en una referencia obligada de la m\u00fasica rom\u00e1ntica en Latinoam\u00e9rica. Temas que han servido de refugio emocional, de banda sonora para amores imposibles, despedidas silenciosas y recuerdos imborrables, volver\u00e1n a cobrar vida sobre el escenario del Metrop\u00f3litan, reafirmando que su repertorio no conoce el paso del tiempo.<\/p>\n<p>En esta ocasi\u00f3n, la agrupaci\u00f3n estar\u00e1 acompa\u00f1ada por <b>Los Chicanos<\/b> y <b>Freddy Torres<\/b>, invitados especiales que sumar\u00e1n matices y complicidad musical a una noche concebida como un encuentro entre distintas sensibilidades, todas unidas por el hilo conductor de la emoci\u00f3n. Su participaci\u00f3n enriquecer\u00e1 una velada pensada para escucharse con atenci\u00f3n y sentirse sin reservas, en un teatro que hist\u00f3ricamente ha sido testigo de conciertos memorables.<img loading=\"lazy\" decoding=\"async\" class=\"aligncenter size-full wp-image-16401\" src=\"https:\/\/laredsocial-noticias.com\/wp\/wp-content\/uploads\/2026\/01\/ANGELES-NEGROS-GIRA-GRANDES-EXITOS-MARZO-2026-METROPOLITAN-CARTEL.jpg\" alt=\"\" width=\"512\" height=\"640\" \/><\/p>\n<p>Este concierto se inscribe tambi\u00e9n en una etapa significativa para Los \u00c1ngeles Negros, marcada por el <b>homenaje permanente a su fundador, Mario Hern\u00e1n Guti\u00e9rrez Contreras<\/b>, figura esencial no solo en la historia del grupo, sino en la construcci\u00f3n de una est\u00e9tica rom\u00e1ntica que fusion\u00f3 balada, bolero y bolero-beat con una identidad propia. A trav\u00e9s de la gira \u201cGrandes \u00c9xitos\u201d, el legado de Guti\u00e9rrez se mantiene vivo en cada acorde, en cada arreglo y en la respuesta emocional de un p\u00fablico que sigue encontrando consuelo y belleza en sus canciones.<\/p>\n<p>En paralelo a esta etapa, la agrupaci\u00f3n ha reforzado su v\u00ednculo con nuevas audiencias a trav\u00e9s de proyectos como el \u00e1lbum sinf\u00f3nico <b>\u201cGuitarra Suena Otra Vez\u201d<\/b>, grabado en vivo en el Auditorio Nacional, una obra que dialoga con su historia y la proyecta hacia el presente sin perder esencia. Ese esp\u00edritu de reencuentro con las ra\u00edces y de celebraci\u00f3n de su legado es el que se traslada ahora al escenario del Metrop\u00f3litan.<\/p>\n<p>La cita del <b>domingo 1 de marzo<\/b> se perfila as\u00ed como un reencuentro entre el pasado y el presente, una noche donde la melancol\u00eda se transforma en celebraci\u00f3n y donde las canciones vuelven a cumplir su funci\u00f3n m\u00e1s noble: acompa\u00f1ar. Los \u00c1ngeles Negros llegan al Teatro Metrop\u00f3litan con la certeza de que su m\u00fasica sigue siendo un idioma universal, capaz de unir generaciones en torno a emociones que no envejecen y que, una vez m\u00e1s, encontrar\u00e1n eco en el coraz\u00f3n del p\u00fablico. Los boletos para este concierto ya se encuentran disponibles a trav\u00e9s del sistema Ticketmaster, as\u00ed como en las taquillas del inmueble.<\/p>\n","protected":false},"excerpt":{"rendered":"<p>*Se presentar\u00e1n este domingo 1 de marzo en el Teatro Metrop\u00f3litan a partir de las 6 de la tarde *Los&#8230;<\/p>\n","protected":false},"author":1,"featured_media":262952,"comment_status":"open","ping_status":"closed","sticky":false,"template":"","format":"standard","meta":{"footnotes":""},"categories":[10720,2778],"tags":[],"class_list":["post-262950","post","type-post","status-publish","format-standard","has-post-thumbnail","hentry","category-entretenimiento","category-espectaculos"],"yoast_head":"<!-- This site is optimized with the Yoast SEO plugin v26.5 - https:\/\/yoast.com\/wordpress\/plugins\/seo\/ -->\n<title>Los \u00c1ngeles Negros llegan al Metropolitan con su gira \u201cGrandes \u00c9xitos\u201d - NOTICIAS<\/title>\n<meta name=\"robots\" content=\"index, follow, max-snippet:-1, max-image-preview:large, max-video-preview:-1\" \/>\n<link rel=\"canonical\" href=\"https:\/\/laredsocial-noticias.com\/wp\/los-angeles-negros-llegan-al-metropolitan-con-su-gira-grandes-exitos\/\" \/>\n<meta property=\"og:locale\" content=\"es_ES\" \/>\n<meta property=\"og:type\" content=\"article\" \/>\n<meta property=\"og:title\" content=\"Los \u00c1ngeles Negros llegan al Metropolitan con su gira \u201cGrandes \u00c9xitos\u201d - NOTICIAS\" \/>\n<meta property=\"og:description\" content=\"*Se presentar\u00e1n este domingo 1 de marzo en el Teatro Metrop\u00f3litan a partir de las 6 de la tarde *Los...\" \/>\n<meta property=\"og:url\" content=\"https:\/\/laredsocial-noticias.com\/wp\/los-angeles-negros-llegan-al-metropolitan-con-su-gira-grandes-exitos\/\" \/>\n<meta property=\"og:site_name\" content=\"NOTICIAS\" \/>\n<meta property=\"article:published_time\" content=\"2026-01-19T13:26:36+00:00\" \/>\n<meta property=\"article:modified_time\" content=\"2026-01-19T13:27:08+00:00\" \/>\n<meta name=\"author\" content=\"Editor en Jefe\" \/>\n<meta name=\"twitter:card\" content=\"summary_large_image\" \/>\n<meta name=\"twitter:label1\" content=\"Escrito por\" \/>\n\t<meta name=\"twitter:data1\" content=\"Editor en Jefe\" \/>\n\t<meta name=\"twitter:label2\" content=\"Tiempo de lectura\" \/>\n\t<meta name=\"twitter:data2\" content=\"3 minutos\" \/>\n<!-- \/ Yoast SEO plugin. -->","yoast_head_json":{"title":"Los \u00c1ngeles Negros llegan al Metropolitan con su gira \u201cGrandes \u00c9xitos\u201d - NOTICIAS","robots":{"index":"index","follow":"follow","max-snippet":"max-snippet:-1","max-image-preview":"max-image-preview:large","max-video-preview":"max-video-preview:-1"},"canonical":"https:\/\/laredsocial-noticias.com\/wp\/los-angeles-negros-llegan-al-metropolitan-con-su-gira-grandes-exitos\/","og_locale":"es_ES","og_type":"article","og_title":"Los \u00c1ngeles Negros llegan al Metropolitan con su gira \u201cGrandes \u00c9xitos\u201d - NOTICIAS","og_description":"*Se presentar\u00e1n este domingo 1 de marzo en el Teatro Metrop\u00f3litan a partir de las 6 de la tarde *Los...","og_url":"https:\/\/laredsocial-noticias.com\/wp\/los-angeles-negros-llegan-al-metropolitan-con-su-gira-grandes-exitos\/","og_site_name":"NOTICIAS","article_published_time":"2026-01-19T13:26:36+00:00","article_modified_time":"2026-01-19T13:27:08+00:00","author":"Editor en Jefe","twitter_card":"summary_large_image","twitter_misc":{"Escrito por":"Editor en Jefe","Tiempo de lectura":"3 minutos"},"schema":{"@context":"https:\/\/schema.org","@graph":[{"@type":"WebPage","@id":"https:\/\/laredsocial-noticias.com\/wp\/los-angeles-negros-llegan-al-metropolitan-con-su-gira-grandes-exitos\/","url":"https:\/\/laredsocial-noticias.com\/wp\/los-angeles-negros-llegan-al-metropolitan-con-su-gira-grandes-exitos\/","name":"Los \u00c1ngeles Negros llegan al Metropolitan con su gira \u201cGrandes \u00c9xitos\u201d - NOTICIAS","isPartOf":{"@id":"https:\/\/laredsocial-noticias.com\/wp\/#website"},"primaryImageOfPage":{"@id":"https:\/\/laredsocial-noticias.com\/wp\/los-angeles-negros-llegan-al-metropolitan-con-su-gira-grandes-exitos\/#primaryimage"},"image":{"@id":"https:\/\/laredsocial-noticias.com\/wp\/los-angeles-negros-llegan-al-metropolitan-con-su-gira-grandes-exitos\/#primaryimage"},"thumbnailUrl":"https:\/\/laredsocial-noticias.com\/wp\/wp-content\/uploads\/2026\/01\/ANGELES-NEGROS-MAY-2025-FOTO1.jpg","datePublished":"2026-01-19T13:26:36+00:00","dateModified":"2026-01-19T13:27:08+00:00","author":{"@id":"https:\/\/laredsocial-noticias.com\/wp\/#\/schema\/person\/0ce78643f2de7aae6f6ef10e8453a6e0"},"breadcrumb":{"@id":"https:\/\/laredsocial-noticias.com\/wp\/los-angeles-negros-llegan-al-metropolitan-con-su-gira-grandes-exitos\/#breadcrumb"},"inLanguage":"es","potentialAction":[{"@type":"ReadAction","target":["https:\/\/laredsocial-noticias.com\/wp\/los-angeles-negros-llegan-al-metropolitan-con-su-gira-grandes-exitos\/"]}]},{"@type":"ImageObject","inLanguage":"es","@id":"https:\/\/laredsocial-noticias.com\/wp\/los-angeles-negros-llegan-al-metropolitan-con-su-gira-grandes-exitos\/#primaryimage","url":"https:\/\/laredsocial-noticias.com\/wp\/wp-content\/uploads\/2026\/01\/ANGELES-NEGROS-MAY-2025-FOTO1.jpg","contentUrl":"https:\/\/laredsocial-noticias.com\/wp\/wp-content\/uploads\/2026\/01\/ANGELES-NEGROS-MAY-2025-FOTO1.jpg","width":1670,"height":1452},{"@type":"BreadcrumbList","@id":"https:\/\/laredsocial-noticias.com\/wp\/los-angeles-negros-llegan-al-metropolitan-con-su-gira-grandes-exitos\/#breadcrumb","itemListElement":[{"@type":"ListItem","position":1,"name":"Portada","item":"https:\/\/laredsocial-noticias.com\/wp\/"},{"@type":"ListItem","position":2,"name":"Los \u00c1ngeles Negros llegan al Metropolitan con su gira \u201cGrandes \u00c9xitos\u201d"}]},{"@type":"WebSite","@id":"https:\/\/laredsocial-noticias.com\/wp\/#website","url":"https:\/\/laredsocial-noticias.com\/wp\/","name":"NOTICIAS","description":"Lo que se ve y se dice en las redes sociales","potentialAction":[{"@type":"SearchAction","target":{"@type":"EntryPoint","urlTemplate":"https:\/\/laredsocial-noticias.com\/wp\/?s={search_term_string}"},"query-input":{"@type":"PropertyValueSpecification","valueRequired":true,"valueName":"search_term_string"}}],"inLanguage":"es"},{"@type":"Person","@id":"https:\/\/laredsocial-noticias.com\/wp\/#\/schema\/person\/0ce78643f2de7aae6f6ef10e8453a6e0","name":"Editor en Jefe","url":"https:\/\/laredsocial-noticias.com\/wp\/author\/jorgeochoa\/"}]}},"_links":{"self":[{"href":"https:\/\/laredsocial-noticias.com\/wp\/wp-json\/wp\/v2\/posts\/262950","targetHints":{"allow":["GET"]}}],"collection":[{"href":"https:\/\/laredsocial-noticias.com\/wp\/wp-json\/wp\/v2\/posts"}],"about":[{"href":"https:\/\/laredsocial-noticias.com\/wp\/wp-json\/wp\/v2\/types\/post"}],"author":[{"embeddable":true,"href":"https:\/\/laredsocial-noticias.com\/wp\/wp-json\/wp\/v2\/users\/1"}],"replies":[{"embeddable":true,"href":"https:\/\/laredsocial-noticias.com\/wp\/wp-json\/wp\/v2\/comments?post=262950"}],"version-history":[{"count":1,"href":"https:\/\/laredsocial-noticias.com\/wp\/wp-json\/wp\/v2\/posts\/262950\/revisions"}],"predecessor-version":[{"id":262951,"href":"https:\/\/laredsocial-noticias.com\/wp\/wp-json\/wp\/v2\/posts\/262950\/revisions\/262951"}],"wp:featuredmedia":[{"embeddable":true,"href":"https:\/\/laredsocial-noticias.com\/wp\/wp-json\/wp\/v2\/media\/262952"}],"wp:attachment":[{"href":"https:\/\/laredsocial-noticias.com\/wp\/wp-json\/wp\/v2\/media?parent=262950"}],"wp:term":[{"taxonomy":"category","embeddable":true,"href":"https:\/\/laredsocial-noticias.com\/wp\/wp-json\/wp\/v2\/categories?post=262950"},{"taxonomy":"post_tag","embeddable":true,"href":"https:\/\/laredsocial-noticias.com\/wp\/wp-json\/wp\/v2\/tags?post=262950"}],"curies":[{"name":"wp","href":"https:\/\/api.w.org\/{rel}","templated":true}]}}