{"id":263139,"date":"2026-01-22T11:22:59","date_gmt":"2026-01-22T17:22:59","guid":{"rendered":"https:\/\/laredsocial-noticias.com\/wp\/?p=263139"},"modified":"2026-01-22T11:23:29","modified_gmt":"2026-01-22T17:23:29","slug":"trump-firma-en-davos-la-fundacion-de-su-consejo-de-paz-trabajara-con-la-onu","status":"publish","type":"post","link":"https:\/\/laredsocial-noticias.com\/wp\/trump-firma-en-davos-la-fundacion-de-su-consejo-de-paz-trabajara-con-la-onu\/","title":{"rendered":"Trump firma en Davos la fundaci\u00f3n de &#8220;su Consejo de Paz&#8221;; trabajar\u00e1 con la ONU"},"content":{"rendered":"<p>El presidente estadunidense, Donald Trump, firm\u00f3 este jueves en el Foro de Davos la carta fundadora de su Consejo de Paz, un organismo internacional que, seg\u00fan dijo, trabajar\u00e1 en coordinaci\u00f3n con las Naciones Unidas.<\/p>\n<p>Tras un discurso en el que pas\u00f3 revista a la situaci\u00f3n en Gaza, Ir\u00e1n, Ucrania y Venezuela, entre otros puntos calientes del planeta, el mandatario republicano estamp\u00f3 su firma en el documento.<\/p>\n<p>En el acto de presentaci\u00f3n y firma lo acompa\u00f1aron los l\u00edderes o cancilleres de 19 pa\u00edses, entre ellos el mandatario argentino, Javier Milei, y el paraguayo Santiago Pe\u00f1a.<\/p>\n<p>Tambi\u00e9n concurrieron al acto y firmaron la carta fundacional los presidentes de Indonesia y Kazajist\u00e1n, y los ministros de Exteriores de Marruecos, Arabia Saudita, Catar, Turqu\u00eda y Jordania.<br \/>\nFelicitaciones presidente Trump. La carta est\u00e1 ahora en vigor, y el Consejo de Paz es ya una organizaci\u00f3n internacional oficial&#8221;, declar\u00f3 en el acto en la estaci\u00f3n alpina suiza Karoline Leavitt, portavoz de la Casa Blanca.<\/p>\n<p>Estos de aqu\u00ed son l\u00edderes que est\u00e1n en favor de la acci\u00f3n&#8221;, porque Trump es &#8220;un presidente de acci\u00f3n&#8221;, abund\u00f3 en el acto el secretario de Estado norteamericano, Marco Rubio.<br \/>\nTrump habl\u00f3 sobre Venezuela y su gran relaci\u00f3n con su presidenta<\/p>\n<p>En su discurso, Trump reiter\u00f3 que mantiene una &#8220;gran relaci\u00f3n&#8221; con el gobierno de Delcy Rodr\u00edguez, y presumi\u00f3 de que el ataque del 3 de enero en el que las fuerzas norteamericanas capturaron en Caracas a Nicol\u00e1s Maduro bajo acusaciones de narcotr\u00e1fico fue &#8220;asombroso&#8221;.<\/p>\n<p>Aunque inicialmente el \u00f3rgano se cre\u00f3 para supervisar la reconstrucci\u00f3n de Gaza tras la guerra entre Ham\u00e1s e Israel, sus estatutos no limitan su funci\u00f3n al territorio palestino y han generado preocupaci\u00f3n de que Trump quiera que rivalice con la ONU.<\/p>\n<p>Tambi\u00e9n lanz\u00f3 un dardo a Espa\u00f1a -&#8220;quieren ir por libre&#8221; y &#8220;tendremos que hablar&#8221;- por no sumarse el pasado junio en una cumbre de la OTAN al objetivo de gastar un 5% del PIB en Defensa, como \u00e9l exig\u00eda.<br \/>\nSobre el tema de Ir\u00e1n<\/p>\n<p>Trump se refiri\u00f3 a la situaci\u00f3n en Ir\u00e1n, donde amag\u00f3 recientemente con atacar, en apoyo a los manifestantes movilizados contra el poder isl\u00e1mico y sangrientamente reprimidos, seg\u00fan denunciaron varias oeneg\u00e9s.<\/p>\n<p>Donald Trump estrechando la mano del presidente argentino Javier Milei.<\/p>\n<p>El mandatario record\u00f3 en esta ocasi\u00f3n los bombardeos de su pa\u00eds a tres centrales nucleares iran\u00edes el pasado 22 de junio, como parte de la guerra entre Israel y la rep\u00fablica isl\u00e1mica, y para impedir que Teher\u00e1n se dote de una bomba at\u00f3mica.<br \/>\nNo podemos dejar que eso ocurra&#8221;, dijo. &#8220;Ir\u00e1n quiere hablar, y hablaremos&#8221;.<\/p>\n<p>Tambi\u00e9n lanz\u00f3 un mensaje a Ham\u00e1s, el movimiento islamista palestino, advirti\u00e9ndole de que debe deponer las armas &#8220;o ser\u00e1 su fin&#8221;.<\/p>\n<p>La reci\u00e9n creada junta prev\u00e9 una membres\u00eda permanente que cuesta 1.000 millones de d\u00f3lares, y a ella est\u00e1n invitados muchos otros l\u00edderes como el ruso Vladimir Putin, el israel\u00ed Benjamin Netanyahu, el ucraniano Volodimir Zelenski y el papa Le\u00f3n XIV.<br \/>\nGiro en Groenlandia<\/p>\n<p>La primera jornada de Trump en Davos, el mi\u00e9rcoles, estuvo marcada por su cambio de postura sobre Groenlandia, cuando anunci\u00f3 que ya no impondr\u00e1 aranceles a Europa y descart\u00f3 una acci\u00f3n militar para arrebatar a Dinamarca esa isla \u00e1rtica, rica en minerales.<\/p>\n<p>El mandatario explic\u00f3 el giro tras alcanzar un &#8220;marco para un futuro acuerdo&#8221;, despu\u00e9s de reunirse con el secretario general de la OTAN, Mark Rutte.<\/p>\n<p>Y anunci\u00f3 que desiste de los aranceles previstos para el 1 de febrero contra varios pa\u00edses europeos, entre ellos Francia, Reino Unido y Alemania, que se opon\u00edan a sus pretensiones.<\/p>\n<p>Rutte coment\u00f3 este jueves que las conversaciones con Estados Unidos, que proseguir\u00e1n, buscar\u00e1n &#8220;garantizar que los chinos y los rusos no tengan acceso a la econom\u00eda de Groenlandia&#8221;, o de un punto de vista militar.<\/p>\n<p>En dicha tarea, detall\u00f3, estar\u00e1n concernidos siete pa\u00edses miembros de la OTAN: Dinamarca, Suecia, Finlandia, Noruega, Islandia, Canad\u00e1 y Estados Unidos, que deber\u00e1n &#8220;asegurarse colectivamente de que el \u00c1rtico se mantiene seguro, y los rusos y los chinos fuera de la zona&#8221;.<\/p>\n<p>Seg\u00fan indic\u00f3 a AFP una fuente cercana a las conversaciones en Davos, Estados Unidos y Dinamarca tienen adem\u00e1s previsto renegociar su acuerdo de defensa de 1951 sobre Groenlandia.<\/p>\n<p>Washington dispone de una base militar en la isla, la de Pituffik, despu\u00e9s de haber explotado una decena durante la Guerra Fr\u00eda. En virtud de ese acuerdo de Defensa, actualizado en 2004, dispone de un gran margen de maniobra en Groenlandia, previo aviso a las autoridades.<\/p>\n<p>Trump insiste en que esa vasta isla es &#8220;vital&#8221; para la seguridad de Estados Unidos y de la OTAN frente a China y Rusia, a medida que el \u00c1rtico se derrite y las superpotencias compiten por una ventaja estrat\u00e9gica en la regi\u00f3n.<\/p>\n","protected":false},"excerpt":{"rendered":"<p>El presidente estadunidense, Donald Trump, firm\u00f3 este jueves en el Foro de Davos la carta fundadora de su Consejo de&#8230;<\/p>\n","protected":false},"author":1,"featured_media":263141,"comment_status":"open","ping_status":"closed","sticky":false,"template":"","format":"standard","meta":{"footnotes":""},"categories":[101,102],"tags":[],"class_list":["post-263139","post","type-post","status-publish","format-standard","has-post-thumbnail","hentry","category-internacional","category-internacionales"],"yoast_head":"<!-- This site is optimized with the Yoast SEO plugin v26.5 - https:\/\/yoast.com\/wordpress\/plugins\/seo\/ -->\n<title>Trump firma en Davos la fundaci\u00f3n de &quot;su Consejo de Paz&quot;; trabajar\u00e1 con la ONU - NOTICIAS<\/title>\n<meta name=\"robots\" content=\"index, follow, max-snippet:-1, max-image-preview:large, max-video-preview:-1\" \/>\n<link rel=\"canonical\" href=\"https:\/\/laredsocial-noticias.com\/wp\/trump-firma-en-davos-la-fundacion-de-su-consejo-de-paz-trabajara-con-la-onu\/\" \/>\n<meta property=\"og:locale\" content=\"es_ES\" \/>\n<meta property=\"og:type\" content=\"article\" \/>\n<meta property=\"og:title\" content=\"Trump firma en Davos la fundaci\u00f3n de &quot;su Consejo de Paz&quot;; trabajar\u00e1 con la ONU - NOTICIAS\" \/>\n<meta property=\"og:description\" content=\"El presidente estadunidense, Donald Trump, firm\u00f3 este jueves en el Foro de Davos la carta fundadora de su Consejo de...\" \/>\n<meta property=\"og:url\" content=\"https:\/\/laredsocial-noticias.com\/wp\/trump-firma-en-davos-la-fundacion-de-su-consejo-de-paz-trabajara-con-la-onu\/\" \/>\n<meta property=\"og:site_name\" content=\"NOTICIAS\" \/>\n<meta property=\"article:published_time\" content=\"2026-01-22T17:22:59+00:00\" \/>\n<meta property=\"article:modified_time\" content=\"2026-01-22T17:23:29+00:00\" \/>\n<meta name=\"author\" content=\"Editor en Jefe\" \/>\n<meta name=\"twitter:card\" content=\"summary_large_image\" \/>\n<meta name=\"twitter:label1\" content=\"Escrito por\" \/>\n\t<meta name=\"twitter:data1\" content=\"Editor en Jefe\" \/>\n\t<meta name=\"twitter:label2\" content=\"Tiempo de lectura\" \/>\n\t<meta name=\"twitter:data2\" content=\"4 minutos\" \/>\n<!-- \/ Yoast SEO plugin. -->","yoast_head_json":{"title":"Trump firma en Davos la fundaci\u00f3n de \"su Consejo de Paz\"; trabajar\u00e1 con la ONU - NOTICIAS","robots":{"index":"index","follow":"follow","max-snippet":"max-snippet:-1","max-image-preview":"max-image-preview:large","max-video-preview":"max-video-preview:-1"},"canonical":"https:\/\/laredsocial-noticias.com\/wp\/trump-firma-en-davos-la-fundacion-de-su-consejo-de-paz-trabajara-con-la-onu\/","og_locale":"es_ES","og_type":"article","og_title":"Trump firma en Davos la fundaci\u00f3n de \"su Consejo de Paz\"; trabajar\u00e1 con la ONU - NOTICIAS","og_description":"El presidente estadunidense, Donald Trump, firm\u00f3 este jueves en el Foro de Davos la carta fundadora de su Consejo de...","og_url":"https:\/\/laredsocial-noticias.com\/wp\/trump-firma-en-davos-la-fundacion-de-su-consejo-de-paz-trabajara-con-la-onu\/","og_site_name":"NOTICIAS","article_published_time":"2026-01-22T17:22:59+00:00","article_modified_time":"2026-01-22T17:23:29+00:00","author":"Editor en Jefe","twitter_card":"summary_large_image","twitter_misc":{"Escrito por":"Editor en Jefe","Tiempo de lectura":"4 minutos"},"schema":{"@context":"https:\/\/schema.org","@graph":[{"@type":"WebPage","@id":"https:\/\/laredsocial-noticias.com\/wp\/trump-firma-en-davos-la-fundacion-de-su-consejo-de-paz-trabajara-con-la-onu\/","url":"https:\/\/laredsocial-noticias.com\/wp\/trump-firma-en-davos-la-fundacion-de-su-consejo-de-paz-trabajara-con-la-onu\/","name":"Trump firma en Davos la fundaci\u00f3n de \"su Consejo de Paz\"; trabajar\u00e1 con la ONU - NOTICIAS","isPartOf":{"@id":"https:\/\/laredsocial-noticias.com\/wp\/#website"},"primaryImageOfPage":{"@id":"https:\/\/laredsocial-noticias.com\/wp\/trump-firma-en-davos-la-fundacion-de-su-consejo-de-paz-trabajara-con-la-onu\/#primaryimage"},"image":{"@id":"https:\/\/laredsocial-noticias.com\/wp\/trump-firma-en-davos-la-fundacion-de-su-consejo-de-paz-trabajara-con-la-onu\/#primaryimage"},"thumbnailUrl":"https:\/\/laredsocial-noticias.com\/wp\/wp-content\/uploads\/2026\/01\/69720bdc5b203.jpeg","datePublished":"2026-01-22T17:22:59+00:00","dateModified":"2026-01-22T17:23:29+00:00","author":{"@id":"https:\/\/laredsocial-noticias.com\/wp\/#\/schema\/person\/0ce78643f2de7aae6f6ef10e8453a6e0"},"breadcrumb":{"@id":"https:\/\/laredsocial-noticias.com\/wp\/trump-firma-en-davos-la-fundacion-de-su-consejo-de-paz-trabajara-con-la-onu\/#breadcrumb"},"inLanguage":"es","potentialAction":[{"@type":"ReadAction","target":["https:\/\/laredsocial-noticias.com\/wp\/trump-firma-en-davos-la-fundacion-de-su-consejo-de-paz-trabajara-con-la-onu\/"]}]},{"@type":"ImageObject","inLanguage":"es","@id":"https:\/\/laredsocial-noticias.com\/wp\/trump-firma-en-davos-la-fundacion-de-su-consejo-de-paz-trabajara-con-la-onu\/#primaryimage","url":"https:\/\/laredsocial-noticias.com\/wp\/wp-content\/uploads\/2026\/01\/69720bdc5b203.jpeg","contentUrl":"https:\/\/laredsocial-noticias.com\/wp\/wp-content\/uploads\/2026\/01\/69720bdc5b203.jpeg","width":1200,"height":800},{"@type":"BreadcrumbList","@id":"https:\/\/laredsocial-noticias.com\/wp\/trump-firma-en-davos-la-fundacion-de-su-consejo-de-paz-trabajara-con-la-onu\/#breadcrumb","itemListElement":[{"@type":"ListItem","position":1,"name":"Portada","item":"https:\/\/laredsocial-noticias.com\/wp\/"},{"@type":"ListItem","position":2,"name":"Trump firma en Davos la fundaci\u00f3n de &#8220;su Consejo de Paz&#8221;; trabajar\u00e1 con la ONU"}]},{"@type":"WebSite","@id":"https:\/\/laredsocial-noticias.com\/wp\/#website","url":"https:\/\/laredsocial-noticias.com\/wp\/","name":"NOTICIAS","description":"Lo que se ve y se dice en las redes sociales","potentialAction":[{"@type":"SearchAction","target":{"@type":"EntryPoint","urlTemplate":"https:\/\/laredsocial-noticias.com\/wp\/?s={search_term_string}"},"query-input":{"@type":"PropertyValueSpecification","valueRequired":true,"valueName":"search_term_string"}}],"inLanguage":"es"},{"@type":"Person","@id":"https:\/\/laredsocial-noticias.com\/wp\/#\/schema\/person\/0ce78643f2de7aae6f6ef10e8453a6e0","name":"Editor en Jefe","url":"https:\/\/laredsocial-noticias.com\/wp\/author\/jorgeochoa\/"}]}},"_links":{"self":[{"href":"https:\/\/laredsocial-noticias.com\/wp\/wp-json\/wp\/v2\/posts\/263139","targetHints":{"allow":["GET"]}}],"collection":[{"href":"https:\/\/laredsocial-noticias.com\/wp\/wp-json\/wp\/v2\/posts"}],"about":[{"href":"https:\/\/laredsocial-noticias.com\/wp\/wp-json\/wp\/v2\/types\/post"}],"author":[{"embeddable":true,"href":"https:\/\/laredsocial-noticias.com\/wp\/wp-json\/wp\/v2\/users\/1"}],"replies":[{"embeddable":true,"href":"https:\/\/laredsocial-noticias.com\/wp\/wp-json\/wp\/v2\/comments?post=263139"}],"version-history":[{"count":1,"href":"https:\/\/laredsocial-noticias.com\/wp\/wp-json\/wp\/v2\/posts\/263139\/revisions"}],"predecessor-version":[{"id":263140,"href":"https:\/\/laredsocial-noticias.com\/wp\/wp-json\/wp\/v2\/posts\/263139\/revisions\/263140"}],"wp:featuredmedia":[{"embeddable":true,"href":"https:\/\/laredsocial-noticias.com\/wp\/wp-json\/wp\/v2\/media\/263141"}],"wp:attachment":[{"href":"https:\/\/laredsocial-noticias.com\/wp\/wp-json\/wp\/v2\/media?parent=263139"}],"wp:term":[{"taxonomy":"category","embeddable":true,"href":"https:\/\/laredsocial-noticias.com\/wp\/wp-json\/wp\/v2\/categories?post=263139"},{"taxonomy":"post_tag","embeddable":true,"href":"https:\/\/laredsocial-noticias.com\/wp\/wp-json\/wp\/v2\/tags?post=263139"}],"curies":[{"name":"wp","href":"https:\/\/api.w.org\/{rel}","templated":true}]}}